{"id":91698,"date":"2024-11-29T00:19:11","date_gmt":"2024-11-29T00:19:11","guid":{"rendered":"https:\/\/estado29.mx\/?p=91698"},"modified":"2024-11-29T00:19:11","modified_gmt":"2024-11-29T00:19:11","slug":"trabajan-de-manera-conjunta-policia-municipal-y-estatal-en-tequexquitla-para-garantizar-la-seguridad","status":"publish","type":"post","link":"https:\/\/estado29.mx\/?p=91698","title":{"rendered":"Trabajan de manera conjunta Polic\u00eda Municipal y Estatal en Tequexquitla para garantizar la seguridad."},"content":{"rendered":"\n<p><br>El Comisario de Seguridad P\u00fablica Vialidad y Transporte en El Carmen Tequexquitla, V\u00edctor Garc\u00eda Ch\u00e9ver, detall\u00f3 que como parte de las acciones que se implementan, con el objetivo de garantizar la seguridad de pobladores y transportistas, se trabaja de manera conjunta con Polic\u00eda Estatal.<\/p>\n\n\n\n<p><br>El Comisario de Seguridad Municipal detall\u00f3 que las corporaciones de seguridad, realizan recorridos de manera conjunta en diversos puntos de la cabecera municipal a fin de salvaguardar la integridad de los pobladores.<\/p>\n\n\n\n<p><br>Asimismo, el Comisario V\u00edctor Garc\u00eda Ch\u00e9ver, puntualiz\u00f3 que seguir\u00e1n implementando estrategias que permitan tener un municipio seguro.<\/p>\n\n\n<figure class=\"wp-block-post-featured-image\"><img loading=\"lazy\" decoding=\"async\" width=\"1600\" height=\"1200\" src=\"https:\/\/estado29.mx\/wp-content\/uploads\/2024\/11\/IMG-20241127-WA0013.jpg\" class=\"attachment-post-thumbnail size-post-thumbnail wp-post-image\" alt=\"\" style=\"object-fit:cover;\" srcset=\"https:\/\/estado29.mx\/wp-content\/uploads\/2024\/11\/IMG-20241127-WA0013.jpg 1600w, https:\/\/estado29.mx\/wp-content\/uploads\/2024\/11\/IMG-20241127-WA0013-300x225.jpg 300w, https:\/\/estado29.mx\/wp-content\/uploads\/2024\/11\/IMG-20241127-WA0013-1024x768.jpg 1024w, https:\/\/estado29.mx\/wp-content\/uploads\/2024\/11\/IMG-20241127-WA0013-768x576.jpg 768w, https:\/\/estado29.mx\/wp-content\/uploads\/2024\/11\/IMG-20241127-WA0013-1536x1152.jpg 1536w, https:\/\/estado29.mx\/wp-content\/uploads\/2024\/11\/IMG-20241127-WA0013-750x563.jpg 750w, https:\/\/estado29.mx\/wp-content\/uploads\/2024\/11\/IMG-20241127-WA0013-1140x855.jpg 1140w\" sizes=\"auto, (max-width: 1600px) 100vw, 1600px\" \/><\/figure>","protected":false},"excerpt":{"rendered":"<p>El Comisario de Seguridad P\u00fablica Vialidad y Transporte en El Carmen Tequexquitla, V\u00edctor Garc\u00eda Ch\u00e9ver, detall\u00f3 que como parte de las acciones que se implementan, con el objetivo de garantizar la seguridad de pobladores y transportistas, se trabaja de manera conjunta con Polic\u00eda Estatal. El Comisario de Seguridad Municipal detall\u00f3 que las corporaciones de seguridad, [&hellip;]<\/p>\n","protected":false},"author":7,"featured_media":91699,"comment_status":"open","ping_status":"open","sticky":false,"template":"","format":"standard","meta":{"om_disable_all_campaigns":false,"_monsterinsights_skip_tracking":false,"_monsterinsights_sitenote_active":false,"_monsterinsights_sitenote_note":"","_monsterinsights_sitenote_category":0,"jnews-multi-image_gallery":[],"jnews_single_post":{"subtitle":"","format":"standard","video":"","gallery":"","source_name":"","source_url":"","via_name":"","via_url":"","override_template":"0","override":[{"template":"1","single_blog_custom":"","parallax":"1","fullscreen":"1","layout":"right-sidebar","sidebar":"default-sidebar","second_sidebar":"default-sidebar","sticky_sidebar":"1","share_position":"top","share_float_style":"share-monocrhome","show_share_counter":"1","show_view_counter":"1","show_featured":"1","show_post_meta":"1","show_post_author":"1","show_post_author_image":"1","show_post_date":"1","post_date_format":"default","post_date_format_custom":"Y\/m\/d","show_post_category":"1","show_post_reading_time":"0","post_reading_time_wpm":"300","show_zoom_button":"0","zoom_button_out_step":"2","zoom_button_in_step":"3","show_post_tag":"1","show_prev_next_post":"1","show_popup_post":"1","number_popup_post":"1","show_author_box":"1","show_post_related":"0","show_inline_post_related":"0"}],"override_image_size":"0","image_override":[{"single_post_thumbnail_size":"crop-500","single_post_gallery_size":"crop-500"}],"trending_post":"0","trending_post_position":"meta","trending_post_label":"Trending","sponsored_post":"0","sponsored_post_label":"Sponsored by","sponsored_post_name":"","sponsored_post_url":"","sponsored_post_logo_enable":"0","sponsored_post_logo":"","sponsored_post_desc":"","disable_ad":"0"},"jnews_primary_category":{"id":""},"footnotes":""},"categories":[1],"tags":[],"class_list":["post-91698","post","type-post","status-publish","format-standard","has-post-thumbnail","hentry","category-uncategorized"],"aioseo_notices":[],"_links":{"self":[{"href":"https:\/\/estado29.mx\/index.php?rest_route=\/wp\/v2\/posts\/91698","targetHints":{"allow":["GET"]}}],"collection":[{"href":"https:\/\/estado29.mx\/index.php?rest_route=\/wp\/v2\/posts"}],"about":[{"href":"https:\/\/estado29.mx\/index.php?rest_route=\/wp\/v2\/types\/post"}],"author":[{"embeddable":true,"href":"https:\/\/estado29.mx\/index.php?rest_route=\/wp\/v2\/users\/7"}],"replies":[{"embeddable":true,"href":"https:\/\/estado29.mx\/index.php?rest_route=%2Fwp%2Fv2%2Fcomments&post=91698"}],"version-history":[{"count":1,"href":"https:\/\/estado29.mx\/index.php?rest_route=\/wp\/v2\/posts\/91698\/revisions"}],"predecessor-version":[{"id":91700,"href":"https:\/\/estado29.mx\/index.php?rest_route=\/wp\/v2\/posts\/91698\/revisions\/91700"}],"wp:featuredmedia":[{"embeddable":true,"href":"https:\/\/estado29.mx\/index.php?rest_route=\/wp\/v2\/media\/91699"}],"wp:attachment":[{"href":"https:\/\/estado29.mx\/index.php?rest_route=%2Fwp%2Fv2%2Fmedia&parent=91698"}],"wp:term":[{"taxonomy":"category","embeddable":true,"href":"https:\/\/estado29.mx\/index.php?rest_route=%2Fwp%2Fv2%2Fcategories&post=91698"},{"taxonomy":"post_tag","embeddable":true,"href":"https:\/\/estado29.mx\/index.php?rest_route=%2Fwp%2Fv2%2Ftags&post=91698"}],"curies":[{"name":"wp","href":"https:\/\/api.w.org\/{rel}","templated":true}]}}