{"id":91707,"date":"2024-11-29T20:49:46","date_gmt":"2024-11-29T20:49:46","guid":{"rendered":"https:\/\/estado29.mx\/?p=91707"},"modified":"2024-11-29T20:49:47","modified_gmt":"2024-11-29T20:49:47","slug":"destaca-director-de-agua-potable-en-tequexquitla-perforacion-de-pozos-en-comunidades-que-sufrian-desabasto-del-vital-liquido","status":"publish","type":"post","link":"https:\/\/estado29.mx\/?p=91707","title":{"rendered":"Destaca Director de agua Potable en Tequexquitla perforaci\u00f3n de pozos en comunidades que sufr\u00edan desabasto del vital l\u00edquido."},"content":{"rendered":"\n<p><br>El Director de Agua Potable y Saneamiento en El Carmen Tequexquitla, Antonio Quintero Santamar\u00eda, destac\u00f3 que como parte de las acciones de alto impacto que se han realizado, est\u00e1 la perforaci\u00f3n de dos pozos, uno en Colonia Mazatepec Norte y otro en Barrio de Guadalupe.<\/p>\n\n\n\n<p><br>El Director de Agua Potable y Saneamiento, agreg\u00f3 que en lo que respecta al pozo en Colonia Mazatepec Norte, actualmente el 90 por ciento de los pobladores ya cuentan con el vital l\u00edquido.<\/p>\n\n\n\n<p><br>Asimismo, coment\u00f3 que estas comunidades, por a\u00f1os hab\u00edan sufrido el desabasto de agua, como consecuencia de la escasez de lluvias que se hab\u00eda tenido, lo que represent\u00f3 un problema para los pobladores de esas zonas.<\/p>\n\n\n\n<p><br>Para finalizar, Antonio Quintero Santamar\u00eda, hizo la invitaci\u00f3n a los habitantes de Tequexquitla, a ponerse al corriente con el pago por este servicio, ya que de esta manera, se brindar\u00e1n mejores condiciones en el abastecimiento de agua.<\/p>\n\n\n<figure class=\"wp-block-post-featured-image\"><img loading=\"lazy\" decoding=\"async\" width=\"1200\" height=\"1600\" src=\"https:\/\/estado29.mx\/wp-content\/uploads\/2024\/11\/IMG-20241128-WA0016.jpg\" class=\"attachment-post-thumbnail size-post-thumbnail wp-post-image\" alt=\"\" style=\"object-fit:cover;\" srcset=\"https:\/\/estado29.mx\/wp-content\/uploads\/2024\/11\/IMG-20241128-WA0016.jpg 1200w, https:\/\/estado29.mx\/wp-content\/uploads\/2024\/11\/IMG-20241128-WA0016-225x300.jpg 225w, https:\/\/estado29.mx\/wp-content\/uploads\/2024\/11\/IMG-20241128-WA0016-768x1024.jpg 768w, https:\/\/estado29.mx\/wp-content\/uploads\/2024\/11\/IMG-20241128-WA0016-1152x1536.jpg 1152w, https:\/\/estado29.mx\/wp-content\/uploads\/2024\/11\/IMG-20241128-WA0016-750x1000.jpg 750w, https:\/\/estado29.mx\/wp-content\/uploads\/2024\/11\/IMG-20241128-WA0016-1140x1520.jpg 1140w\" sizes=\"auto, (max-width: 1200px) 100vw, 1200px\" \/><\/figure>","protected":false},"excerpt":{"rendered":"<p>El Director de Agua Potable y Saneamiento en El Carmen Tequexquitla, Antonio Quintero Santamar\u00eda, destac\u00f3 que como parte de las acciones de alto impacto que se han realizado, est\u00e1 la perforaci\u00f3n de dos pozos, uno en Colonia Mazatepec Norte y otro en Barrio de Guadalupe. El Director de Agua Potable y Saneamiento, agreg\u00f3 que en [&hellip;]<\/p>\n","protected":false},"author":7,"featured_media":91708,"comment_status":"open","ping_status":"open","sticky":false,"template":"","format":"standard","meta":{"om_disable_all_campaigns":false,"_monsterinsights_skip_tracking":false,"_monsterinsights_sitenote_active":false,"_monsterinsights_sitenote_note":"","_monsterinsights_sitenote_category":0,"jnews-multi-image_gallery":[],"jnews_single_post":{"subtitle":"","format":"standard","video":"","gallery":"","source_name":"","source_url":"","via_name":"","via_url":"","override_template":"0","override":[{"template":"1","single_blog_custom":"","parallax":"1","fullscreen":"1","layout":"right-sidebar","sidebar":"default-sidebar","second_sidebar":"default-sidebar","sticky_sidebar":"1","share_position":"top","share_float_style":"share-monocrhome","show_share_counter":"1","show_view_counter":"1","show_featured":"1","show_post_meta":"1","show_post_author":"1","show_post_author_image":"1","show_post_date":"1","post_date_format":"default","post_date_format_custom":"Y\/m\/d","show_post_category":"1","show_post_reading_time":"0","post_reading_time_wpm":"300","show_zoom_button":"0","zoom_button_out_step":"2","zoom_button_in_step":"3","show_post_tag":"1","show_prev_next_post":"1","show_popup_post":"1","number_popup_post":"1","show_author_box":"1","show_post_related":"0","show_inline_post_related":"0"}],"override_image_size":"0","image_override":[{"single_post_thumbnail_size":"crop-500","single_post_gallery_size":"crop-500"}],"trending_post":"0","trending_post_position":"meta","trending_post_label":"Trending","sponsored_post":"0","sponsored_post_label":"Sponsored by","sponsored_post_name":"","sponsored_post_url":"","sponsored_post_logo_enable":"0","sponsored_post_logo":"","sponsored_post_desc":"","disable_ad":"0"},"jnews_primary_category":{"id":""},"footnotes":""},"categories":[1],"tags":[],"class_list":["post-91707","post","type-post","status-publish","format-standard","has-post-thumbnail","hentry","category-uncategorized"],"aioseo_notices":[],"_links":{"self":[{"href":"https:\/\/estado29.mx\/index.php?rest_route=\/wp\/v2\/posts\/91707","targetHints":{"allow":["GET"]}}],"collection":[{"href":"https:\/\/estado29.mx\/index.php?rest_route=\/wp\/v2\/posts"}],"about":[{"href":"https:\/\/estado29.mx\/index.php?rest_route=\/wp\/v2\/types\/post"}],"author":[{"embeddable":true,"href":"https:\/\/estado29.mx\/index.php?rest_route=\/wp\/v2\/users\/7"}],"replies":[{"embeddable":true,"href":"https:\/\/estado29.mx\/index.php?rest_route=%2Fwp%2Fv2%2Fcomments&post=91707"}],"version-history":[{"count":1,"href":"https:\/\/estado29.mx\/index.php?rest_route=\/wp\/v2\/posts\/91707\/revisions"}],"predecessor-version":[{"id":91709,"href":"https:\/\/estado29.mx\/index.php?rest_route=\/wp\/v2\/posts\/91707\/revisions\/91709"}],"wp:featuredmedia":[{"embeddable":true,"href":"https:\/\/estado29.mx\/index.php?rest_route=\/wp\/v2\/media\/91708"}],"wp:attachment":[{"href":"https:\/\/estado29.mx\/index.php?rest_route=%2Fwp%2Fv2%2Fmedia&parent=91707"}],"wp:term":[{"taxonomy":"category","embeddable":true,"href":"https:\/\/estado29.mx\/index.php?rest_route=%2Fwp%2Fv2%2Fcategories&post=91707"},{"taxonomy":"post_tag","embeddable":true,"href":"https:\/\/estado29.mx\/index.php?rest_route=%2Fwp%2Fv2%2Ftags&post=91707"}],"curies":[{"name":"wp","href":"https:\/\/api.w.org\/{rel}","templated":true}]}}