{"id":91718,"date":"2024-11-29T21:00:20","date_gmt":"2024-11-29T21:00:20","guid":{"rendered":"https:\/\/estado29.mx\/?p=91718"},"modified":"2024-11-29T21:01:14","modified_gmt":"2024-11-29T21:01:14","slug":"se-lleva-a-cabo-en-cuapiaxtla-la-expo-venta-mujeres-emprendedoras","status":"publish","type":"post","link":"https:\/\/estado29.mx\/?p=91718","title":{"rendered":"Se lleva a cabo en Cuapiaxtla la \u201cExpo-Venta Mujeres Emprendedoras\u201d."},"content":{"rendered":"\n<p><br>Hoy viernes 29 de noviembre del a\u00f1o en curso, se llev\u00f3 a cabo en el municipio de Cuapiaxtla la \u201cExpo-Venta Mujeres Emprendedoras\u201d, en la que participaron al menos treinta mujeres de la regi\u00f3n.<\/p>\n\n\n\n<figure class=\"wp-block-image size-large\"><img loading=\"lazy\" decoding=\"async\" width=\"1024\" height=\"768\" src=\"https:\/\/estado29.mx\/wp-content\/uploads\/2024\/11\/IMG_20241129_124102-min-1024x768.jpg\" alt=\"\" class=\"wp-image-91720\" srcset=\"https:\/\/estado29.mx\/wp-content\/uploads\/2024\/11\/IMG_20241129_124102-min-1024x768.jpg 1024w, https:\/\/estado29.mx\/wp-content\/uploads\/2024\/11\/IMG_20241129_124102-min-300x225.jpg 300w, https:\/\/estado29.mx\/wp-content\/uploads\/2024\/11\/IMG_20241129_124102-min-768x576.jpg 768w, https:\/\/estado29.mx\/wp-content\/uploads\/2024\/11\/IMG_20241129_124102-min-1536x1152.jpg 1536w, https:\/\/estado29.mx\/wp-content\/uploads\/2024\/11\/IMG_20241129_124102-min-2048x1536.jpg 2048w, https:\/\/estado29.mx\/wp-content\/uploads\/2024\/11\/IMG_20241129_124102-min-750x563.jpg 750w, https:\/\/estado29.mx\/wp-content\/uploads\/2024\/11\/IMG_20241129_124102-min-1140x855.jpg 1140w\" sizes=\"auto, (max-width: 1024px) 100vw, 1024px\" \/><\/figure>\n\n\n\n<p><br>Evento organizado por el Instituto Estatal de la Mujer, a trav\u00e9s del \u00e1rea de Empoderamiento Econ\u00f3mico, la Red Estatal de Mujeres Emprendedoras, en coordinaci\u00f3n con el Ayuntamiento de Cuapiaxtla, Yuliana \u00c1guila, refiri\u00f3 que estas acciones se realizan con el objetivo de estas acciones es dar a conocer productos elaborados estas mujeres, mediante el programa \u201cConoce Tlaxcala a Trav\u00e9s de sus Emprendedoras\u201d, en donde otro de los objetivos es ayudar a estas mujeres en cuanto a la creaci\u00f3n de sus marcas.<\/p>\n\n\n\n<figure class=\"wp-block-image size-large\"><img loading=\"lazy\" decoding=\"async\" width=\"1024\" height=\"768\" src=\"https:\/\/estado29.mx\/wp-content\/uploads\/2024\/11\/IMG_20241129_124054-min-1024x768.jpg\" alt=\"\" class=\"wp-image-91721\" srcset=\"https:\/\/estado29.mx\/wp-content\/uploads\/2024\/11\/IMG_20241129_124054-min-1024x768.jpg 1024w, https:\/\/estado29.mx\/wp-content\/uploads\/2024\/11\/IMG_20241129_124054-min-300x225.jpg 300w, https:\/\/estado29.mx\/wp-content\/uploads\/2024\/11\/IMG_20241129_124054-min-768x576.jpg 768w, https:\/\/estado29.mx\/wp-content\/uploads\/2024\/11\/IMG_20241129_124054-min-1536x1152.jpg 1536w, https:\/\/estado29.mx\/wp-content\/uploads\/2024\/11\/IMG_20241129_124054-min-2048x1536.jpg 2048w, https:\/\/estado29.mx\/wp-content\/uploads\/2024\/11\/IMG_20241129_124054-min-750x563.jpg 750w, https:\/\/estado29.mx\/wp-content\/uploads\/2024\/11\/IMG_20241129_124054-min-1140x855.jpg 1140w\" sizes=\"auto, (max-width: 1024px) 100vw, 1024px\" \/><\/figure>\n\n\n\n<p><br>Asimismo, Cristina Barrientos Rodr\u00edguez, Directora del Instituto Municipal de la Mujer en Cuapiaxtla, dijo que mediante estas acciones se brinda apoyo al emprendimiento de las mujeres a manera de dar impulso y crecimiento en la mujer.<\/p>\n\n\n\n<figure class=\"wp-block-image size-large\"><img loading=\"lazy\" decoding=\"async\" width=\"1024\" height=\"768\" src=\"https:\/\/estado29.mx\/wp-content\/uploads\/2024\/11\/IMG_20241129_124129-min-1024x768.jpg\" alt=\"\" class=\"wp-image-91722\" srcset=\"https:\/\/estado29.mx\/wp-content\/uploads\/2024\/11\/IMG_20241129_124129-min-1024x768.jpg 1024w, https:\/\/estado29.mx\/wp-content\/uploads\/2024\/11\/IMG_20241129_124129-min-300x225.jpg 300w, https:\/\/estado29.mx\/wp-content\/uploads\/2024\/11\/IMG_20241129_124129-min-768x576.jpg 768w, https:\/\/estado29.mx\/wp-content\/uploads\/2024\/11\/IMG_20241129_124129-min-1536x1152.jpg 1536w, https:\/\/estado29.mx\/wp-content\/uploads\/2024\/11\/IMG_20241129_124129-min-2048x1536.jpg 2048w, https:\/\/estado29.mx\/wp-content\/uploads\/2024\/11\/IMG_20241129_124129-min-750x563.jpg 750w, https:\/\/estado29.mx\/wp-content\/uploads\/2024\/11\/IMG_20241129_124129-min-1140x855.jpg 1140w\" sizes=\"auto, (max-width: 1024px) 100vw, 1024px\" \/><\/figure>\n\n\n\n<p><br>Para finalizar, la Directora del Instituto Municipal de la Mujer en Cuapiaxtla, hizo extensa la invitaci\u00f3n para aquellas mujeres que deseen sumarse a estos emprendimientos.<\/p>\n\n\n<figure class=\"wp-block-post-featured-image\"><img loading=\"lazy\" decoding=\"async\" width=\"2560\" height=\"1920\" src=\"https:\/\/estado29.mx\/wp-content\/uploads\/2024\/11\/IMG_20241129_123954-min-scaled.jpg\" class=\"attachment-post-thumbnail size-post-thumbnail wp-post-image\" alt=\"\" style=\"object-fit:cover;\" srcset=\"https:\/\/estado29.mx\/wp-content\/uploads\/2024\/11\/IMG_20241129_123954-min-scaled.jpg 2560w, https:\/\/estado29.mx\/wp-content\/uploads\/2024\/11\/IMG_20241129_123954-min-300x225.jpg 300w, https:\/\/estado29.mx\/wp-content\/uploads\/2024\/11\/IMG_20241129_123954-min-1024x768.jpg 1024w, https:\/\/estado29.mx\/wp-content\/uploads\/2024\/11\/IMG_20241129_123954-min-768x576.jpg 768w, https:\/\/estado29.mx\/wp-content\/uploads\/2024\/11\/IMG_20241129_123954-min-1536x1152.jpg 1536w, https:\/\/estado29.mx\/wp-content\/uploads\/2024\/11\/IMG_20241129_123954-min-2048x1536.jpg 2048w, https:\/\/estado29.mx\/wp-content\/uploads\/2024\/11\/IMG_20241129_123954-min-750x563.jpg 750w, https:\/\/estado29.mx\/wp-content\/uploads\/2024\/11\/IMG_20241129_123954-min-1140x855.jpg 1140w\" sizes=\"auto, (max-width: 2560px) 100vw, 2560px\" \/><\/figure>","protected":false},"excerpt":{"rendered":"<p>Hoy viernes 29 de noviembre del a\u00f1o en curso, se llev\u00f3 a cabo en el municipio de Cuapiaxtla la \u201cExpo-Venta Mujeres Emprendedoras\u201d, en la que participaron al menos treinta mujeres de la regi\u00f3n. Evento organizado por el Instituto Estatal de la Mujer, a trav\u00e9s del \u00e1rea de Empoderamiento Econ\u00f3mico, la Red Estatal de Mujeres Emprendedoras, [&hellip;]<\/p>\n","protected":false},"author":7,"featured_media":91719,"comment_status":"open","ping_status":"open","sticky":false,"template":"","format":"standard","meta":{"om_disable_all_campaigns":false,"_monsterinsights_skip_tracking":false,"_monsterinsights_sitenote_active":false,"_monsterinsights_sitenote_note":"","_monsterinsights_sitenote_category":0,"jnews-multi-image_gallery":[],"jnews_single_post":{"subtitle":"","format":"standard","video":"","gallery":"","source_name":"","source_url":"","via_name":"","via_url":"","override_template":"0","override":[{"template":"1","single_blog_custom":"","parallax":"1","fullscreen":"1","layout":"right-sidebar","sidebar":"default-sidebar","second_sidebar":"default-sidebar","sticky_sidebar":"1","share_position":"top","share_float_style":"share-monocrhome","show_share_counter":"1","show_view_counter":"1","show_featured":"1","show_post_meta":"1","show_post_author":"1","show_post_author_image":"1","show_post_date":"1","post_date_format":"default","post_date_format_custom":"Y\/m\/d","show_post_category":"1","show_post_reading_time":"0","post_reading_time_wpm":"300","show_zoom_button":"0","zoom_button_out_step":"2","zoom_button_in_step":"3","show_post_tag":"1","show_prev_next_post":"1","show_popup_post":"1","number_popup_post":"1","show_author_box":"1","show_post_related":"0","show_inline_post_related":"0"}],"override_image_size":"0","image_override":[{"single_post_thumbnail_size":"crop-500","single_post_gallery_size":"crop-500"}],"trending_post":"0","trending_post_position":"meta","trending_post_label":"Trending","sponsored_post":"0","sponsored_post_label":"Sponsored by","sponsored_post_name":"","sponsored_post_url":"","sponsored_post_logo_enable":"0","sponsored_post_logo":"","sponsored_post_desc":"","disable_ad":"0"},"jnews_primary_category":{"id":""},"footnotes":""},"categories":[1],"tags":[],"class_list":["post-91718","post","type-post","status-publish","format-standard","has-post-thumbnail","hentry","category-uncategorized"],"aioseo_notices":[],"_links":{"self":[{"href":"https:\/\/estado29.mx\/index.php?rest_route=\/wp\/v2\/posts\/91718","targetHints":{"allow":["GET"]}}],"collection":[{"href":"https:\/\/estado29.mx\/index.php?rest_route=\/wp\/v2\/posts"}],"about":[{"href":"https:\/\/estado29.mx\/index.php?rest_route=\/wp\/v2\/types\/post"}],"author":[{"embeddable":true,"href":"https:\/\/estado29.mx\/index.php?rest_route=\/wp\/v2\/users\/7"}],"replies":[{"embeddable":true,"href":"https:\/\/estado29.mx\/index.php?rest_route=%2Fwp%2Fv2%2Fcomments&post=91718"}],"version-history":[{"count":1,"href":"https:\/\/estado29.mx\/index.php?rest_route=\/wp\/v2\/posts\/91718\/revisions"}],"predecessor-version":[{"id":91723,"href":"https:\/\/estado29.mx\/index.php?rest_route=\/wp\/v2\/posts\/91718\/revisions\/91723"}],"wp:featuredmedia":[{"embeddable":true,"href":"https:\/\/estado29.mx\/index.php?rest_route=\/wp\/v2\/media\/91719"}],"wp:attachment":[{"href":"https:\/\/estado29.mx\/index.php?rest_route=%2Fwp%2Fv2%2Fmedia&parent=91718"}],"wp:term":[{"taxonomy":"category","embeddable":true,"href":"https:\/\/estado29.mx\/index.php?rest_route=%2Fwp%2Fv2%2Fcategories&post=91718"},{"taxonomy":"post_tag","embeddable":true,"href":"https:\/\/estado29.mx\/index.php?rest_route=%2Fwp%2Fv2%2Ftags&post=91718"}],"curies":[{"name":"wp","href":"https:\/\/api.w.org\/{rel}","templated":true}]}}