{"id":91730,"date":"2024-11-29T22:19:30","date_gmt":"2024-11-29T22:19:30","guid":{"rendered":"https:\/\/estado29.mx\/?p=91730"},"modified":"2024-11-29T22:19:31","modified_gmt":"2024-11-29T22:19:31","slug":"se-lleva-a-cabo-en-barrio-de-santa-anita-huamantla-primera-jornada-de-salud","status":"publish","type":"post","link":"https:\/\/estado29.mx\/?p=91730","title":{"rendered":"Se lleva a cabo en Barrio de Santa Anita Huamantla \u201cPrimera Jornada de Salud."},"content":{"rendered":"\n<p><\/p>\n\n\n\n<p>Este viernes 29 de noviembre, se llev\u00f3 a cabo en el Barrio de Santa Anita, perteneciente al Municipio de Huamantla, la \u201cPrimera Jornada de Salud\u201d, Ivonne Sosa Hern\u00e1ndez, presidenta de comunidad, refiri\u00f3 que el objetivo de estas acciones es acercar a los pobladores, los servicios m\u00e9dicos, para garantizar su bienestar.<\/p>\n\n\n\n<figure class=\"wp-block-image size-large\"><img loading=\"lazy\" decoding=\"async\" width=\"768\" height=\"1024\" src=\"https:\/\/estado29.mx\/wp-content\/uploads\/2024\/11\/IMG-20241129-WA0057-768x1024.jpg\" alt=\"\" class=\"wp-image-91732\" srcset=\"https:\/\/estado29.mx\/wp-content\/uploads\/2024\/11\/IMG-20241129-WA0057-768x1024.jpg 768w, https:\/\/estado29.mx\/wp-content\/uploads\/2024\/11\/IMG-20241129-WA0057-225x300.jpg 225w, https:\/\/estado29.mx\/wp-content\/uploads\/2024\/11\/IMG-20241129-WA0057-1152x1536.jpg 1152w, https:\/\/estado29.mx\/wp-content\/uploads\/2024\/11\/IMG-20241129-WA0057-750x1000.jpg 750w, https:\/\/estado29.mx\/wp-content\/uploads\/2024\/11\/IMG-20241129-WA0057-1140x1520.jpg 1140w, https:\/\/estado29.mx\/wp-content\/uploads\/2024\/11\/IMG-20241129-WA0057.jpg 1200w\" sizes=\"auto, (max-width: 768px) 100vw, 768px\" \/><\/figure>\n\n\n\n<p><br>La presidenta del Barrio de Santa Anita, destac\u00f3 que esta jornada se hizo en conjunto con la Iglesia Emmanuel, presidenta municipal y presidencia de comunidad, brindando servicio m\u00e9dico gratuito a los habitante de esta comunidad.<\/p>\n\n\n\n<figure class=\"wp-block-image size-large\"><img loading=\"lazy\" decoding=\"async\" width=\"768\" height=\"1024\" src=\"https:\/\/estado29.mx\/wp-content\/uploads\/2024\/11\/IMG-20241129-WA0067-768x1024.jpg\" alt=\"\" class=\"wp-image-91733\" srcset=\"https:\/\/estado29.mx\/wp-content\/uploads\/2024\/11\/IMG-20241129-WA0067-768x1024.jpg 768w, https:\/\/estado29.mx\/wp-content\/uploads\/2024\/11\/IMG-20241129-WA0067-225x300.jpg 225w, https:\/\/estado29.mx\/wp-content\/uploads\/2024\/11\/IMG-20241129-WA0067-1152x1536.jpg 1152w, https:\/\/estado29.mx\/wp-content\/uploads\/2024\/11\/IMG-20241129-WA0067-750x1000.jpg 750w, https:\/\/estado29.mx\/wp-content\/uploads\/2024\/11\/IMG-20241129-WA0067-1140x1520.jpg 1140w, https:\/\/estado29.mx\/wp-content\/uploads\/2024\/11\/IMG-20241129-WA0067.jpg 1200w\" sizes=\"auto, (max-width: 768px) 100vw, 768px\" \/><\/figure>\n\n\n\n<p><br>Agreg\u00f3 que se tuvo una buena respuesta por parte de los habitantes de su comunidad, pues se brind\u00f3 atenci\u00f3n a, al menos 250 pobladores de esta comunidad.<\/p>\n\n\n\n<figure class=\"wp-block-image size-large\"><img loading=\"lazy\" decoding=\"async\" width=\"1024\" height=\"768\" src=\"https:\/\/estado29.mx\/wp-content\/uploads\/2024\/11\/IMG-20241129-WA0070-1024x768.jpg\" alt=\"\" class=\"wp-image-91734\" srcset=\"https:\/\/estado29.mx\/wp-content\/uploads\/2024\/11\/IMG-20241129-WA0070-1024x768.jpg 1024w, https:\/\/estado29.mx\/wp-content\/uploads\/2024\/11\/IMG-20241129-WA0070-300x225.jpg 300w, https:\/\/estado29.mx\/wp-content\/uploads\/2024\/11\/IMG-20241129-WA0070-768x576.jpg 768w, https:\/\/estado29.mx\/wp-content\/uploads\/2024\/11\/IMG-20241129-WA0070-1536x1152.jpg 1536w, https:\/\/estado29.mx\/wp-content\/uploads\/2024\/11\/IMG-20241129-WA0070-750x563.jpg 750w, https:\/\/estado29.mx\/wp-content\/uploads\/2024\/11\/IMG-20241129-WA0070-1140x855.jpg 1140w, https:\/\/estado29.mx\/wp-content\/uploads\/2024\/11\/IMG-20241129-WA0070.jpg 1600w\" sizes=\"auto, (max-width: 1024px) 100vw, 1024px\" \/><\/figure>\n\n\n\n<p><br>Asimismo, dijo que los servicios que se ofrecieron son: Consulta General, Odontolog\u00eda, Asesor\u00eda Jur\u00eddica, Homeoterapia Medicinal Natural, Ozonoterapia, Terapia Psicol\u00f3gica y Fisioterapia.<\/p>\n\n\n\n<figure class=\"wp-block-image size-large\"><img loading=\"lazy\" decoding=\"async\" width=\"1024\" height=\"768\" src=\"https:\/\/estado29.mx\/wp-content\/uploads\/2024\/11\/IMG-20241129-WA0072-1024x768.jpg\" alt=\"\" class=\"wp-image-91735\" srcset=\"https:\/\/estado29.mx\/wp-content\/uploads\/2024\/11\/IMG-20241129-WA0072-1024x768.jpg 1024w, https:\/\/estado29.mx\/wp-content\/uploads\/2024\/11\/IMG-20241129-WA0072-300x225.jpg 300w, https:\/\/estado29.mx\/wp-content\/uploads\/2024\/11\/IMG-20241129-WA0072-768x576.jpg 768w, https:\/\/estado29.mx\/wp-content\/uploads\/2024\/11\/IMG-20241129-WA0072-1536x1152.jpg 1536w, https:\/\/estado29.mx\/wp-content\/uploads\/2024\/11\/IMG-20241129-WA0072-750x563.jpg 750w, https:\/\/estado29.mx\/wp-content\/uploads\/2024\/11\/IMG-20241129-WA0072-1140x855.jpg 1140w, https:\/\/estado29.mx\/wp-content\/uploads\/2024\/11\/IMG-20241129-WA0072.jpg 1600w\" sizes=\"auto, (max-width: 1024px) 100vw, 1024px\" \/><\/figure>\n\n\n\n<p><br>Para finalizar, extern\u00f3 que en pr\u00f3ximas fechas se buscar\u00e1 gestionar este tipo de servicios , para beneficiar a los pobladores de su comunidad.<\/p>\n\n\n<figure class=\"wp-block-post-featured-image\"><img loading=\"lazy\" decoding=\"async\" width=\"1600\" height=\"1200\" src=\"https:\/\/estado29.mx\/wp-content\/uploads\/2024\/11\/IMG-20241129-WA0054.jpg\" class=\"attachment-post-thumbnail size-post-thumbnail wp-post-image\" alt=\"\" style=\"object-fit:cover;\" srcset=\"https:\/\/estado29.mx\/wp-content\/uploads\/2024\/11\/IMG-20241129-WA0054.jpg 1600w, https:\/\/estado29.mx\/wp-content\/uploads\/2024\/11\/IMG-20241129-WA0054-300x225.jpg 300w, https:\/\/estado29.mx\/wp-content\/uploads\/2024\/11\/IMG-20241129-WA0054-1024x768.jpg 1024w, https:\/\/estado29.mx\/wp-content\/uploads\/2024\/11\/IMG-20241129-WA0054-768x576.jpg 768w, https:\/\/estado29.mx\/wp-content\/uploads\/2024\/11\/IMG-20241129-WA0054-1536x1152.jpg 1536w, https:\/\/estado29.mx\/wp-content\/uploads\/2024\/11\/IMG-20241129-WA0054-750x563.jpg 750w, https:\/\/estado29.mx\/wp-content\/uploads\/2024\/11\/IMG-20241129-WA0054-1140x855.jpg 1140w\" sizes=\"auto, (max-width: 1600px) 100vw, 1600px\" \/><\/figure>","protected":false},"excerpt":{"rendered":"<p>Este viernes 29 de noviembre, se llev\u00f3 a cabo en el Barrio de Santa Anita, perteneciente al Municipio de Huamantla, la \u201cPrimera Jornada de Salud\u201d, Ivonne Sosa Hern\u00e1ndez, presidenta de comunidad, refiri\u00f3 que el objetivo de estas acciones es acercar a los pobladores, los servicios m\u00e9dicos, para garantizar su bienestar. La presidenta del Barrio de [&hellip;]<\/p>\n","protected":false},"author":7,"featured_media":91731,"comment_status":"open","ping_status":"open","sticky":false,"template":"","format":"standard","meta":{"om_disable_all_campaigns":false,"_monsterinsights_skip_tracking":false,"_monsterinsights_sitenote_active":false,"_monsterinsights_sitenote_note":"","_monsterinsights_sitenote_category":0,"jnews-multi-image_gallery":[],"jnews_single_post":{"subtitle":"","format":"standard","video":"","gallery":"","source_name":"","source_url":"","via_name":"","via_url":"","override_template":"0","override":[{"template":"1","single_blog_custom":"","parallax":"1","fullscreen":"1","layout":"right-sidebar","sidebar":"default-sidebar","second_sidebar":"default-sidebar","sticky_sidebar":"1","share_position":"top","share_float_style":"share-monocrhome","show_share_counter":"1","show_view_counter":"1","show_featured":"1","show_post_meta":"1","show_post_author":"1","show_post_author_image":"1","show_post_date":"1","post_date_format":"default","post_date_format_custom":"Y\/m\/d","show_post_category":"1","show_post_reading_time":"0","post_reading_time_wpm":"300","show_zoom_button":"0","zoom_button_out_step":"2","zoom_button_in_step":"3","show_post_tag":"1","show_prev_next_post":"1","show_popup_post":"1","number_popup_post":"1","show_author_box":"1","show_post_related":"0","show_inline_post_related":"0"}],"override_image_size":"0","image_override":[{"single_post_thumbnail_size":"crop-500","single_post_gallery_size":"crop-500"}],"trending_post":"0","trending_post_position":"meta","trending_post_label":"Trending","sponsored_post":"0","sponsored_post_label":"Sponsored by","sponsored_post_name":"","sponsored_post_url":"","sponsored_post_logo_enable":"0","sponsored_post_logo":"","sponsored_post_desc":"","disable_ad":"0"},"jnews_primary_category":{"id":""},"footnotes":""},"categories":[1],"tags":[],"class_list":["post-91730","post","type-post","status-publish","format-standard","has-post-thumbnail","hentry","category-uncategorized"],"aioseo_notices":[],"_links":{"self":[{"href":"https:\/\/estado29.mx\/index.php?rest_route=\/wp\/v2\/posts\/91730","targetHints":{"allow":["GET"]}}],"collection":[{"href":"https:\/\/estado29.mx\/index.php?rest_route=\/wp\/v2\/posts"}],"about":[{"href":"https:\/\/estado29.mx\/index.php?rest_route=\/wp\/v2\/types\/post"}],"author":[{"embeddable":true,"href":"https:\/\/estado29.mx\/index.php?rest_route=\/wp\/v2\/users\/7"}],"replies":[{"embeddable":true,"href":"https:\/\/estado29.mx\/index.php?rest_route=%2Fwp%2Fv2%2Fcomments&post=91730"}],"version-history":[{"count":1,"href":"https:\/\/estado29.mx\/index.php?rest_route=\/wp\/v2\/posts\/91730\/revisions"}],"predecessor-version":[{"id":91736,"href":"https:\/\/estado29.mx\/index.php?rest_route=\/wp\/v2\/posts\/91730\/revisions\/91736"}],"wp:featuredmedia":[{"embeddable":true,"href":"https:\/\/estado29.mx\/index.php?rest_route=\/wp\/v2\/media\/91731"}],"wp:attachment":[{"href":"https:\/\/estado29.mx\/index.php?rest_route=%2Fwp%2Fv2%2Fmedia&parent=91730"}],"wp:term":[{"taxonomy":"category","embeddable":true,"href":"https:\/\/estado29.mx\/index.php?rest_route=%2Fwp%2Fv2%2Fcategories&post=91730"},{"taxonomy":"post_tag","embeddable":true,"href":"https:\/\/estado29.mx\/index.php?rest_route=%2Fwp%2Fv2%2Ftags&post=91730"}],"curies":[{"name":"wp","href":"https:\/\/api.w.org\/{rel}","templated":true}]}}