{"id":91747,"date":"2024-11-30T19:02:14","date_gmt":"2024-11-30T19:02:14","guid":{"rendered":"https:\/\/estado29.mx\/?p=91747"},"modified":"2024-11-30T19:08:00","modified_gmt":"2024-11-30T19:08:00","slug":"rinde-presidente-municipal-de-tlaxcala-informe-de-actividades-a-100-dias-de-iniciar-la-administracion-que-encabeza","status":"publish","type":"post","link":"https:\/\/estado29.mx\/?p=91747","title":{"rendered":"Rinde Presidente Municipal de Tlaxcala Informe de Actividades a 100 D\u00edas de Iniciar la Administraci\u00f3n que Encabeza."},"content":{"rendered":"\n<p><\/p>\n\n\n\n<p>Este s\u00e1bado 30 de noviembre del a\u00f1o en curso se llev\u00f3 a cabo el Informe de Actividades a 100 D\u00edas de Gobierno del Ayuntamiento de Tlaxcala, que encabeza el presidente municipal Alfonso S\u00e1nchez Garc\u00eda.<\/p>\n\n\n\n<figure class=\"wp-block-image size-large\"><img loading=\"lazy\" decoding=\"async\" width=\"1024\" height=\"768\" src=\"https:\/\/estado29.mx\/wp-content\/uploads\/2024\/11\/IMG_20241130_120048-min-1024x768.jpg\" alt=\"\" class=\"wp-image-91749\" srcset=\"https:\/\/estado29.mx\/wp-content\/uploads\/2024\/11\/IMG_20241130_120048-min-1024x768.jpg 1024w, https:\/\/estado29.mx\/wp-content\/uploads\/2024\/11\/IMG_20241130_120048-min-300x225.jpg 300w, https:\/\/estado29.mx\/wp-content\/uploads\/2024\/11\/IMG_20241130_120048-min-768x576.jpg 768w, https:\/\/estado29.mx\/wp-content\/uploads\/2024\/11\/IMG_20241130_120048-min-1536x1152.jpg 1536w, https:\/\/estado29.mx\/wp-content\/uploads\/2024\/11\/IMG_20241130_120048-min-2048x1536.jpg 2048w, https:\/\/estado29.mx\/wp-content\/uploads\/2024\/11\/IMG_20241130_120048-min-750x563.jpg 750w, https:\/\/estado29.mx\/wp-content\/uploads\/2024\/11\/IMG_20241130_120048-min-1140x855.jpg 1140w\" sizes=\"auto, (max-width: 1024px) 100vw, 1024px\" \/><\/figure>\n\n\n\n<p><br>El evento tuvo lugar en las instalaciones del Centro Cultural Universitario de la Capital del Estado, en el cual, Alfonso S\u00e1nchez Garc\u00eda, Presidente Municipal, en su mensaje destac\u00f3 los diversos trabajos que se han realizado en este tiempo, algunos de ellos de manera conjunta con el Gobierno del Estado.<\/p>\n\n\n\n<p>De igual forma, coment\u00f3 que los principales ejes en los que se ha estado trabajando, es el servicios de recoleccion de basura, agua potable, salud, alumbrado y obra p\u00fablica, as\u00ed como el equipamiento y capacitaci\u00f3n de personal que forma parte de su administraci\u00f3n.<\/p>\n\n\n\n<p><br>Asimismo, agradeci\u00f3 que apoyo de la Gobernadora Lorena Cuellar Cisneros, que presenci\u00f3 este informe y a quien le reconoci\u00f3 el esfuerzo y apoyo que ya brindado para impulsar el desarrollo y avance de Tlaxcala.<\/p>\n\n\n\n<figure class=\"wp-block-image size-large\"><img loading=\"lazy\" decoding=\"async\" width=\"1024\" height=\"768\" src=\"https:\/\/estado29.mx\/wp-content\/uploads\/2024\/11\/IMG_20241130_113922-min-1024x768.jpg\" alt=\"\" class=\"wp-image-91750\" srcset=\"https:\/\/estado29.mx\/wp-content\/uploads\/2024\/11\/IMG_20241130_113922-min-1024x768.jpg 1024w, https:\/\/estado29.mx\/wp-content\/uploads\/2024\/11\/IMG_20241130_113922-min-300x225.jpg 300w, https:\/\/estado29.mx\/wp-content\/uploads\/2024\/11\/IMG_20241130_113922-min-768x576.jpg 768w, https:\/\/estado29.mx\/wp-content\/uploads\/2024\/11\/IMG_20241130_113922-min-1536x1152.jpg 1536w, https:\/\/estado29.mx\/wp-content\/uploads\/2024\/11\/IMG_20241130_113922-min-2048x1536.jpg 2048w, https:\/\/estado29.mx\/wp-content\/uploads\/2024\/11\/IMG_20241130_113922-min-750x563.jpg 750w, https:\/\/estado29.mx\/wp-content\/uploads\/2024\/11\/IMG_20241130_113922-min-1140x855.jpg 1140w\" sizes=\"auto, (max-width: 1024px) 100vw, 1024px\" \/><\/figure>\n\n\n\n<p><br>Este informe se llev\u00f3 a cabo, ante la presencia de Ex Diputados y Diputados Federales y Locales en turno, Ex Gobernadores, Presidentes Municipales, de Comunidad, Directivos del Sector Educativo, invitados especiales, representantes de medios de comunicaci\u00f3n, as\u00ed como ciudadan\u00eda en general.<\/p>\n\n\n\n<figure class=\"wp-block-image size-large\"><img loading=\"lazy\" decoding=\"async\" width=\"1024\" height=\"768\" src=\"https:\/\/estado29.mx\/wp-content\/uploads\/2024\/11\/IMG_20241130_121458-min-1024x768.jpg\" alt=\"\" class=\"wp-image-91751\" srcset=\"https:\/\/estado29.mx\/wp-content\/uploads\/2024\/11\/IMG_20241130_121458-min-1024x768.jpg 1024w, https:\/\/estado29.mx\/wp-content\/uploads\/2024\/11\/IMG_20241130_121458-min-300x225.jpg 300w, https:\/\/estado29.mx\/wp-content\/uploads\/2024\/11\/IMG_20241130_121458-min-768x576.jpg 768w, https:\/\/estado29.mx\/wp-content\/uploads\/2024\/11\/IMG_20241130_121458-min-1536x1152.jpg 1536w, https:\/\/estado29.mx\/wp-content\/uploads\/2024\/11\/IMG_20241130_121458-min-2048x1536.jpg 2048w, https:\/\/estado29.mx\/wp-content\/uploads\/2024\/11\/IMG_20241130_121458-min-750x563.jpg 750w, https:\/\/estado29.mx\/wp-content\/uploads\/2024\/11\/IMG_20241130_121458-min-1140x855.jpg 1140w\" sizes=\"auto, (max-width: 1024px) 100vw, 1024px\" \/><\/figure>\n\n\n\n<p><br>Para finalizar su intervenci\u00f3n, Alfonso S\u00e1nchez Garc\u00eda, extern\u00f3 su compromiso en seguir trabajando para mejorar las condiciones de vida y en busca de desarrollo de la capital del estado.<\/p>\n\n\n<figure class=\"wp-block-post-featured-image\"><img loading=\"lazy\" decoding=\"async\" width=\"2560\" height=\"1920\" src=\"https:\/\/estado29.mx\/wp-content\/uploads\/2024\/11\/IMG_20241130_113144-min-scaled.jpg\" class=\"attachment-post-thumbnail size-post-thumbnail wp-post-image\" alt=\"\" style=\"object-fit:cover;\" srcset=\"https:\/\/estado29.mx\/wp-content\/uploads\/2024\/11\/IMG_20241130_113144-min-scaled.jpg 2560w, https:\/\/estado29.mx\/wp-content\/uploads\/2024\/11\/IMG_20241130_113144-min-300x225.jpg 300w, https:\/\/estado29.mx\/wp-content\/uploads\/2024\/11\/IMG_20241130_113144-min-1024x768.jpg 1024w, https:\/\/estado29.mx\/wp-content\/uploads\/2024\/11\/IMG_20241130_113144-min-768x576.jpg 768w, https:\/\/estado29.mx\/wp-content\/uploads\/2024\/11\/IMG_20241130_113144-min-1536x1152.jpg 1536w, https:\/\/estado29.mx\/wp-content\/uploads\/2024\/11\/IMG_20241130_113144-min-2048x1536.jpg 2048w, https:\/\/estado29.mx\/wp-content\/uploads\/2024\/11\/IMG_20241130_113144-min-750x563.jpg 750w, https:\/\/estado29.mx\/wp-content\/uploads\/2024\/11\/IMG_20241130_113144-min-1140x855.jpg 1140w\" sizes=\"auto, (max-width: 2560px) 100vw, 2560px\" \/><\/figure>","protected":false},"excerpt":{"rendered":"<p>Este s\u00e1bado 30 de noviembre del a\u00f1o en curso se llev\u00f3 a cabo el Informe de Actividades a 100 D\u00edas de Gobierno del Ayuntamiento de Tlaxcala, que encabeza el presidente municipal Alfonso S\u00e1nchez Garc\u00eda. El evento tuvo lugar en las instalaciones del Centro Cultural Universitario de la Capital del Estado, en el cual, Alfonso S\u00e1nchez [&hellip;]<\/p>\n","protected":false},"author":7,"featured_media":91748,"comment_status":"open","ping_status":"open","sticky":false,"template":"","format":"standard","meta":{"om_disable_all_campaigns":false,"_monsterinsights_skip_tracking":false,"_monsterinsights_sitenote_active":false,"_monsterinsights_sitenote_note":"","_monsterinsights_sitenote_category":0,"jnews-multi-image_gallery":[],"jnews_single_post":{"subtitle":"","format":"standard","video":"","gallery":"","source_name":"","source_url":"","via_name":"","via_url":"","override_template":"0","override":[{"template":"1","single_blog_custom":"","parallax":"1","fullscreen":"1","layout":"right-sidebar","sidebar":"default-sidebar","second_sidebar":"default-sidebar","sticky_sidebar":"1","share_position":"top","share_float_style":"share-monocrhome","show_share_counter":"1","show_view_counter":"1","show_featured":"1","show_post_meta":"1","show_post_author":"1","show_post_author_image":"1","show_post_date":"1","post_date_format":"default","post_date_format_custom":"Y\/m\/d","show_post_category":"1","show_post_reading_time":"0","post_reading_time_wpm":"300","show_zoom_button":"0","zoom_button_out_step":"2","zoom_button_in_step":"3","show_post_tag":"1","show_prev_next_post":"1","show_popup_post":"1","number_popup_post":"1","show_author_box":"1","show_post_related":"0","show_inline_post_related":"0"}],"override_image_size":"0","image_override":[{"single_post_thumbnail_size":"crop-500","single_post_gallery_size":"crop-500"}],"trending_post":"0","trending_post_position":"meta","trending_post_label":"Trending","sponsored_post":"0","sponsored_post_label":"Sponsored by","sponsored_post_name":"","sponsored_post_url":"","sponsored_post_logo_enable":"0","sponsored_post_logo":"","sponsored_post_desc":"","disable_ad":"0"},"jnews_primary_category":{"id":""},"footnotes":""},"categories":[1],"tags":[],"class_list":["post-91747","post","type-post","status-publish","format-standard","has-post-thumbnail","hentry","category-uncategorized"],"aioseo_notices":[],"_links":{"self":[{"href":"https:\/\/estado29.mx\/index.php?rest_route=\/wp\/v2\/posts\/91747","targetHints":{"allow":["GET"]}}],"collection":[{"href":"https:\/\/estado29.mx\/index.php?rest_route=\/wp\/v2\/posts"}],"about":[{"href":"https:\/\/estado29.mx\/index.php?rest_route=\/wp\/v2\/types\/post"}],"author":[{"embeddable":true,"href":"https:\/\/estado29.mx\/index.php?rest_route=\/wp\/v2\/users\/7"}],"replies":[{"embeddable":true,"href":"https:\/\/estado29.mx\/index.php?rest_route=%2Fwp%2Fv2%2Fcomments&post=91747"}],"version-history":[{"count":3,"href":"https:\/\/estado29.mx\/index.php?rest_route=\/wp\/v2\/posts\/91747\/revisions"}],"predecessor-version":[{"id":91758,"href":"https:\/\/estado29.mx\/index.php?rest_route=\/wp\/v2\/posts\/91747\/revisions\/91758"}],"wp:featuredmedia":[{"embeddable":true,"href":"https:\/\/estado29.mx\/index.php?rest_route=\/wp\/v2\/media\/91748"}],"wp:attachment":[{"href":"https:\/\/estado29.mx\/index.php?rest_route=%2Fwp%2Fv2%2Fmedia&parent=91747"}],"wp:term":[{"taxonomy":"category","embeddable":true,"href":"https:\/\/estado29.mx\/index.php?rest_route=%2Fwp%2Fv2%2Fcategories&post=91747"},{"taxonomy":"post_tag","embeddable":true,"href":"https:\/\/estado29.mx\/index.php?rest_route=%2Fwp%2Fv2%2Ftags&post=91747"}],"curies":[{"name":"wp","href":"https:\/\/api.w.org\/{rel}","templated":true}]}}