{"id":91774,"date":"2024-12-02T14:04:16","date_gmt":"2024-12-02T14:04:16","guid":{"rendered":"https:\/\/estado29.mx\/?p=91774"},"modified":"2024-12-02T14:04:17","modified_gmt":"2024-12-02T14:04:17","slug":"asiste-gobernadora-a-informe-de-100-dias-de-alcalde-de-tlaxcala","status":"publish","type":"post","link":"https:\/\/estado29.mx\/?p=91774","title":{"rendered":"Asiste gobernadora a informe de 100 d\u00edas de alcalde de Tlaxcala"},"content":{"rendered":"\n<p>*Destaca gobernadora que trabajar\u00e1n de manera coordinada por el bienestar de la poblaci\u00f3n<\/p>\n\n\n\n<p>Como muestra del trabajo coordinado que mantiene el Gobierno del Estado, encabezado por Lorena Cu\u00e9llar Cisneros con los municipios, este s\u00e1bado asisti\u00f3 al informe de 100 d\u00edas de actividades del alcalde de Tlaxcala Capital, Alfonso S\u00e1nchez Garc\u00eda.<\/p>\n\n\n\n<p>Como invitada especial, acudi\u00f3 al informe para escuchar las acciones que se han realizado en beneficio del bienestar de los capitalinos en materia de seguridad, servicios p\u00fablicos y obra p\u00fablica principalmente.<\/p>\n\n\n\n<p>Cu\u00e9llar Cisneros, en entrevista, conf\u00edo que se mantendr\u00e1 un trabajo colaborativo entre el alcalde y su administraci\u00f3n para que &#8220;juntos transformemos a la capital, ustedes saben como amo a Tlaxcala y a la capita\u201d.<\/p>\n\n\n\n<p>Asimismo, refrend\u00f3 su compromiso de apoyar a los 60 municipios en diversas acciones y obras para cumplir las demandas de la poblaci\u00f3n y atender sus necesidades.<\/p>\n\n\n\n<p>&#8220;A m\u00ed me da mucho gusto que lo veo muy animado, muy involucrado en los temas del municipio, como pudimos escuchar en su informe, contar\u00e1 con mi respaldo como todos los presidentes&#8221;, concluy\u00f3.<\/p>\n\n\n\n<p>Durante su discurso a la poblaci\u00f3n, S\u00e1nchez Garc\u00eda refiri\u00f3 que &#8220;los 100 primeros d\u00edas de un gobierno, representan una oportunidad para demostrar nuestra visi\u00f3n, para lograr cambios en el \u00e1mbito p\u00fablico, nuestra eficacia y nuestra capacidad para resolver y en esto nos identificamos, plenamente, con nuestra gobernadora, a quien reconocemos su trabajo incansable\u201d.<\/p>\n\n\n\n<p>Destac\u00f3 que su administraci\u00f3n es incluyente y de puertas abiertas, por ello, en 100 d\u00edas, atendi\u00f3 de manera personal a m\u00e1s de mil 60 ciudadanos, realiz\u00f3 audiencias p\u00fablicas cada jueves y atendi\u00f3 peticiones de vecinos de diversas comunidades.<\/p>\n\n\n\n<p>Alfonso S\u00e1nchez enlist\u00f3 acciones realizadas en materia de seguridad, salud, obra p\u00fablica, servicios b\u00e1sicos y m\u00e1s.<\/p>\n","protected":false},"excerpt":{"rendered":"<p>*Destaca gobernadora que trabajar\u00e1n de manera coordinada por el bienestar de la poblaci\u00f3n Como muestra del trabajo coordinado que mantiene el Gobierno del Estado, encabezado por Lorena Cu\u00e9llar Cisneros con los municipios, este s\u00e1bado asisti\u00f3 al informe de 100 d\u00edas de actividades del alcalde de Tlaxcala Capital, Alfonso S\u00e1nchez Garc\u00eda. Como invitada especial, acudi\u00f3 al [&hellip;]<\/p>\n","protected":false},"author":4,"featured_media":91775,"comment_status":"open","ping_status":"open","sticky":false,"template":"","format":"standard","meta":{"om_disable_all_campaigns":false,"_monsterinsights_skip_tracking":false,"_monsterinsights_sitenote_active":false,"_monsterinsights_sitenote_note":"","_monsterinsights_sitenote_category":0,"jnews-multi-image_gallery":[],"jnews_single_post":{"subtitle":"","format":"standard","video":"","gallery":"","source_name":"","source_url":"","via_name":"","via_url":"","override_template":"0","override":[{"template":"1","single_blog_custom":"","parallax":"1","fullscreen":"1","layout":"right-sidebar","sidebar":"default-sidebar","second_sidebar":"default-sidebar","sticky_sidebar":"1","share_position":"top","share_float_style":"share-monocrhome","show_share_counter":"1","show_view_counter":"1","show_featured":"1","show_post_meta":"1","show_post_author":"1","show_post_author_image":"1","show_post_date":"1","post_date_format":"default","post_date_format_custom":"Y\/m\/d","show_post_category":"1","show_post_reading_time":"0","post_reading_time_wpm":"300","show_zoom_button":"0","zoom_button_out_step":"2","zoom_button_in_step":"3","show_post_tag":"1","show_prev_next_post":"1","show_popup_post":"1","number_popup_post":"1","show_author_box":"1","show_post_related":"0","show_inline_post_related":"0"}],"override_image_size":"0","image_override":[{"single_post_thumbnail_size":"crop-500","single_post_gallery_size":"crop-500"}],"trending_post":"0","trending_post_position":"meta","trending_post_label":"Trending","sponsored_post":"0","sponsored_post_label":"Sponsored by","sponsored_post_name":"","sponsored_post_url":"","sponsored_post_logo_enable":"0","sponsored_post_logo":"","sponsored_post_desc":"","disable_ad":"0"},"jnews_primary_category":{"id":""},"footnotes":""},"categories":[43,52],"tags":[150,110,96],"class_list":["post-91774","post","type-post","status-publish","format-standard","has-post-thumbnail","hentry","category-estado","category-gobierno-de-tlaxcala","tag-gobierno-del-estado","tag-municipios","tag-tlaxcala"],"aioseo_notices":[],"_links":{"self":[{"href":"https:\/\/estado29.mx\/index.php?rest_route=\/wp\/v2\/posts\/91774","targetHints":{"allow":["GET"]}}],"collection":[{"href":"https:\/\/estado29.mx\/index.php?rest_route=\/wp\/v2\/posts"}],"about":[{"href":"https:\/\/estado29.mx\/index.php?rest_route=\/wp\/v2\/types\/post"}],"author":[{"embeddable":true,"href":"https:\/\/estado29.mx\/index.php?rest_route=\/wp\/v2\/users\/4"}],"replies":[{"embeddable":true,"href":"https:\/\/estado29.mx\/index.php?rest_route=%2Fwp%2Fv2%2Fcomments&post=91774"}],"version-history":[{"count":2,"href":"https:\/\/estado29.mx\/index.php?rest_route=\/wp\/v2\/posts\/91774\/revisions"}],"predecessor-version":[{"id":91777,"href":"https:\/\/estado29.mx\/index.php?rest_route=\/wp\/v2\/posts\/91774\/revisions\/91777"}],"wp:featuredmedia":[{"embeddable":true,"href":"https:\/\/estado29.mx\/index.php?rest_route=\/wp\/v2\/media\/91775"}],"wp:attachment":[{"href":"https:\/\/estado29.mx\/index.php?rest_route=%2Fwp%2Fv2%2Fmedia&parent=91774"}],"wp:term":[{"taxonomy":"category","embeddable":true,"href":"https:\/\/estado29.mx\/index.php?rest_route=%2Fwp%2Fv2%2Fcategories&post=91774"},{"taxonomy":"post_tag","embeddable":true,"href":"https:\/\/estado29.mx\/index.php?rest_route=%2Fwp%2Fv2%2Ftags&post=91774"}],"curies":[{"name":"wp","href":"https:\/\/api.w.org\/{rel}","templated":true}]}}