{"id":91782,"date":"2024-12-02T14:12:29","date_gmt":"2024-12-02T14:12:29","guid":{"rendered":"https:\/\/estado29.mx\/?p=91782"},"modified":"2024-12-02T14:12:30","modified_gmt":"2024-12-02T14:12:30","slug":"trabajo-conjunto-para-garantizar-el-derecho-a-la-movilidad-en-condiciones-dignas-y-seguras-lorena-cuellar","status":"publish","type":"post","link":"https:\/\/estado29.mx\/?p=91782","title":{"rendered":"Trabajo conjunto para garantizar el derecho a la movilidad en condiciones dignas y seguras: Lorena Cuellar."},"content":{"rendered":"\n<p>*Bienestar vial: en sesi\u00f3n extraordinaria del Sistema Nacional de Movilidad plantean crecimiento ordenado<\/p>\n\n\n\n<p>La gobernadora Lorena Cu\u00e9llar Cisneros subray\u00f3 la importancia de establecer un trabajo conjunto entre las autoridades locales y federales que permitan abordar los desaf\u00edos emergentes en materia de movilidad y seguridad vial para garantizar a los mexicanos el pleno ejercicio de este derecho humano, as\u00ed como asegurar un crecimiento ordenado y sostenible en los municipios de Tlaxcala.<\/p>\n\n\n\n<p>La titular del Ejecutivo local inaugur\u00f3 el inicio de los trabajos de la primera sesi\u00f3n extraordinaria 2024 del Sistema Nacional de Movilidad y Seguridad Vial, como parte de la sexta reuni\u00f3n de la Red Nacional Metropolitana &#8220;Retos para la transformaci\u00f3n de las Metr\u00f3polis&#8221; 2024.<\/p>\n\n\n\n<p>La mandataria estatal afirm\u00f3 que el encuentro es un espacio id\u00f3neo para establecer una comunicaci\u00f3n estrecha con autoridades federales y abordar uno de los temas cruciales para el desarrollo sostenible y el bienestar social para generar acuerdos y acciones que garanticen un crecimiento ordenado y sostenible en cada uno de los municipios y en el estado de Tlaxcala, en concordancia con los proyectos que impulsa el gobierno de M\u00e9xico, que encabeza Claudia Sheinbaum Pardo.<\/p>\n\n\n\n<p>Destac\u00f3 que con la reforma al art\u00edculo cuarto de la Constituci\u00f3n federal en 2020, para incluir a la movilidad como un derecho humano, &#8220;cualquier persona en M\u00e9xico tiene derecho a la movilidad en condiciones de seguridad vial, accesibilidad, eficiencia, sostenibilidad, calidad, inclusi\u00f3n e igualdad.\u201d Este cambio marc\u00f3 el inicio de una nueva era en la que la movilidad se reconoce como un derecho esencial para todos.<\/p>\n\n\n\n<p>Detall\u00f3 que se presentar\u00e1 una gu\u00eda para las instancias de todos los niveles de gobierno en la toma de decisiones en materia de coordinaci\u00f3n, planeaci\u00f3n, ordenamiento y desarrollo metropolitano.<\/p>\n\n\n\n<p>&#8220;Queremos asegurar que cada acci\u00f3n que tomemos est\u00e9 alineada con los principios de seguridad, accesibilidad y sostenibilidad&#8221;, destac\u00f3 la mandataria ante funcionarios federales, estatales y representantes de las distintas camas, confederaciones, asociaciones y alianzas de transporte.<\/p>\n\n\n\n<p>Cu\u00e9llar Cisneros llam\u00f3 a redoblar esfuerzos y trabajar en estrecha colaboraci\u00f3n con el gobierno federal.<\/p>\n\n\n\n<p>\u201cQueremos garantizar que todos los mexicanos puedan ejercer su derecho a la movilidad en condiciones dignas y seguras\u201d, enfatiz\u00f3 en la reuni\u00f3n en la que participaron Tania Carro Toledo, subsecretaria de Comunicaciones y Transportes (SICT); V\u00edctor Hugo Hoffman Aguirre, secretario de Desarrollo Urbano y Vivienda (Sedatu); \u00c1lvaro Lomel\u00ed Covarrubias, Coordinador General de Desarrollo Metropolitano y Movilidad y Titular del \u00d3rgano T\u00e9cnico de Apoyo al Sistema Nacional de Movilidad y Seguridad Vial del gobierno federal, as\u00ed como el secretario de Infraestructura estatal(SI), Diego Corona Cremean, y el titular de la Secretar\u00eda de Movilidad y Transporte (SMyT), Marco Tulio Munive Temoltzin.<\/p>\n","protected":false},"excerpt":{"rendered":"<p>*Bienestar vial: en sesi\u00f3n extraordinaria del Sistema Nacional de Movilidad plantean crecimiento ordenado La gobernadora Lorena Cu\u00e9llar Cisneros subray\u00f3 la importancia de establecer un trabajo conjunto entre las autoridades locales y federales que permitan abordar los desaf\u00edos emergentes en materia de movilidad y seguridad vial para garantizar a los mexicanos el pleno ejercicio de este [&hellip;]<\/p>\n","protected":false},"author":4,"featured_media":91783,"comment_status":"open","ping_status":"open","sticky":false,"template":"","format":"standard","meta":{"om_disable_all_campaigns":false,"_monsterinsights_skip_tracking":false,"_monsterinsights_sitenote_active":false,"_monsterinsights_sitenote_note":"","_monsterinsights_sitenote_category":0,"jnews-multi-image_gallery":[],"jnews_single_post":{"subtitle":"","format":"standard","video":"","gallery":"","source_name":"","source_url":"","via_name":"","via_url":"","override_template":"0","override":[{"template":"1","single_blog_custom":"","parallax":"1","fullscreen":"1","layout":"right-sidebar","sidebar":"default-sidebar","second_sidebar":"default-sidebar","sticky_sidebar":"1","share_position":"top","share_float_style":"share-monocrhome","show_share_counter":"1","show_view_counter":"1","show_featured":"1","show_post_meta":"1","show_post_author":"1","show_post_author_image":"1","show_post_date":"1","post_date_format":"default","post_date_format_custom":"Y\/m\/d","show_post_category":"1","show_post_reading_time":"0","post_reading_time_wpm":"300","show_zoom_button":"0","zoom_button_out_step":"2","zoom_button_in_step":"3","show_post_tag":"1","show_prev_next_post":"1","show_popup_post":"1","number_popup_post":"1","show_author_box":"1","show_post_related":"0","show_inline_post_related":"0"}],"override_image_size":"0","image_override":[{"single_post_thumbnail_size":"crop-500","single_post_gallery_size":"crop-500"}],"trending_post":"0","trending_post_position":"meta","trending_post_label":"Trending","sponsored_post":"0","sponsored_post_label":"Sponsored by","sponsored_post_name":"","sponsored_post_url":"","sponsored_post_logo_enable":"0","sponsored_post_logo":"","sponsored_post_desc":"","disable_ad":"0"},"jnews_primary_category":{"id":""},"footnotes":""},"categories":[43,52],"tags":[150,110,96],"class_list":["post-91782","post","type-post","status-publish","format-standard","has-post-thumbnail","hentry","category-estado","category-gobierno-de-tlaxcala","tag-gobierno-del-estado","tag-municipios","tag-tlaxcala"],"aioseo_notices":[],"_links":{"self":[{"href":"https:\/\/estado29.mx\/index.php?rest_route=\/wp\/v2\/posts\/91782","targetHints":{"allow":["GET"]}}],"collection":[{"href":"https:\/\/estado29.mx\/index.php?rest_route=\/wp\/v2\/posts"}],"about":[{"href":"https:\/\/estado29.mx\/index.php?rest_route=\/wp\/v2\/types\/post"}],"author":[{"embeddable":true,"href":"https:\/\/estado29.mx\/index.php?rest_route=\/wp\/v2\/users\/4"}],"replies":[{"embeddable":true,"href":"https:\/\/estado29.mx\/index.php?rest_route=%2Fwp%2Fv2%2Fcomments&post=91782"}],"version-history":[{"count":2,"href":"https:\/\/estado29.mx\/index.php?rest_route=\/wp\/v2\/posts\/91782\/revisions"}],"predecessor-version":[{"id":91785,"href":"https:\/\/estado29.mx\/index.php?rest_route=\/wp\/v2\/posts\/91782\/revisions\/91785"}],"wp:featuredmedia":[{"embeddable":true,"href":"https:\/\/estado29.mx\/index.php?rest_route=\/wp\/v2\/media\/91783"}],"wp:attachment":[{"href":"https:\/\/estado29.mx\/index.php?rest_route=%2Fwp%2Fv2%2Fmedia&parent=91782"}],"wp:term":[{"taxonomy":"category","embeddable":true,"href":"https:\/\/estado29.mx\/index.php?rest_route=%2Fwp%2Fv2%2Fcategories&post=91782"},{"taxonomy":"post_tag","embeddable":true,"href":"https:\/\/estado29.mx\/index.php?rest_route=%2Fwp%2Fv2%2Ftags&post=91782"}],"curies":[{"name":"wp","href":"https:\/\/api.w.org\/{rel}","templated":true}]}}