{"id":91786,"date":"2024-12-02T14:15:05","date_gmt":"2024-12-02T14:15:05","guid":{"rendered":"https:\/\/estado29.mx\/?p=91786"},"modified":"2024-12-02T14:15:07","modified_gmt":"2024-12-02T14:15:07","slug":"se-recupero-el-sistema-de-salud-e-inicio-una-nueva-etapa-de-universalidad-de-servicios-para-los-tlaxcaltecas","status":"publish","type":"post","link":"https:\/\/estado29.mx\/?p=91786","title":{"rendered":"Se recuper\u00f3 el sistema de salud e inici\u00f3 una nueva etapa de universalidad de servicios para los tlaxcaltecas"},"content":{"rendered":"\n<p><\/p>\n\n\n\n<p>*Tercer a\u00f1o de gobierno: el compromiso con la poblaci\u00f3n es para garantizar su bienestar<\/p>\n\n\n\n<p>En tres a\u00f1os de gobierno, \u201crecuperamos nuestro sistema de salud, lo dignificamos y fortalecimos para entrar a la nueva etapa de universalidad con el nuevo IMSS-Bienestar, en cuya implementaci\u00f3n somos el primer lugar nacional\u201d, sostuvo la gobernadora Lorena Cu\u00e9llar Cisneros al refrendar que el compromiso de la Cuarta Transformaci\u00f3n con la salud de los tlaxcaltecas es absoluto.<\/p>\n\n\n\n<p>Durante la primera mitad de su administraci\u00f3n, se fortaleci\u00f3 la universalidad de los servicios m\u00e9dicos en 300 por ciento y se alcanz\u00f3 una cobertura hist\u00f3rica de 416 m\u00e9dicos generales y especialistas, a los que se suman 123 m\u00e9dicos cubanos. Tambi\u00e9n se abrieron mil 951 nuevas plazas generales y para personal especializado, a fin de fortalecer los servicios de salud en las comunidades m\u00e1s vulnerables del estado.<\/p>\n\n\n\n<p>A la par de este in\u00e9dito esfuerzo, se construyeron las nuevas unidades de Hemodi\u00e1lisis, de Cirug\u00edas de M\u00ednima Invasi\u00f3n y de Hemodinamia del nuevo hospital general \u201cAnselmo Cervantes\u201d, para ampliar los servicios en beneficio de los tlaxcaltecas y se entregaron 96 nuevas ambulancias al sector p\u00fablico de salud, el cual dispone de una ambulancia a\u00e9rea y de 8 mil nuevos equipos e instrumental m\u00e9dico.<\/p>\n\n\n\n<p>Asimismo, se modernizaron el Centro Regulador de Urgencias M\u00e9dicas (CRUM), el Centro de Especialidades Odontol\u00f3gicas y el Centro de Atenci\u00f3n Especializada a Enfermedades de Transmisi\u00f3n Sexual, y se puso en marcha la planta de tratamiento de aguas residuales y la ampliaci\u00f3n de alcantarillado sanitario en zonas de hospitales.<\/p>\n\n\n\n<p>Cabe destacar que el trabajo del sector salud le permiti\u00f3 a Tlaxcala ocupar el primer lugar nacional en Vacunaci\u00f3n contra COVID-19 y contra el Virus del Papiloma Humano (VPH) en este 2024.<\/p>\n","protected":false},"excerpt":{"rendered":"<p>*Tercer a\u00f1o de gobierno: el compromiso con la poblaci\u00f3n es para garantizar su bienestar En tres a\u00f1os de gobierno, \u201crecuperamos nuestro sistema de salud, lo dignificamos y fortalecimos para entrar a la nueva etapa de universalidad con el nuevo IMSS-Bienestar, en cuya implementaci\u00f3n somos el primer lugar nacional\u201d, sostuvo la gobernadora Lorena Cu\u00e9llar Cisneros al [&hellip;]<\/p>\n","protected":false},"author":4,"featured_media":91787,"comment_status":"open","ping_status":"open","sticky":false,"template":"","format":"standard","meta":{"om_disable_all_campaigns":false,"_monsterinsights_skip_tracking":false,"_monsterinsights_sitenote_active":false,"_monsterinsights_sitenote_note":"","_monsterinsights_sitenote_category":0,"jnews-multi-image_gallery":[],"jnews_single_post":{"subtitle":"","format":"standard","video":"","gallery":"","source_name":"","source_url":"","via_name":"","via_url":"","override_template":"0","override":[{"template":"1","single_blog_custom":"","parallax":"1","fullscreen":"1","layout":"right-sidebar","sidebar":"default-sidebar","second_sidebar":"default-sidebar","sticky_sidebar":"1","share_position":"top","share_float_style":"share-monocrhome","show_share_counter":"1","show_view_counter":"1","show_featured":"1","show_post_meta":"1","show_post_author":"1","show_post_author_image":"1","show_post_date":"1","post_date_format":"default","post_date_format_custom":"Y\/m\/d","show_post_category":"1","show_post_reading_time":"0","post_reading_time_wpm":"300","show_zoom_button":"0","zoom_button_out_step":"2","zoom_button_in_step":"3","show_post_tag":"1","show_prev_next_post":"1","show_popup_post":"1","number_popup_post":"1","show_author_box":"1","show_post_related":"0","show_inline_post_related":"0"}],"override_image_size":"0","image_override":[{"single_post_thumbnail_size":"crop-500","single_post_gallery_size":"crop-500"}],"trending_post":"0","trending_post_position":"meta","trending_post_label":"Trending","sponsored_post":"0","sponsored_post_label":"Sponsored by","sponsored_post_name":"","sponsored_post_url":"","sponsored_post_logo_enable":"0","sponsored_post_logo":"","sponsored_post_desc":"","disable_ad":"0"},"jnews_primary_category":{"id":""},"footnotes":""},"categories":[43,52],"tags":[],"class_list":["post-91786","post","type-post","status-publish","format-standard","has-post-thumbnail","hentry","category-estado","category-gobierno-de-tlaxcala"],"aioseo_notices":[],"_links":{"self":[{"href":"https:\/\/estado29.mx\/index.php?rest_route=\/wp\/v2\/posts\/91786","targetHints":{"allow":["GET"]}}],"collection":[{"href":"https:\/\/estado29.mx\/index.php?rest_route=\/wp\/v2\/posts"}],"about":[{"href":"https:\/\/estado29.mx\/index.php?rest_route=\/wp\/v2\/types\/post"}],"author":[{"embeddable":true,"href":"https:\/\/estado29.mx\/index.php?rest_route=\/wp\/v2\/users\/4"}],"replies":[{"embeddable":true,"href":"https:\/\/estado29.mx\/index.php?rest_route=%2Fwp%2Fv2%2Fcomments&post=91786"}],"version-history":[{"count":2,"href":"https:\/\/estado29.mx\/index.php?rest_route=\/wp\/v2\/posts\/91786\/revisions"}],"predecessor-version":[{"id":91789,"href":"https:\/\/estado29.mx\/index.php?rest_route=\/wp\/v2\/posts\/91786\/revisions\/91789"}],"wp:featuredmedia":[{"embeddable":true,"href":"https:\/\/estado29.mx\/index.php?rest_route=\/wp\/v2\/media\/91787"}],"wp:attachment":[{"href":"https:\/\/estado29.mx\/index.php?rest_route=%2Fwp%2Fv2%2Fmedia&parent=91786"}],"wp:term":[{"taxonomy":"category","embeddable":true,"href":"https:\/\/estado29.mx\/index.php?rest_route=%2Fwp%2Fv2%2Fcategories&post=91786"},{"taxonomy":"post_tag","embeddable":true,"href":"https:\/\/estado29.mx\/index.php?rest_route=%2Fwp%2Fv2%2Ftags&post=91786"}],"curies":[{"name":"wp","href":"https:\/\/api.w.org\/{rel}","templated":true}]}}