{"id":91821,"date":"2024-12-03T13:56:05","date_gmt":"2024-12-03T13:56:05","guid":{"rendered":"https:\/\/estado29.mx\/?p=91821"},"modified":"2024-12-03T13:56:06","modified_gmt":"2024-12-03T13:56:06","slug":"universidad-intercultural-de-tlaxcala-hace-justicia-a-los-pueblos-originarios","status":"publish","type":"post","link":"https:\/\/estado29.mx\/?p=91821","title":{"rendered":"Universidad intercultural de Tlaxcala hace justicia a los pueblos originarios."},"content":{"rendered":"\n<p>*Bienestar educativo: la gobernadora entreg\u00f3 la segunda etapa de construcci\u00f3n de esta instituci\u00f3n, con una inversi\u00f3n superior a 37 mdp<\/p>\n\n\n\n<p>La gobernadora Lorena Cu\u00e9llar Cisneros entreg\u00f3 los trabajos de la segunda etapa de construcci\u00f3n de la Universidad Intercultural de Tlaxcala (UIT) en Ixtenco, cuya inversi\u00f3n supera los 37 millones de pesos, lo que significa un paso m\u00e1s hacia la justicia a los pueblos originarios.<\/p>\n\n\n\n<p>&#8220;Qu\u00e9 gusto estar nuevamente en esta Universidad Intercultural, un lugar que se so\u00f1\u00f3 desde hace varios a\u00f1os, en campa\u00f1a fue una de las peticiones de los pueblos originarios y para m\u00ed fue muy importante poderlo consolidar, desde luego con el apoyo de nuestro ex presidente de M\u00e9xico, Andr\u00e9s Manuel L\u00f3pez Obrador, con el que valoramos siempre su acompa\u00f1amiento&#8221;, afirm\u00f3 en su mensaje a la comunidad educativa.<\/p>\n\n\n\n<p>Cu\u00e9llar Cisneros refiri\u00f3 que la obra es un ejemplo a nivel nacional, por su organizaci\u00f3n, consolidaci\u00f3n y unidad, aunado a que se muestra el orgullo por las ra\u00edces, tradiciones y cultura del estado; &#8220;ustedes se sienten orgullosos de entrar esta universidad porque en ella se plasma mucha de la cultura del estado, de nuestras ra\u00edces&#8221;.<\/p>\n\n\n\n<p>Record\u00f3 que, a tres a\u00f1os de gobierno, se han construido cinco nuevas universidades, se cuenta con el apoyo del Instituto Nacional de Bellas Artes para ejecutar la licenciatura de arte y tambi\u00e9n se logr\u00f3 ser sede del Conservatorio Nacional de M\u00fasica en Tlaxcala.<\/p>\n\n\n\n<p>Adelant\u00f3 que para el pr\u00f3ximo a\u00f1o se tiene proyectada la construcci\u00f3n de dos universidades m\u00e1s, pues para su administraci\u00f3n la educaci\u00f3n es un eje importante para el crecimiento, desarrollo y bienestar de Tlaxcala.<\/p>\n\n\n\n<p>&#8220;Estamos por iniciar la construcci\u00f3n del Instituto Polit\u00e9cnico Nacional, que tambi\u00e9n ser\u00e1 una gran oportunidad para que 3 mil 500 j\u00f3venes tengan otras opciones; muchas gracias a todos y mi compromiso es seguir trabajando para la educaci\u00f3n de este estado y hacer una nueva historia&#8221;, dijo.<\/p>\n\n\n\n<p>Durante su intervenci\u00f3n, el director general del Instituto Tlaxcalteca de Infraestructura F\u00edsica Educativa (Itife), Cutberto Benito Cano Coyotl, dio a conocer que &#8220;la dependencia que dirijo tiene un compromiso muy claro encomendado por nuestra gobernadora, ese compromiso es ser part\u00edcipes en la construcci\u00f3n de espacios educativos dignos y de calidad, que sirva de testimonio de la nueva historia que se construye en nuestro estado y esta gran obra refleja esa caracter\u00edstica&#8221;.<\/p>\n\n\n\n<p>Explic\u00f3 que la obra consisti\u00f3 en la construcci\u00f3n del edificio C que alberga a la unidad administrativa; el edificio D que consta de cuatro aulas; el edificio H destinado para el taller de agroecolog\u00eda; el edificio I utilizado para cafeter\u00eda y el edificio K que contiene una cocina de humo en donde se realizar\u00e1n los talleres de gastronom\u00eda y m\u00e1s acciones.<\/p>\n\n\n\n<p>Cano Coyotl detall\u00f3 que la inversi\u00f3n de la construcci\u00f3n fue de 27 millones 48 mil 860 pesos, la inversi\u00f3n de equipamiento t\u00e9cnico sustentable fue de un mill\u00f3n 920 mil pesos y tambi\u00e9n una inversi\u00f3n de equipamiento de ocho millones 534 mil 480 pesos, lo que suma una inversi\u00f3n total de 37 millones 504 mil pesos.<\/p>\n\n\n\n<p>&#8220;Desde hace tres a\u00f1os en Tlaxcala se transforma y se construye una nueva historia. Transformar y construir van de la mano y son acciones que nuestra gobernadora Lorena Cu\u00e9llar ha sabido ejecutar muy bien en estos a\u00f1os y con la entrega de esta segunda etapa de la Universidad Intercultural de Tlaxcala se hace justicia a los pueblos originarios&#8221;, acot\u00f3.<\/p>\n\n\n\n<p>En representaci\u00f3n del titular de la Secretar\u00eda de Educaci\u00f3n del Estado (SEPE), Homero Meneses Hern\u00e1ndez, el director de Planeaci\u00f3n Educativa, Omar Cuatianquiz \u00c1vila, record\u00f3 que este proyecto inici\u00f3 al conformar un comit\u00e9 promotor y el comit\u00e9 Promotor ampliado que estuvo integrado por diferentes representantes de las comunidades de nuestro estado.<\/p>\n\n\n\n<p>\u201cSon 500 a\u00f1os de una lucha que est\u00e1 pendiente, que estuvieron pendientes en nuestro estado de volver a reconocernos a nosotras y a nosotros mismos por nuestro origen, sentirnos orgullosas y orgullosos de qui\u00e9nes somos y por eso este proyecto descolonizador este proyecto anti racista, anti clasista\u201d, agreg\u00f3.<\/p>\n\n\n\n<p>Mientras, la directora de Educaci\u00f3n Intercultural de la Secretar\u00eda de Educaci\u00f3n P\u00fablica (SEP) del gobierno federal, Mar\u00eda de los \u00c1ngeles Gordillo Casta\u00f1eda, asegur\u00f3 que este tipo de proyectos sirven como reconocimiento y para hacer justicia a los pueblos originarios que manten\u00edan en el olvido.<\/p>\n\n\n\n<p>\u201cEstas instituciones est\u00e1n cobrando relevancia por considerar a sus distintas comunidades y hablo en un sentido general no solo de comunidades ind\u00edgenas, porque justo las toma en cuenta sin prejuicios, en donde la escucha y la palabra es producto de un razonamiento \u00e9tico y comprometido que procura la construcci\u00f3n de propuestas en beneficio de la sociedad y de lo p\u00fablico\u201d, indic\u00f3.<\/p>\n\n\n\n<p>Gordillo Casta\u00f1eda felicit\u00f3 a la gobernadora Lorena Cu\u00e9llar por la log\u00edstica al momento de realizar la obra, \u201cTlaxcala tuvo un proceso organizativo que para nosotros es ejemplar; antes no se tomaba en cuenta a los pueblos ind\u00edgenas para construir, para plantear, dise\u00f1ar, pero, ahora ellos fueron parte del mismo proyecto\u201d.<\/p>\n\n\n\n<p>Por \u00faltimo, el coordinador de la UIT Ulises Tamayo P\u00e9rez, relat\u00f3 que \u201cen el verano del 2021 solo era una idea; en el oto\u00f1o del mismo a\u00f1o tom\u00f3 forma como una serie de ensayos participativos; en el 2022 tras una consulta comunitaria realizada en 15 municipios se transform\u00f3 en un dise\u00f1o integral y colectivo, y finalmente en 2023 con el respaldo de un decreto comenz\u00f3 a materializarse y a operar\u201d.<\/p>\n","protected":false},"excerpt":{"rendered":"<p>*Bienestar educativo: la gobernadora entreg\u00f3 la segunda etapa de construcci\u00f3n de esta instituci\u00f3n, con una inversi\u00f3n superior a 37 mdp La gobernadora Lorena Cu\u00e9llar Cisneros entreg\u00f3 los trabajos de la segunda etapa de construcci\u00f3n de la Universidad Intercultural de Tlaxcala (UIT) en Ixtenco, cuya inversi\u00f3n supera los 37 millones de pesos, lo que significa un [&hellip;]<\/p>\n","protected":false},"author":4,"featured_media":91822,"comment_status":"open","ping_status":"open","sticky":false,"template":"","format":"standard","meta":{"om_disable_all_campaigns":false,"_monsterinsights_skip_tracking":false,"_monsterinsights_sitenote_active":false,"_monsterinsights_sitenote_note":"","_monsterinsights_sitenote_category":0,"jnews-multi-image_gallery":[],"jnews_single_post":{"subtitle":"","format":"standard","video":"","gallery":"","source_name":"","source_url":"","via_name":"","via_url":"","override_template":"0","override":[{"template":"1","single_blog_custom":"","parallax":"1","fullscreen":"1","layout":"right-sidebar","sidebar":"default-sidebar","second_sidebar":"default-sidebar","sticky_sidebar":"1","share_position":"top","share_float_style":"share-monocrhome","show_share_counter":"1","show_view_counter":"1","show_featured":"1","show_post_meta":"1","show_post_author":"1","show_post_author_image":"1","show_post_date":"1","post_date_format":"default","post_date_format_custom":"Y\/m\/d","show_post_category":"1","show_post_reading_time":"0","post_reading_time_wpm":"300","show_zoom_button":"0","zoom_button_out_step":"2","zoom_button_in_step":"3","show_post_tag":"1","show_prev_next_post":"1","show_popup_post":"1","number_popup_post":"1","show_author_box":"1","show_post_related":"0","show_inline_post_related":"0"}],"override_image_size":"0","image_override":[{"single_post_thumbnail_size":"crop-500","single_post_gallery_size":"crop-500"}],"trending_post":"0","trending_post_position":"meta","trending_post_label":"Trending","sponsored_post":"0","sponsored_post_label":"Sponsored by","sponsored_post_name":"","sponsored_post_url":"","sponsored_post_logo_enable":"0","sponsored_post_logo":"","sponsored_post_desc":"","disable_ad":"0"},"jnews_primary_category":{"id":""},"footnotes":""},"categories":[80,43,52,83],"tags":[198,110,96,1584],"class_list":["post-91821","post","type-post","status-publish","format-standard","has-post-thumbnail","hentry","category-educacion","category-estado","category-gobierno-de-tlaxcala","category-juventud","tag-ixtenco","tag-municipios","tag-tlaxcala","tag-universidad-intercultutal"],"aioseo_notices":[],"_links":{"self":[{"href":"https:\/\/estado29.mx\/index.php?rest_route=\/wp\/v2\/posts\/91821","targetHints":{"allow":["GET"]}}],"collection":[{"href":"https:\/\/estado29.mx\/index.php?rest_route=\/wp\/v2\/posts"}],"about":[{"href":"https:\/\/estado29.mx\/index.php?rest_route=\/wp\/v2\/types\/post"}],"author":[{"embeddable":true,"href":"https:\/\/estado29.mx\/index.php?rest_route=\/wp\/v2\/users\/4"}],"replies":[{"embeddable":true,"href":"https:\/\/estado29.mx\/index.php?rest_route=%2Fwp%2Fv2%2Fcomments&post=91821"}],"version-history":[{"count":2,"href":"https:\/\/estado29.mx\/index.php?rest_route=\/wp\/v2\/posts\/91821\/revisions"}],"predecessor-version":[{"id":91824,"href":"https:\/\/estado29.mx\/index.php?rest_route=\/wp\/v2\/posts\/91821\/revisions\/91824"}],"wp:featuredmedia":[{"embeddable":true,"href":"https:\/\/estado29.mx\/index.php?rest_route=\/wp\/v2\/media\/91822"}],"wp:attachment":[{"href":"https:\/\/estado29.mx\/index.php?rest_route=%2Fwp%2Fv2%2Fmedia&parent=91821"}],"wp:term":[{"taxonomy":"category","embeddable":true,"href":"https:\/\/estado29.mx\/index.php?rest_route=%2Fwp%2Fv2%2Fcategories&post=91821"},{"taxonomy":"post_tag","embeddable":true,"href":"https:\/\/estado29.mx\/index.php?rest_route=%2Fwp%2Fv2%2Ftags&post=91821"}],"curies":[{"name":"wp","href":"https:\/\/api.w.org\/{rel}","templated":true}]}}