{"id":91828,"date":"2024-12-03T18:53:55","date_gmt":"2024-12-03T18:53:55","guid":{"rendered":"https:\/\/estado29.mx\/?p=91828"},"modified":"2024-12-03T18:53:56","modified_gmt":"2024-12-03T18:53:56","slug":"llevan-a-cabo-en-tequexquitla-operativo-de-regulacion-a-establecimientos-con-venta-de-bebidas-alcoholicas","status":"publish","type":"post","link":"https:\/\/estado29.mx\/?p=91828","title":{"rendered":"Llevan a cabo en Tequexquitla Operativo de Regulaci\u00f3n a Establecimientos con Venta de Bebidas Alcoh\u00f3licas."},"content":{"rendered":"\n<p><br>El Director de Protecci\u00f3n Civil en El Carmen Tequexquitla, el T\u00e9cnico en Atenci\u00f3n M\u00e9dica Pre-hospitalaria Iv\u00e1n Garc\u00eda Vega, destac\u00f3 que como parte de los trabajos que se realizan, est\u00e1 el Operativo de Regulaci\u00f3n a Establecimientos con Venta de Bebidas Alcoh\u00f3licas.<\/p>\n\n\n\n<p><br>Es este sentido, el Director de Protecci\u00f3n Civil municipal, detall\u00f3 que este operativo, se realiza de manera conjunta con la Direcci\u00f3n de Seguridad P\u00fablica, Vialidad y Transporte, as\u00ed como el Juez Municipal.<\/p>\n\n\n\n<figure class=\"wp-block-image size-large\"><img loading=\"lazy\" decoding=\"async\" width=\"1024\" height=\"768\" src=\"https:\/\/estado29.mx\/wp-content\/uploads\/2024\/12\/IMG-20241129-WA0019-1024x768.jpg\" alt=\"\" class=\"wp-image-91830\" srcset=\"https:\/\/estado29.mx\/wp-content\/uploads\/2024\/12\/IMG-20241129-WA0019-1024x768.jpg 1024w, https:\/\/estado29.mx\/wp-content\/uploads\/2024\/12\/IMG-20241129-WA0019-300x225.jpg 300w, https:\/\/estado29.mx\/wp-content\/uploads\/2024\/12\/IMG-20241129-WA0019-768x576.jpg 768w, https:\/\/estado29.mx\/wp-content\/uploads\/2024\/12\/IMG-20241129-WA0019-1536x1152.jpg 1536w, https:\/\/estado29.mx\/wp-content\/uploads\/2024\/12\/IMG-20241129-WA0019-750x563.jpg 750w, https:\/\/estado29.mx\/wp-content\/uploads\/2024\/12\/IMG-20241129-WA0019-1140x855.jpg 1140w, https:\/\/estado29.mx\/wp-content\/uploads\/2024\/12\/IMG-20241129-WA0019.jpg 1600w\" sizes=\"auto, (max-width: 1024px) 100vw, 1024px\" \/><\/figure>\n\n\n\n<p><br>El T\u00e9cnico en Atenci\u00f3n M\u00e9dica Pre-hospitalaria, destac\u00f3 que en lo que compete a esta \u00e1rea, se supervisa el cumplimiento de la medidas b\u00e1sicas en materia de lo competente, como es:<\/p>\n\n\n\n<p><br>La instalaci\u00f3n de sanitarios dentro de establecimientos, con el objetivo de prevenir situaciones que atenten contra el pudor de transe\u00fantes, as\u00ed como la iniciaci\u00f3n de focos de infecci\u00f3n.<\/p>\n\n\n\n<figure class=\"wp-block-image size-large\"><img loading=\"lazy\" decoding=\"async\" width=\"1024\" height=\"768\" src=\"https:\/\/estado29.mx\/wp-content\/uploads\/2024\/12\/IMG-20241129-WA0017-1024x768.jpg\" alt=\"\" class=\"wp-image-91831\" srcset=\"https:\/\/estado29.mx\/wp-content\/uploads\/2024\/12\/IMG-20241129-WA0017-1024x768.jpg 1024w, https:\/\/estado29.mx\/wp-content\/uploads\/2024\/12\/IMG-20241129-WA0017-300x225.jpg 300w, https:\/\/estado29.mx\/wp-content\/uploads\/2024\/12\/IMG-20241129-WA0017-768x576.jpg 768w, https:\/\/estado29.mx\/wp-content\/uploads\/2024\/12\/IMG-20241129-WA0017-1536x1152.jpg 1536w, https:\/\/estado29.mx\/wp-content\/uploads\/2024\/12\/IMG-20241129-WA0017-750x563.jpg 750w, https:\/\/estado29.mx\/wp-content\/uploads\/2024\/12\/IMG-20241129-WA0017-1140x855.jpg 1140w, https:\/\/estado29.mx\/wp-content\/uploads\/2024\/12\/IMG-20241129-WA0017.jpg 1600w\" sizes=\"auto, (max-width: 1024px) 100vw, 1024px\" \/><\/figure>\n\n\n\n<p><br>Asimismo, Iv\u00e1n Garc\u00eda Vega, agreg\u00f3 que otro de los aspectos que se supervisa es la no venta de bebidas alcoh\u00f3licas a menores de edad, derivado de los da\u00f1os que puede generar el consumo de bebidas embriagantes a temprana edad y los riesgos que representa estar bajo los efectos de las mismas.<\/p>\n\n\n\n<p><br>De igual forma, el Director de Protecci\u00f3n Civil en Tequexquitla, coment\u00f3 que se sugiere a los vendedores, que las bebidas s\u00f3lo sean para llevar, derivado de que algunos establecimientos no cuentan con los espacios para albergar a clientes y mantenerlos en las aceras p\u00fablicas, representando un riesgo por el paso de autom\u00f3viles o que se registre alguna ri\u00f1a.<\/p>\n\n\n\n<p><br>Para finalizar, Iv\u00e1n Garc\u00eda Vega, enfatiz\u00f3 que estos operativos se realizan todos los fines de semana, hasta lograr la regulaci\u00f3n de todos los establecimientos, de lo contrario, se aplicar\u00e1n sanciones administrativas o la suspensi\u00f3n temporal de los que no cumplan con este requerimiento.<\/p>\n\n\n<figure class=\"wp-block-post-featured-image\"><img loading=\"lazy\" decoding=\"async\" width=\"1600\" height=\"900\" src=\"https:\/\/estado29.mx\/wp-content\/uploads\/2024\/12\/IMG-20241129-WA0020.jpg\" class=\"attachment-post-thumbnail size-post-thumbnail wp-post-image\" alt=\"\" style=\"object-fit:cover;\" srcset=\"https:\/\/estado29.mx\/wp-content\/uploads\/2024\/12\/IMG-20241129-WA0020.jpg 1600w, https:\/\/estado29.mx\/wp-content\/uploads\/2024\/12\/IMG-20241129-WA0020-300x169.jpg 300w, https:\/\/estado29.mx\/wp-content\/uploads\/2024\/12\/IMG-20241129-WA0020-1024x576.jpg 1024w, https:\/\/estado29.mx\/wp-content\/uploads\/2024\/12\/IMG-20241129-WA0020-768x432.jpg 768w, https:\/\/estado29.mx\/wp-content\/uploads\/2024\/12\/IMG-20241129-WA0020-1536x864.jpg 1536w, https:\/\/estado29.mx\/wp-content\/uploads\/2024\/12\/IMG-20241129-WA0020-750x422.jpg 750w, https:\/\/estado29.mx\/wp-content\/uploads\/2024\/12\/IMG-20241129-WA0020-1140x641.jpg 1140w\" sizes=\"auto, (max-width: 1600px) 100vw, 1600px\" \/><\/figure>","protected":false},"excerpt":{"rendered":"<p>El Director de Protecci\u00f3n Civil en El Carmen Tequexquitla, el T\u00e9cnico en Atenci\u00f3n M\u00e9dica Pre-hospitalaria Iv\u00e1n Garc\u00eda Vega, destac\u00f3 que como parte de los trabajos que se realizan, est\u00e1 el Operativo de Regulaci\u00f3n a Establecimientos con Venta de Bebidas Alcoh\u00f3licas. Es este sentido, el Director de Protecci\u00f3n Civil municipal, detall\u00f3 que este operativo, se realiza [&hellip;]<\/p>\n","protected":false},"author":7,"featured_media":91829,"comment_status":"open","ping_status":"open","sticky":false,"template":"","format":"standard","meta":{"om_disable_all_campaigns":false,"_monsterinsights_skip_tracking":false,"_monsterinsights_sitenote_active":false,"_monsterinsights_sitenote_note":"","_monsterinsights_sitenote_category":0,"jnews-multi-image_gallery":[],"jnews_single_post":{"subtitle":"","format":"standard","video":"","gallery":"","source_name":"","source_url":"","via_name":"","via_url":"","override_template":"0","override":[{"template":"1","single_blog_custom":"","parallax":"1","fullscreen":"1","layout":"right-sidebar","sidebar":"default-sidebar","second_sidebar":"default-sidebar","sticky_sidebar":"1","share_position":"top","share_float_style":"share-monocrhome","show_share_counter":"1","show_view_counter":"1","show_featured":"1","show_post_meta":"1","show_post_author":"1","show_post_author_image":"1","show_post_date":"1","post_date_format":"default","post_date_format_custom":"Y\/m\/d","show_post_category":"1","show_post_reading_time":"0","post_reading_time_wpm":"300","show_zoom_button":"0","zoom_button_out_step":"2","zoom_button_in_step":"3","show_post_tag":"1","show_prev_next_post":"1","show_popup_post":"1","number_popup_post":"1","show_author_box":"1","show_post_related":"0","show_inline_post_related":"0"}],"override_image_size":"0","image_override":[{"single_post_thumbnail_size":"crop-500","single_post_gallery_size":"crop-500"}],"trending_post":"0","trending_post_position":"meta","trending_post_label":"Trending","sponsored_post":"0","sponsored_post_label":"Sponsored by","sponsored_post_name":"","sponsored_post_url":"","sponsored_post_logo_enable":"0","sponsored_post_logo":"","sponsored_post_desc":"","disable_ad":"0"},"jnews_primary_category":{"id":""},"footnotes":""},"categories":[1],"tags":[],"class_list":["post-91828","post","type-post","status-publish","format-standard","has-post-thumbnail","hentry","category-uncategorized"],"aioseo_notices":[],"_links":{"self":[{"href":"https:\/\/estado29.mx\/index.php?rest_route=\/wp\/v2\/posts\/91828","targetHints":{"allow":["GET"]}}],"collection":[{"href":"https:\/\/estado29.mx\/index.php?rest_route=\/wp\/v2\/posts"}],"about":[{"href":"https:\/\/estado29.mx\/index.php?rest_route=\/wp\/v2\/types\/post"}],"author":[{"embeddable":true,"href":"https:\/\/estado29.mx\/index.php?rest_route=\/wp\/v2\/users\/7"}],"replies":[{"embeddable":true,"href":"https:\/\/estado29.mx\/index.php?rest_route=%2Fwp%2Fv2%2Fcomments&post=91828"}],"version-history":[{"count":1,"href":"https:\/\/estado29.mx\/index.php?rest_route=\/wp\/v2\/posts\/91828\/revisions"}],"predecessor-version":[{"id":91832,"href":"https:\/\/estado29.mx\/index.php?rest_route=\/wp\/v2\/posts\/91828\/revisions\/91832"}],"wp:featuredmedia":[{"embeddable":true,"href":"https:\/\/estado29.mx\/index.php?rest_route=\/wp\/v2\/media\/91829"}],"wp:attachment":[{"href":"https:\/\/estado29.mx\/index.php?rest_route=%2Fwp%2Fv2%2Fmedia&parent=91828"}],"wp:term":[{"taxonomy":"category","embeddable":true,"href":"https:\/\/estado29.mx\/index.php?rest_route=%2Fwp%2Fv2%2Fcategories&post=91828"},{"taxonomy":"post_tag","embeddable":true,"href":"https:\/\/estado29.mx\/index.php?rest_route=%2Fwp%2Fv2%2Ftags&post=91828"}],"curies":[{"name":"wp","href":"https:\/\/api.w.org\/{rel}","templated":true}]}}