{"id":91833,"date":"2024-12-03T18:56:52","date_gmt":"2024-12-03T18:56:52","guid":{"rendered":"https:\/\/estado29.mx\/?p=91833"},"modified":"2024-12-03T18:56:53","modified_gmt":"2024-12-03T18:56:53","slug":"continua-impartiendo-direccion-proteccion-civil-de-tequexquitla-capacitaciones-en-instituciones-educativas","status":"publish","type":"post","link":"https:\/\/estado29.mx\/?p=91833","title":{"rendered":"Contin\u00faa impartiendo Direcci\u00f3n Protecci\u00f3n Civil de Tequexquitla capacitaciones en Instituciones Educativas."},"content":{"rendered":"\n<p><\/p>\n\n\n\n<p>El Director de Protecci\u00f3n Civil en El Carmen Tequexquitla, el T\u00e9cnico en Atenci\u00f3n M\u00e9dica Pre-hospitalaria Iv\u00e1n Garc\u00eda Vega, inform\u00f3 que como parte de las estrategias que se han impulsado con el objetivo de fomentar la cultura de protecci\u00f3n civil en el sector escolar, se brindan capacitaciones en el tema antes mencionado en escuelas de este municipio.<\/p>\n\n\n\n<p><br>Iv\u00e1n Garc\u00eda Vega, detall\u00f3 que se brinda asesor\u00eda para la instalaci\u00f3n de unidades internas de protecci\u00f3n civil, as\u00ed como dos capacitaciones a brigadas en los temas de Uso y Manejo de Extintores y Primeros Auxilios.<\/p>\n\n\n\n<figure class=\"wp-block-image size-large\"><img loading=\"lazy\" decoding=\"async\" width=\"1024\" height=\"768\" src=\"https:\/\/estado29.mx\/wp-content\/uploads\/2024\/12\/IMG-20241129-WA0023-1024x768.jpg\" alt=\"\" class=\"wp-image-91835\" srcset=\"https:\/\/estado29.mx\/wp-content\/uploads\/2024\/12\/IMG-20241129-WA0023-1024x768.jpg 1024w, https:\/\/estado29.mx\/wp-content\/uploads\/2024\/12\/IMG-20241129-WA0023-300x225.jpg 300w, https:\/\/estado29.mx\/wp-content\/uploads\/2024\/12\/IMG-20241129-WA0023-768x576.jpg 768w, https:\/\/estado29.mx\/wp-content\/uploads\/2024\/12\/IMG-20241129-WA0023-1536x1152.jpg 1536w, https:\/\/estado29.mx\/wp-content\/uploads\/2024\/12\/IMG-20241129-WA0023-750x563.jpg 750w, https:\/\/estado29.mx\/wp-content\/uploads\/2024\/12\/IMG-20241129-WA0023-1140x855.jpg 1140w, https:\/\/estado29.mx\/wp-content\/uploads\/2024\/12\/IMG-20241129-WA0023.jpg 1600w\" sizes=\"auto, (max-width: 1024px) 100vw, 1024px\" \/><\/figure>\n\n\n\n<p><br>En este sentido, el Director de Protecci\u00f3n Civil Municipal, agreg\u00f3 que en lo que va de la presente administraci\u00f3n, se han cubierto un total de 7 instituciones educativas, como son:<\/p>\n\n\n\n<p><br>Escuelas Primarias Benito Ju\u00e1rez, Adolfo L\u00f3pez Mateos, Josefa Ortiz de Dom\u00ednguez, Instituto Mar\u00eda Guadalupe Bernal L\u00f3pez, Telesecundaria \u201cAlberto Correa\u201d, ubicada en el Barrio de Guadalupe, Jard\u00edn de Ni\u00f1os Miguel Hidalgo y Centro de Atenci\u00f3n Integral.<\/p>\n\n\n\n<figure class=\"wp-block-image size-large\"><img loading=\"lazy\" decoding=\"async\" width=\"1024\" height=\"576\" src=\"https:\/\/estado29.mx\/wp-content\/uploads\/2024\/12\/IMG-20241129-WA0026-1024x576.jpg\" alt=\"\" class=\"wp-image-91836\" srcset=\"https:\/\/estado29.mx\/wp-content\/uploads\/2024\/12\/IMG-20241129-WA0026-1024x576.jpg 1024w, https:\/\/estado29.mx\/wp-content\/uploads\/2024\/12\/IMG-20241129-WA0026-300x169.jpg 300w, https:\/\/estado29.mx\/wp-content\/uploads\/2024\/12\/IMG-20241129-WA0026-768x432.jpg 768w, https:\/\/estado29.mx\/wp-content\/uploads\/2024\/12\/IMG-20241129-WA0026-1536x864.jpg 1536w, https:\/\/estado29.mx\/wp-content\/uploads\/2024\/12\/IMG-20241129-WA0026-750x422.jpg 750w, https:\/\/estado29.mx\/wp-content\/uploads\/2024\/12\/IMG-20241129-WA0026-1140x641.jpg 1140w, https:\/\/estado29.mx\/wp-content\/uploads\/2024\/12\/IMG-20241129-WA0026.jpg 1600w\" sizes=\"auto, (max-width: 1024px) 100vw, 1024px\" \/><\/figure>\n\n\n\n<p><br>En este sentido, el Director de Protecci\u00f3n Civil Municipal, destac\u00f3 que se pretende que al finalizar el ciclo escolar 2024- 2025, por lo menos se tenga un alcance del 70 por ciento de instituciones capacitadas, de las 27 que existen en el lugar, con la finalidad de que tengan los conocimientos de c\u00f3mo actuar en caso de emergencias.<\/p>\n\n\n<figure class=\"wp-block-post-featured-image\"><img loading=\"lazy\" decoding=\"async\" width=\"1600\" height=\"1200\" src=\"https:\/\/estado29.mx\/wp-content\/uploads\/2024\/12\/IMG-20241129-WA0024.jpg\" class=\"attachment-post-thumbnail size-post-thumbnail wp-post-image\" alt=\"\" style=\"object-fit:cover;\" srcset=\"https:\/\/estado29.mx\/wp-content\/uploads\/2024\/12\/IMG-20241129-WA0024.jpg 1600w, https:\/\/estado29.mx\/wp-content\/uploads\/2024\/12\/IMG-20241129-WA0024-300x225.jpg 300w, https:\/\/estado29.mx\/wp-content\/uploads\/2024\/12\/IMG-20241129-WA0024-1024x768.jpg 1024w, https:\/\/estado29.mx\/wp-content\/uploads\/2024\/12\/IMG-20241129-WA0024-768x576.jpg 768w, https:\/\/estado29.mx\/wp-content\/uploads\/2024\/12\/IMG-20241129-WA0024-1536x1152.jpg 1536w, https:\/\/estado29.mx\/wp-content\/uploads\/2024\/12\/IMG-20241129-WA0024-750x563.jpg 750w, https:\/\/estado29.mx\/wp-content\/uploads\/2024\/12\/IMG-20241129-WA0024-1140x855.jpg 1140w\" sizes=\"auto, (max-width: 1600px) 100vw, 1600px\" \/><\/figure>","protected":false},"excerpt":{"rendered":"<p>El Director de Protecci\u00f3n Civil en El Carmen Tequexquitla, el T\u00e9cnico en Atenci\u00f3n M\u00e9dica Pre-hospitalaria Iv\u00e1n Garc\u00eda Vega, inform\u00f3 que como parte de las estrategias que se han impulsado con el objetivo de fomentar la cultura de protecci\u00f3n civil en el sector escolar, se brindan capacitaciones en el tema antes mencionado en escuelas de este [&hellip;]<\/p>\n","protected":false},"author":7,"featured_media":91834,"comment_status":"open","ping_status":"open","sticky":false,"template":"","format":"standard","meta":{"om_disable_all_campaigns":false,"_monsterinsights_skip_tracking":false,"_monsterinsights_sitenote_active":false,"_monsterinsights_sitenote_note":"","_monsterinsights_sitenote_category":0,"jnews-multi-image_gallery":[],"jnews_single_post":{"subtitle":"","format":"standard","video":"","gallery":"","source_name":"","source_url":"","via_name":"","via_url":"","override_template":"0","override":[{"template":"1","single_blog_custom":"","parallax":"1","fullscreen":"1","layout":"right-sidebar","sidebar":"default-sidebar","second_sidebar":"default-sidebar","sticky_sidebar":"1","share_position":"top","share_float_style":"share-monocrhome","show_share_counter":"1","show_view_counter":"1","show_featured":"1","show_post_meta":"1","show_post_author":"1","show_post_author_image":"1","show_post_date":"1","post_date_format":"default","post_date_format_custom":"Y\/m\/d","show_post_category":"1","show_post_reading_time":"0","post_reading_time_wpm":"300","show_zoom_button":"0","zoom_button_out_step":"2","zoom_button_in_step":"3","show_post_tag":"1","show_prev_next_post":"1","show_popup_post":"1","number_popup_post":"1","show_author_box":"1","show_post_related":"0","show_inline_post_related":"0"}],"override_image_size":"0","image_override":[{"single_post_thumbnail_size":"crop-500","single_post_gallery_size":"crop-500"}],"trending_post":"0","trending_post_position":"meta","trending_post_label":"Trending","sponsored_post":"0","sponsored_post_label":"Sponsored by","sponsored_post_name":"","sponsored_post_url":"","sponsored_post_logo_enable":"0","sponsored_post_logo":"","sponsored_post_desc":"","disable_ad":"0"},"jnews_primary_category":{"id":""},"footnotes":""},"categories":[1],"tags":[],"class_list":["post-91833","post","type-post","status-publish","format-standard","has-post-thumbnail","hentry","category-uncategorized"],"aioseo_notices":[],"_links":{"self":[{"href":"https:\/\/estado29.mx\/index.php?rest_route=\/wp\/v2\/posts\/91833","targetHints":{"allow":["GET"]}}],"collection":[{"href":"https:\/\/estado29.mx\/index.php?rest_route=\/wp\/v2\/posts"}],"about":[{"href":"https:\/\/estado29.mx\/index.php?rest_route=\/wp\/v2\/types\/post"}],"author":[{"embeddable":true,"href":"https:\/\/estado29.mx\/index.php?rest_route=\/wp\/v2\/users\/7"}],"replies":[{"embeddable":true,"href":"https:\/\/estado29.mx\/index.php?rest_route=%2Fwp%2Fv2%2Fcomments&post=91833"}],"version-history":[{"count":1,"href":"https:\/\/estado29.mx\/index.php?rest_route=\/wp\/v2\/posts\/91833\/revisions"}],"predecessor-version":[{"id":91837,"href":"https:\/\/estado29.mx\/index.php?rest_route=\/wp\/v2\/posts\/91833\/revisions\/91837"}],"wp:featuredmedia":[{"embeddable":true,"href":"https:\/\/estado29.mx\/index.php?rest_route=\/wp\/v2\/media\/91834"}],"wp:attachment":[{"href":"https:\/\/estado29.mx\/index.php?rest_route=%2Fwp%2Fv2%2Fmedia&parent=91833"}],"wp:term":[{"taxonomy":"category","embeddable":true,"href":"https:\/\/estado29.mx\/index.php?rest_route=%2Fwp%2Fv2%2Fcategories&post=91833"},{"taxonomy":"post_tag","embeddable":true,"href":"https:\/\/estado29.mx\/index.php?rest_route=%2Fwp%2Fv2%2Ftags&post=91833"}],"curies":[{"name":"wp","href":"https:\/\/api.w.org\/{rel}","templated":true}]}}