{"id":91900,"date":"2024-12-05T19:30:37","date_gmt":"2024-12-05T19:30:37","guid":{"rendered":"https:\/\/estado29.mx\/?p=91900"},"modified":"2024-12-05T19:30:38","modified_gmt":"2024-12-05T19:30:38","slug":"implementan-en-tequexquitla-operativo-de-inspeccion-a-transporte-publico","status":"publish","type":"post","link":"https:\/\/estado29.mx\/?p=91900","title":{"rendered":"Implementan en Tequexquitla Operativo de Inspecci\u00f3n a Transporte P\u00fablico."},"content":{"rendered":"\n<p><br>El Comisario de Seguridad P\u00fablica, Transporte y Vialidad en El Carmen Tequexquitla, V\u00edctor Garc\u00eda Ch\u00e9ver, detall\u00f3 que como parte de las acciones que se implementan a fin de garantizar la seguridad de ciudadanos que viajan en transporte p\u00fablico, se realizan inspecciones en unidades del mismo.<\/p>\n\n\n\n<p><br>Garc\u00eda Ch\u00e9ver agreg\u00f3 que de forma diaria los elementos de seguridad inspeccionan las unidades de transporte p\u00fablico, espec\u00edficamente por las noches, que es cuando los usuarios preferentemente regresan a sus hogares.<\/p>\n\n\n\n<p><br>El Comisario de Seguridad en Tequexquitla, destac\u00f3 que este operativo se realizar\u00e1 de forma permanente a fin de que las personas que viajan en esos horarios se sientan seguros.<\/p>\n\n\n\n<p><br>Para finalizar, V\u00edctor Garc\u00eda Ch\u00e9ver, extern\u00f3 que se seguir\u00e1n implementando estrategias en el lugar, para hacer de Tequexquitla un municipio seguro.<\/p>\n\n\n<figure class=\"wp-block-post-featured-image\"><img loading=\"lazy\" decoding=\"async\" width=\"720\" height=\"1600\" src=\"https:\/\/estado29.mx\/wp-content\/uploads\/2024\/12\/IMG-20241130-WA0002.jpg\" class=\"attachment-post-thumbnail size-post-thumbnail wp-post-image\" alt=\"\" style=\"object-fit:cover;\" srcset=\"https:\/\/estado29.mx\/wp-content\/uploads\/2024\/12\/IMG-20241130-WA0002.jpg 720w, https:\/\/estado29.mx\/wp-content\/uploads\/2024\/12\/IMG-20241130-WA0002-135x300.jpg 135w, https:\/\/estado29.mx\/wp-content\/uploads\/2024\/12\/IMG-20241130-WA0002-461x1024.jpg 461w, https:\/\/estado29.mx\/wp-content\/uploads\/2024\/12\/IMG-20241130-WA0002-691x1536.jpg 691w\" sizes=\"auto, (max-width: 720px) 100vw, 720px\" \/><\/figure>","protected":false},"excerpt":{"rendered":"<p>El Comisario de Seguridad P\u00fablica, Transporte y Vialidad en El Carmen Tequexquitla, V\u00edctor Garc\u00eda Ch\u00e9ver, detall\u00f3 que como parte de las acciones que se implementan a fin de garantizar la seguridad de ciudadanos que viajan en transporte p\u00fablico, se realizan inspecciones en unidades del mismo. Garc\u00eda Ch\u00e9ver agreg\u00f3 que de forma diaria los elementos de [&hellip;]<\/p>\n","protected":false},"author":7,"featured_media":91901,"comment_status":"open","ping_status":"open","sticky":false,"template":"","format":"standard","meta":{"om_disable_all_campaigns":false,"_monsterinsights_skip_tracking":false,"_monsterinsights_sitenote_active":false,"_monsterinsights_sitenote_note":"","_monsterinsights_sitenote_category":0,"jnews-multi-image_gallery":[],"jnews_single_post":{"subtitle":"","format":"standard","video":"","gallery":"","source_name":"","source_url":"","via_name":"","via_url":"","override_template":"0","override":[{"template":"1","single_blog_custom":"","parallax":"1","fullscreen":"1","layout":"right-sidebar","sidebar":"default-sidebar","second_sidebar":"default-sidebar","sticky_sidebar":"1","share_position":"top","share_float_style":"share-monocrhome","show_share_counter":"1","show_view_counter":"1","show_featured":"1","show_post_meta":"1","show_post_author":"1","show_post_author_image":"1","show_post_date":"1","post_date_format":"default","post_date_format_custom":"Y\/m\/d","show_post_category":"1","show_post_reading_time":"0","post_reading_time_wpm":"300","show_zoom_button":"0","zoom_button_out_step":"2","zoom_button_in_step":"3","show_post_tag":"1","show_prev_next_post":"1","show_popup_post":"1","number_popup_post":"1","show_author_box":"1","show_post_related":"0","show_inline_post_related":"0"}],"override_image_size":"0","image_override":[{"single_post_thumbnail_size":"crop-500","single_post_gallery_size":"crop-500"}],"trending_post":"0","trending_post_position":"meta","trending_post_label":"Trending","sponsored_post":"0","sponsored_post_label":"Sponsored by","sponsored_post_name":"","sponsored_post_url":"","sponsored_post_logo_enable":"0","sponsored_post_logo":"","sponsored_post_desc":"","disable_ad":"0"},"jnews_primary_category":{"id":""},"footnotes":""},"categories":[1],"tags":[],"class_list":["post-91900","post","type-post","status-publish","format-standard","has-post-thumbnail","hentry","category-uncategorized"],"aioseo_notices":[],"_links":{"self":[{"href":"https:\/\/estado29.mx\/index.php?rest_route=\/wp\/v2\/posts\/91900","targetHints":{"allow":["GET"]}}],"collection":[{"href":"https:\/\/estado29.mx\/index.php?rest_route=\/wp\/v2\/posts"}],"about":[{"href":"https:\/\/estado29.mx\/index.php?rest_route=\/wp\/v2\/types\/post"}],"author":[{"embeddable":true,"href":"https:\/\/estado29.mx\/index.php?rest_route=\/wp\/v2\/users\/7"}],"replies":[{"embeddable":true,"href":"https:\/\/estado29.mx\/index.php?rest_route=%2Fwp%2Fv2%2Fcomments&post=91900"}],"version-history":[{"count":1,"href":"https:\/\/estado29.mx\/index.php?rest_route=\/wp\/v2\/posts\/91900\/revisions"}],"predecessor-version":[{"id":91902,"href":"https:\/\/estado29.mx\/index.php?rest_route=\/wp\/v2\/posts\/91900\/revisions\/91902"}],"wp:featuredmedia":[{"embeddable":true,"href":"https:\/\/estado29.mx\/index.php?rest_route=\/wp\/v2\/media\/91901"}],"wp:attachment":[{"href":"https:\/\/estado29.mx\/index.php?rest_route=%2Fwp%2Fv2%2Fmedia&parent=91900"}],"wp:term":[{"taxonomy":"category","embeddable":true,"href":"https:\/\/estado29.mx\/index.php?rest_route=%2Fwp%2Fv2%2Fcategories&post=91900"},{"taxonomy":"post_tag","embeddable":true,"href":"https:\/\/estado29.mx\/index.php?rest_route=%2Fwp%2Fv2%2Ftags&post=91900"}],"curies":[{"name":"wp","href":"https:\/\/api.w.org\/{rel}","templated":true}]}}