{"id":91903,"date":"2024-12-05T19:33:05","date_gmt":"2024-12-05T19:33:05","guid":{"rendered":"https:\/\/estado29.mx\/?p=91903"},"modified":"2024-12-05T19:33:06","modified_gmt":"2024-12-05T19:33:06","slug":"invitan-asociacion-cultural-piedra-de-sol-y-centro-cultural-huamantla-a-ciclo-de-cine-temporada-de-navidad","status":"publish","type":"post","link":"https:\/\/estado29.mx\/?p=91903","title":{"rendered":"Invitan Asociaci\u00f3n Cultural Piedra de Sol y Centro Cultural Huamantla a Ciclo de Cine Temporada de Navidad."},"content":{"rendered":"\n<p><br>La Asociaci\u00f3n Cultural Piedra de Sol y el Centro Cultural Huamantla, hacen la invitaci\u00f3n a la ciudadan\u00eda en general, para que asistan el d\u00eda de hoy jueves 5 de diciembre, ser part\u00edcipes del Ciclo de Cine, Temporada de Navidad.<\/p>\n\n\n\n<p><br>Esta actividad, tendr\u00e1 lugar en las instalaciones del Centro Cultural Huamantla, a las cuatro de la tarde.<br>Este d\u00eda, se tendr\u00e1 la presentaci\u00f3n de \u201cEl Abeto\u201d basado en el cuento de Hans Christian Andersen.<\/p>\n\n\n\n<p><br>Cabe resaltar, que este evento no tiene costo de acceso y es completamente familiar, por lo que hacen extensa la invitaci\u00f3n a la ciudadan\u00eda de Huamantla para que asistan a este Ciclo de Cine.<\/p>\n\n\n<figure class=\"wp-block-post-featured-image\"><img loading=\"lazy\" decoding=\"async\" width=\"1101\" height=\"1600\" src=\"https:\/\/estado29.mx\/wp-content\/uploads\/2024\/12\/IMG-20241205-WA0001.jpg\" class=\"attachment-post-thumbnail size-post-thumbnail wp-post-image\" alt=\"\" style=\"object-fit:cover;\" srcset=\"https:\/\/estado29.mx\/wp-content\/uploads\/2024\/12\/IMG-20241205-WA0001.jpg 1101w, https:\/\/estado29.mx\/wp-content\/uploads\/2024\/12\/IMG-20241205-WA0001-206x300.jpg 206w, https:\/\/estado29.mx\/wp-content\/uploads\/2024\/12\/IMG-20241205-WA0001-705x1024.jpg 705w, https:\/\/estado29.mx\/wp-content\/uploads\/2024\/12\/IMG-20241205-WA0001-768x1116.jpg 768w, https:\/\/estado29.mx\/wp-content\/uploads\/2024\/12\/IMG-20241205-WA0001-1057x1536.jpg 1057w, https:\/\/estado29.mx\/wp-content\/uploads\/2024\/12\/IMG-20241205-WA0001-750x1090.jpg 750w\" sizes=\"auto, (max-width: 1101px) 100vw, 1101px\" \/><\/figure>","protected":false},"excerpt":{"rendered":"<p>La Asociaci\u00f3n Cultural Piedra de Sol y el Centro Cultural Huamantla, hacen la invitaci\u00f3n a la ciudadan\u00eda en general, para que asistan el d\u00eda de hoy jueves 5 de diciembre, ser part\u00edcipes del Ciclo de Cine, Temporada de Navidad. Esta actividad, tendr\u00e1 lugar en las instalaciones del Centro Cultural Huamantla, a las cuatro de la [&hellip;]<\/p>\n","protected":false},"author":7,"featured_media":91904,"comment_status":"open","ping_status":"open","sticky":false,"template":"","format":"standard","meta":{"om_disable_all_campaigns":false,"_monsterinsights_skip_tracking":false,"_monsterinsights_sitenote_active":false,"_monsterinsights_sitenote_note":"","_monsterinsights_sitenote_category":0,"jnews-multi-image_gallery":[],"jnews_single_post":{"subtitle":"","format":"standard","video":"","gallery":"","source_name":"","source_url":"","via_name":"","via_url":"","override_template":"0","override":[{"template":"1","single_blog_custom":"","parallax":"1","fullscreen":"1","layout":"right-sidebar","sidebar":"default-sidebar","second_sidebar":"default-sidebar","sticky_sidebar":"1","share_position":"top","share_float_style":"share-monocrhome","show_share_counter":"1","show_view_counter":"1","show_featured":"1","show_post_meta":"1","show_post_author":"1","show_post_author_image":"1","show_post_date":"1","post_date_format":"default","post_date_format_custom":"Y\/m\/d","show_post_category":"1","show_post_reading_time":"0","post_reading_time_wpm":"300","show_zoom_button":"0","zoom_button_out_step":"2","zoom_button_in_step":"3","show_post_tag":"1","show_prev_next_post":"1","show_popup_post":"1","number_popup_post":"1","show_author_box":"1","show_post_related":"0","show_inline_post_related":"0"}],"override_image_size":"0","image_override":[{"single_post_thumbnail_size":"crop-500","single_post_gallery_size":"crop-500"}],"trending_post":"0","trending_post_position":"meta","trending_post_label":"Trending","sponsored_post":"0","sponsored_post_label":"Sponsored by","sponsored_post_name":"","sponsored_post_url":"","sponsored_post_logo_enable":"0","sponsored_post_logo":"","sponsored_post_desc":"","disable_ad":"0"},"jnews_primary_category":{"id":""},"footnotes":""},"categories":[1],"tags":[],"class_list":["post-91903","post","type-post","status-publish","format-standard","has-post-thumbnail","hentry","category-uncategorized"],"aioseo_notices":[],"_links":{"self":[{"href":"https:\/\/estado29.mx\/index.php?rest_route=\/wp\/v2\/posts\/91903","targetHints":{"allow":["GET"]}}],"collection":[{"href":"https:\/\/estado29.mx\/index.php?rest_route=\/wp\/v2\/posts"}],"about":[{"href":"https:\/\/estado29.mx\/index.php?rest_route=\/wp\/v2\/types\/post"}],"author":[{"embeddable":true,"href":"https:\/\/estado29.mx\/index.php?rest_route=\/wp\/v2\/users\/7"}],"replies":[{"embeddable":true,"href":"https:\/\/estado29.mx\/index.php?rest_route=%2Fwp%2Fv2%2Fcomments&post=91903"}],"version-history":[{"count":1,"href":"https:\/\/estado29.mx\/index.php?rest_route=\/wp\/v2\/posts\/91903\/revisions"}],"predecessor-version":[{"id":91905,"href":"https:\/\/estado29.mx\/index.php?rest_route=\/wp\/v2\/posts\/91903\/revisions\/91905"}],"wp:featuredmedia":[{"embeddable":true,"href":"https:\/\/estado29.mx\/index.php?rest_route=\/wp\/v2\/media\/91904"}],"wp:attachment":[{"href":"https:\/\/estado29.mx\/index.php?rest_route=%2Fwp%2Fv2%2Fmedia&parent=91903"}],"wp:term":[{"taxonomy":"category","embeddable":true,"href":"https:\/\/estado29.mx\/index.php?rest_route=%2Fwp%2Fv2%2Fcategories&post=91903"},{"taxonomy":"post_tag","embeddable":true,"href":"https:\/\/estado29.mx\/index.php?rest_route=%2Fwp%2Fv2%2Ftags&post=91903"}],"curies":[{"name":"wp","href":"https:\/\/api.w.org\/{rel}","templated":true}]}}