{"id":91913,"date":"2024-12-06T20:16:31","date_gmt":"2024-12-06T20:16:31","guid":{"rendered":"https:\/\/estado29.mx\/?p=91913"},"modified":"2024-12-06T20:16:31","modified_gmt":"2024-12-06T20:16:31","slug":"anuncia-grupo-de-ensamble-de-musica-tradicional-sus-participaciones-en-este-mes-de-diciembre","status":"publish","type":"post","link":"https:\/\/estado29.mx\/?p=91913","title":{"rendered":"Anuncia Grupo de Ensamble de M\u00fasica Tradicional sus participaciones en este mes de diciembre."},"content":{"rendered":"\n<p><br>El Grupo de Ensamble de M\u00fasica Tradicional, de el Centro Cultural Huamantla, dirigidos por el Mtro. Juan Manuel Espinoza Huich\u00e1n, anuncian la serie de presentaciones que tendr\u00e1n estos alumnos.<\/p>\n\n\n\n<p><br>El d\u00eda de hoy viernes 6 de diciembre estos alumnos iniciar\u00e1n sus presentaciones en el municipio de Tzompantepec.<\/p>\n\n\n\n<p><br>El pr\u00f3ximo domingo 8 de diciembre, se presentar\u00e1n en la explanada de Parque Ju\u00e1rez de la ciudad de Huamantla.<br>Y para finalizar sus participaciones, estar\u00e1n, interpretando diversos temas, en San Luis Apizaquito, el 14 de diciembre pr\u00f3ximo, por lo que hacen extensa la invitaci\u00f3n a la ciudadan\u00eda en general para que acudan y disfruten de la m\u00fasica, en las diversas presentaciones que ofrecer\u00e1n.<\/p>\n\n\n<figure class=\"wp-block-post-featured-image\"><img loading=\"lazy\" decoding=\"async\" width=\"2560\" height=\"1702\" src=\"https:\/\/estado29.mx\/wp-content\/uploads\/2024\/02\/HuamantlaCulturalCenter04-1-min-scaled.jpeg\" class=\"attachment-post-thumbnail size-post-thumbnail wp-post-image\" alt=\"\" style=\"object-fit:cover;\" srcset=\"https:\/\/estado29.mx\/wp-content\/uploads\/2024\/02\/HuamantlaCulturalCenter04-1-min-scaled.jpeg 2560w, https:\/\/estado29.mx\/wp-content\/uploads\/2024\/02\/HuamantlaCulturalCenter04-1-min-300x199.jpeg 300w, https:\/\/estado29.mx\/wp-content\/uploads\/2024\/02\/HuamantlaCulturalCenter04-1-min-1024x681.jpeg 1024w, https:\/\/estado29.mx\/wp-content\/uploads\/2024\/02\/HuamantlaCulturalCenter04-1-min-768x511.jpeg 768w, https:\/\/estado29.mx\/wp-content\/uploads\/2024\/02\/HuamantlaCulturalCenter04-1-min-1536x1021.jpeg 1536w, https:\/\/estado29.mx\/wp-content\/uploads\/2024\/02\/HuamantlaCulturalCenter04-1-min-2048x1362.jpeg 2048w, https:\/\/estado29.mx\/wp-content\/uploads\/2024\/02\/HuamantlaCulturalCenter04-1-min-750x499.jpeg 750w, https:\/\/estado29.mx\/wp-content\/uploads\/2024\/02\/HuamantlaCulturalCenter04-1-min-1140x758.jpeg 1140w\" sizes=\"auto, (max-width: 2560px) 100vw, 2560px\" \/><\/figure>","protected":false},"excerpt":{"rendered":"<p>El Grupo de Ensamble de M\u00fasica Tradicional, de el Centro Cultural Huamantla, dirigidos por el Mtro. Juan Manuel Espinoza Huich\u00e1n, anuncian la serie de presentaciones que tendr\u00e1n estos alumnos. El d\u00eda de hoy viernes 6 de diciembre estos alumnos iniciar\u00e1n sus presentaciones en el municipio de Tzompantepec. El pr\u00f3ximo domingo 8 de diciembre, se presentar\u00e1n [&hellip;]<\/p>\n","protected":false},"author":7,"featured_media":89119,"comment_status":"open","ping_status":"open","sticky":false,"template":"","format":"standard","meta":{"om_disable_all_campaigns":false,"_monsterinsights_skip_tracking":false,"_monsterinsights_sitenote_active":false,"_monsterinsights_sitenote_note":"","_monsterinsights_sitenote_category":0,"jnews-multi-image_gallery":[],"jnews_single_post":{"subtitle":"","format":"standard","video":"","gallery":"","source_name":"","source_url":"","via_name":"","via_url":"","override_template":"0","override":[{"template":"1","single_blog_custom":"","parallax":"1","fullscreen":"1","layout":"right-sidebar","sidebar":"default-sidebar","second_sidebar":"default-sidebar","sticky_sidebar":"1","share_position":"top","share_float_style":"share-monocrhome","show_share_counter":"1","show_view_counter":"1","show_featured":"1","show_post_meta":"1","show_post_author":"1","show_post_author_image":"1","show_post_date":"1","post_date_format":"default","post_date_format_custom":"Y\/m\/d","show_post_category":"1","show_post_reading_time":"0","post_reading_time_wpm":"300","show_zoom_button":"0","zoom_button_out_step":"2","zoom_button_in_step":"3","show_post_tag":"1","show_prev_next_post":"1","show_popup_post":"1","number_popup_post":"1","show_author_box":"1","show_post_related":"0","show_inline_post_related":"0"}],"override_image_size":"0","image_override":[{"single_post_thumbnail_size":"crop-500","single_post_gallery_size":"crop-500"}],"trending_post":"0","trending_post_position":"meta","trending_post_label":"Trending","sponsored_post":"0","sponsored_post_label":"Sponsored by","sponsored_post_name":"","sponsored_post_url":"","sponsored_post_logo_enable":"0","sponsored_post_logo":"","sponsored_post_desc":"","disable_ad":"0"},"jnews_primary_category":{"id":""},"footnotes":""},"categories":[1],"tags":[],"class_list":["post-91913","post","type-post","status-publish","format-standard","has-post-thumbnail","hentry","category-uncategorized"],"aioseo_notices":[],"_links":{"self":[{"href":"https:\/\/estado29.mx\/index.php?rest_route=\/wp\/v2\/posts\/91913","targetHints":{"allow":["GET"]}}],"collection":[{"href":"https:\/\/estado29.mx\/index.php?rest_route=\/wp\/v2\/posts"}],"about":[{"href":"https:\/\/estado29.mx\/index.php?rest_route=\/wp\/v2\/types\/post"}],"author":[{"embeddable":true,"href":"https:\/\/estado29.mx\/index.php?rest_route=\/wp\/v2\/users\/7"}],"replies":[{"embeddable":true,"href":"https:\/\/estado29.mx\/index.php?rest_route=%2Fwp%2Fv2%2Fcomments&post=91913"}],"version-history":[{"count":1,"href":"https:\/\/estado29.mx\/index.php?rest_route=\/wp\/v2\/posts\/91913\/revisions"}],"predecessor-version":[{"id":91914,"href":"https:\/\/estado29.mx\/index.php?rest_route=\/wp\/v2\/posts\/91913\/revisions\/91914"}],"wp:featuredmedia":[{"embeddable":true,"href":"https:\/\/estado29.mx\/index.php?rest_route=\/wp\/v2\/media\/89119"}],"wp:attachment":[{"href":"https:\/\/estado29.mx\/index.php?rest_route=%2Fwp%2Fv2%2Fmedia&parent=91913"}],"wp:term":[{"taxonomy":"category","embeddable":true,"href":"https:\/\/estado29.mx\/index.php?rest_route=%2Fwp%2Fv2%2Fcategories&post=91913"},{"taxonomy":"post_tag","embeddable":true,"href":"https:\/\/estado29.mx\/index.php?rest_route=%2Fwp%2Fv2%2Ftags&post=91913"}],"curies":[{"name":"wp","href":"https:\/\/api.w.org\/{rel}","templated":true}]}}