{"id":91919,"date":"2024-12-06T20:19:48","date_gmt":"2024-12-06T20:19:48","guid":{"rendered":"https:\/\/estado29.mx\/?p=91919"},"modified":"2024-12-06T20:19:49","modified_gmt":"2024-12-06T20:19:49","slug":"destaca-alcaldesa-de-ixtenco-obras-que-se-realizan-en-el-municipio","status":"publish","type":"post","link":"https:\/\/estado29.mx\/?p=91919","title":{"rendered":"Destaca Alcaldesa de Ixtenco obras que se realizan en el municipio."},"content":{"rendered":"\n<p><br>La Presidenta Municipal de Ixtenco, Aline Lazo Caballero, refiri\u00f3 que como parte de las obras que se realizan en lo que va de la presente administraci\u00f3n, se inici\u00f3 con la instalaci\u00f3n de iluminaci\u00f3n en un espacio p\u00fablico que es muy transitado por pobladores.<\/p>\n\n\n\n<p><br>La alcaldesa coment\u00f3 que se estima que la instalaci\u00f3n de iluminaci\u00f3n culmine a m\u00e1s tardar el pr\u00f3ximo 15 de diciembre, obra que inicia en un parque y finaliza en Colegio de Bachilleres de ese lugar.<\/p>\n\n\n\n<p><br>Asimismo, puntualiz\u00f3 que su gobierno se basa en el eje del bienestar de los habitantes de Ixtenco, principalmente en temas de infraestructura.<\/p>\n\n\n\n<p><br>Para finalizar, la Presidenta refrend\u00f3 su compromiso en trabajar con los diversos sectores de la poblaci\u00f3n, para hacer de este municipio, un Pueblo M\u00e1gico que atraiga turismo.<\/p>\n\n\n<figure class=\"wp-block-post-featured-image\"><img loading=\"lazy\" decoding=\"async\" width=\"2560\" height=\"1920\" src=\"https:\/\/estado29.mx\/wp-content\/uploads\/2024\/12\/IMG_20241203_100638_1CS-min-scaled.jpg\" class=\"attachment-post-thumbnail size-post-thumbnail wp-post-image\" alt=\"\" style=\"object-fit:cover;\" srcset=\"https:\/\/estado29.mx\/wp-content\/uploads\/2024\/12\/IMG_20241203_100638_1CS-min-scaled.jpg 2560w, https:\/\/estado29.mx\/wp-content\/uploads\/2024\/12\/IMG_20241203_100638_1CS-min-300x225.jpg 300w, https:\/\/estado29.mx\/wp-content\/uploads\/2024\/12\/IMG_20241203_100638_1CS-min-1024x768.jpg 1024w, https:\/\/estado29.mx\/wp-content\/uploads\/2024\/12\/IMG_20241203_100638_1CS-min-768x576.jpg 768w, https:\/\/estado29.mx\/wp-content\/uploads\/2024\/12\/IMG_20241203_100638_1CS-min-1536x1152.jpg 1536w, https:\/\/estado29.mx\/wp-content\/uploads\/2024\/12\/IMG_20241203_100638_1CS-min-2048x1536.jpg 2048w, https:\/\/estado29.mx\/wp-content\/uploads\/2024\/12\/IMG_20241203_100638_1CS-min-750x563.jpg 750w, https:\/\/estado29.mx\/wp-content\/uploads\/2024\/12\/IMG_20241203_100638_1CS-min-1140x855.jpg 1140w\" sizes=\"auto, (max-width: 2560px) 100vw, 2560px\" \/><\/figure>","protected":false},"excerpt":{"rendered":"<p>La Presidenta Municipal de Ixtenco, Aline Lazo Caballero, refiri\u00f3 que como parte de las obras que se realizan en lo que va de la presente administraci\u00f3n, se inici\u00f3 con la instalaci\u00f3n de iluminaci\u00f3n en un espacio p\u00fablico que es muy transitado por pobladores. La alcaldesa coment\u00f3 que se estima que la instalaci\u00f3n de iluminaci\u00f3n culmine [&hellip;]<\/p>\n","protected":false},"author":7,"featured_media":91879,"comment_status":"open","ping_status":"open","sticky":false,"template":"","format":"standard","meta":{"om_disable_all_campaigns":false,"_monsterinsights_skip_tracking":false,"_monsterinsights_sitenote_active":false,"_monsterinsights_sitenote_note":"","_monsterinsights_sitenote_category":0,"jnews-multi-image_gallery":[],"jnews_single_post":{"subtitle":"","format":"standard","video":"","gallery":"","source_name":"","source_url":"","via_name":"","via_url":"","override_template":"0","override":[{"template":"1","single_blog_custom":"","parallax":"1","fullscreen":"1","layout":"right-sidebar","sidebar":"default-sidebar","second_sidebar":"default-sidebar","sticky_sidebar":"1","share_position":"top","share_float_style":"share-monocrhome","show_share_counter":"1","show_view_counter":"1","show_featured":"1","show_post_meta":"1","show_post_author":"1","show_post_author_image":"1","show_post_date":"1","post_date_format":"default","post_date_format_custom":"Y\/m\/d","show_post_category":"1","show_post_reading_time":"0","post_reading_time_wpm":"300","show_zoom_button":"0","zoom_button_out_step":"2","zoom_button_in_step":"3","show_post_tag":"1","show_prev_next_post":"1","show_popup_post":"1","number_popup_post":"1","show_author_box":"1","show_post_related":"0","show_inline_post_related":"0"}],"override_image_size":"0","image_override":[{"single_post_thumbnail_size":"crop-500","single_post_gallery_size":"crop-500"}],"trending_post":"0","trending_post_position":"meta","trending_post_label":"Trending","sponsored_post":"0","sponsored_post_label":"Sponsored by","sponsored_post_name":"","sponsored_post_url":"","sponsored_post_logo_enable":"0","sponsored_post_logo":"","sponsored_post_desc":"","disable_ad":"0"},"jnews_primary_category":{"id":""},"footnotes":""},"categories":[1],"tags":[],"class_list":["post-91919","post","type-post","status-publish","format-standard","has-post-thumbnail","hentry","category-uncategorized"],"aioseo_notices":[],"_links":{"self":[{"href":"https:\/\/estado29.mx\/index.php?rest_route=\/wp\/v2\/posts\/91919","targetHints":{"allow":["GET"]}}],"collection":[{"href":"https:\/\/estado29.mx\/index.php?rest_route=\/wp\/v2\/posts"}],"about":[{"href":"https:\/\/estado29.mx\/index.php?rest_route=\/wp\/v2\/types\/post"}],"author":[{"embeddable":true,"href":"https:\/\/estado29.mx\/index.php?rest_route=\/wp\/v2\/users\/7"}],"replies":[{"embeddable":true,"href":"https:\/\/estado29.mx\/index.php?rest_route=%2Fwp%2Fv2%2Fcomments&post=91919"}],"version-history":[{"count":1,"href":"https:\/\/estado29.mx\/index.php?rest_route=\/wp\/v2\/posts\/91919\/revisions"}],"predecessor-version":[{"id":91920,"href":"https:\/\/estado29.mx\/index.php?rest_route=\/wp\/v2\/posts\/91919\/revisions\/91920"}],"wp:featuredmedia":[{"embeddable":true,"href":"https:\/\/estado29.mx\/index.php?rest_route=\/wp\/v2\/media\/91879"}],"wp:attachment":[{"href":"https:\/\/estado29.mx\/index.php?rest_route=%2Fwp%2Fv2%2Fmedia&parent=91919"}],"wp:term":[{"taxonomy":"category","embeddable":true,"href":"https:\/\/estado29.mx\/index.php?rest_route=%2Fwp%2Fv2%2Fcategories&post=91919"},{"taxonomy":"post_tag","embeddable":true,"href":"https:\/\/estado29.mx\/index.php?rest_route=%2Fwp%2Fv2%2Ftags&post=91919"}],"curies":[{"name":"wp","href":"https:\/\/api.w.org\/{rel}","templated":true}]}}