{"id":91928,"date":"2024-12-06T23:39:00","date_gmt":"2024-12-06T23:39:00","guid":{"rendered":"https:\/\/estado29.mx\/?p=91928"},"modified":"2024-12-06T23:39:00","modified_gmt":"2024-12-06T23:39:00","slug":"inauguracion-de-la-autopista-tuxtla-san-cristobal-desde-chiapa-de-corzo-chiapas","status":"publish","type":"post","link":"https:\/\/estado29.mx\/?p=91928","title":{"rendered":"INAUGURACI\u00d3N DE LA AUTOPISTA TUXTLA-SAN CRIST\u00d3BAL DESDE CHIAPA DE CORZO, CHIAPAS"},"content":{"rendered":"<figure class=\"wp-block-post-featured-image\"><img loading=\"lazy\" decoding=\"async\" width=\"1600\" height=\"1176\" src=\"https:\/\/estado29.mx\/wp-content\/uploads\/2024\/12\/IMG-20241206-WA0043.jpg\" class=\"attachment-post-thumbnail size-post-thumbnail wp-post-image\" alt=\"\" style=\"object-fit:cover;\" srcset=\"https:\/\/estado29.mx\/wp-content\/uploads\/2024\/12\/IMG-20241206-WA0043.jpg 1600w, https:\/\/estado29.mx\/wp-content\/uploads\/2024\/12\/IMG-20241206-WA0043-300x221.jpg 300w, https:\/\/estado29.mx\/wp-content\/uploads\/2024\/12\/IMG-20241206-WA0043-1024x753.jpg 1024w, https:\/\/estado29.mx\/wp-content\/uploads\/2024\/12\/IMG-20241206-WA0043-768x564.jpg 768w, https:\/\/estado29.mx\/wp-content\/uploads\/2024\/12\/IMG-20241206-WA0043-1536x1129.jpg 1536w, https:\/\/estado29.mx\/wp-content\/uploads\/2024\/12\/IMG-20241206-WA0043-750x551.jpg 750w, https:\/\/estado29.mx\/wp-content\/uploads\/2024\/12\/IMG-20241206-WA0043-1140x838.jpg 1140w\" sizes=\"auto, (max-width: 1600px) 100vw, 1600px\" \/><\/figure>\n\n\n<p>   \u2060La Jefa del Ejecutivo Federal reconoci\u00f3 el trabajo de Rutilio Escand\u00f3n al frente del Gobierno de Chiapas y se\u00f1al\u00f3 que trabajar\u00e1 con el nuevo gobernador Eduardo Ram\u00edrez, quien asume el cargo el pr\u00f3ximo domingo 8 de diciembre<\/p>\n\n\n\n<p>\u2022 \u2060\u201dSepan que siempre vamos a estar cerca de ustedes&#8221;, asever\u00f3 ante las y los chiapanecos<\/p>\n\n\n\n<p>La Presidenta de M\u00e9xico, Claudia Sheinbaum Pardo inaugur\u00f3 la ampliaci\u00f3n y modernizaci\u00f3n de la Autopista Tuxtla Guti\u00e9rrez- San Crist\u00f3bal de las Casas, la cual beneficiar\u00e1 a un mill\u00f3n de personas, y con ello refrend\u00f3 el compromiso del Gobierno de M\u00e9xico de mantener cercan\u00eda con las y los chiapanecos.*&#8221;Vamos a atender todos los problemas sociales, de inseguridad, juntos aqu\u00ed en Chiapas, tiene sus complicaciones siempre, pero lo peor es darse la vuelta y no atenderlos, sepan que siempre vamos a estar cerca de ustedes, pase lo que pase. Muchas felicidades, Rutilio, por tu gobierno. Realmente nos sentimos muy orgullosos del trabajo que has hecho. Y muchas felicidades a Eduardo por este nuevo gobierno que inicia en el glorioso y grandioso estado de Chiapas. \u00a1Que viva Chiapas!\u201d*, puntualiz\u00f3.Adem\u00e1s, inform\u00f3 que la Secretar\u00eda de Gobernaci\u00f3n, en coordinaci\u00f3n con el gobierno del estado, atender\u00e1 la situaci\u00f3n que se ha presentado en la comunidad de Pantelh\u00f3.<\/p>\n\n\n\n<p>Celebr\u00f3 que el pueblo de Chiapas decidi\u00f3 en las elecciones del pasado 2 de junio que la Cuarta Transformaci\u00f3n de la Vida P\u00fablica de M\u00e9xico contin\u00fae en la entidad y en todo el pa\u00eds, lo que significa mantener los Programas para el Bienestar, la construcci\u00f3n m\u00e1s centros de educaci\u00f3n superior como la Universidad Nacional Rosario Castellanos, que tendr\u00e1 uno de sus primeros planteles en Comit\u00e1n, as\u00ed como la construcci\u00f3n de los Polos del Bienestar en el municipio de Tapachula, los cuales generar\u00e1n inversiones y bienestar.<\/p>\n\n\n\n<p>En la Inauguraci\u00f3n de la autopista Tuxtla Guti\u00e9rrez &#8211; San Crist\u00f3bal de las Casas, el secretario de Infraestructura, Comunicaciones y Transportes, Jes\u00fas Antonio Esteva Medina, inform\u00f3 que la nueva autopista, que inici\u00f3 el expresidente Andr\u00e9s Manuel L\u00f3pez Obrador, signific\u00f3 una inversi\u00f3n de mil 45 millones de pesos (mdp) en beneficio de un mill\u00f3n de habitantes.<\/p>\n","protected":false},"excerpt":{"rendered":"<p>\u2060La Jefa del Ejecutivo Federal reconoci\u00f3 el trabajo de Rutilio Escand\u00f3n al frente del Gobierno de Chiapas y se\u00f1al\u00f3 que trabajar\u00e1 con el nuevo gobernador Eduardo Ram\u00edrez, quien asume el cargo el pr\u00f3ximo domingo 8 de diciembre \u2022 \u2060\u201dSepan que siempre vamos a estar cerca de ustedes&#8221;, asever\u00f3 ante las y los chiapanecos La Presidenta [&hellip;]<\/p>\n","protected":false},"author":4,"featured_media":91929,"comment_status":"open","ping_status":"open","sticky":false,"template":"","format":"standard","meta":{"om_disable_all_campaigns":false,"_monsterinsights_skip_tracking":false,"_monsterinsights_sitenote_active":false,"_monsterinsights_sitenote_note":"","_monsterinsights_sitenote_category":0,"jnews-multi-image_gallery":[],"jnews_single_post":{"subtitle":"","format":"standard","video":"","gallery":"","source_name":"","source_url":"","via_name":"","via_url":"","override_template":"0","override":[{"template":"1","single_blog_custom":"","parallax":"1","fullscreen":"1","layout":"right-sidebar","sidebar":"default-sidebar","second_sidebar":"default-sidebar","sticky_sidebar":"1","share_position":"top","share_float_style":"share-monocrhome","show_share_counter":"1","show_view_counter":"1","show_featured":"1","show_post_meta":"1","show_post_author":"1","show_post_author_image":"1","show_post_date":"1","post_date_format":"default","post_date_format_custom":"Y\/m\/d","show_post_category":"1","show_post_reading_time":"0","post_reading_time_wpm":"300","show_zoom_button":"0","zoom_button_out_step":"2","zoom_button_in_step":"3","show_post_tag":"1","show_prev_next_post":"1","show_popup_post":"1","number_popup_post":"1","show_author_box":"1","show_post_related":"0","show_inline_post_related":"0"}],"override_image_size":"0","image_override":[{"single_post_thumbnail_size":"crop-500","single_post_gallery_size":"crop-500"}],"trending_post":"0","trending_post_position":"meta","trending_post_label":"Trending","sponsored_post":"0","sponsored_post_label":"Sponsored by","sponsored_post_name":"","sponsored_post_url":"","sponsored_post_logo_enable":"0","sponsored_post_logo":"","sponsored_post_desc":"","disable_ad":"0"},"jnews_primary_category":{"id":""},"footnotes":""},"categories":[1],"tags":[],"class_list":["post-91928","post","type-post","status-publish","format-standard","has-post-thumbnail","hentry","category-uncategorized"],"aioseo_notices":[],"_links":{"self":[{"href":"https:\/\/estado29.mx\/index.php?rest_route=\/wp\/v2\/posts\/91928","targetHints":{"allow":["GET"]}}],"collection":[{"href":"https:\/\/estado29.mx\/index.php?rest_route=\/wp\/v2\/posts"}],"about":[{"href":"https:\/\/estado29.mx\/index.php?rest_route=\/wp\/v2\/types\/post"}],"author":[{"embeddable":true,"href":"https:\/\/estado29.mx\/index.php?rest_route=\/wp\/v2\/users\/4"}],"replies":[{"embeddable":true,"href":"https:\/\/estado29.mx\/index.php?rest_route=%2Fwp%2Fv2%2Fcomments&post=91928"}],"version-history":[{"count":1,"href":"https:\/\/estado29.mx\/index.php?rest_route=\/wp\/v2\/posts\/91928\/revisions"}],"predecessor-version":[{"id":91930,"href":"https:\/\/estado29.mx\/index.php?rest_route=\/wp\/v2\/posts\/91928\/revisions\/91930"}],"wp:featuredmedia":[{"embeddable":true,"href":"https:\/\/estado29.mx\/index.php?rest_route=\/wp\/v2\/media\/91929"}],"wp:attachment":[{"href":"https:\/\/estado29.mx\/index.php?rest_route=%2Fwp%2Fv2%2Fmedia&parent=91928"}],"wp:term":[{"taxonomy":"category","embeddable":true,"href":"https:\/\/estado29.mx\/index.php?rest_route=%2Fwp%2Fv2%2Fcategories&post=91928"},{"taxonomy":"post_tag","embeddable":true,"href":"https:\/\/estado29.mx\/index.php?rest_route=%2Fwp%2Fv2%2Ftags&post=91928"}],"curies":[{"name":"wp","href":"https:\/\/api.w.org\/{rel}","templated":true}]}}