{"id":91944,"date":"2024-12-07T19:53:25","date_gmt":"2024-12-07T19:53:25","guid":{"rendered":"https:\/\/estado29.mx\/?p=91944"},"modified":"2024-12-07T19:53:26","modified_gmt":"2024-12-07T19:53:26","slug":"celebracion-del-75-aniversario-de-la-congregacion-de-misioneras-del-sagrado-corazon-de-jesus-ad-gentes","status":"publish","type":"post","link":"https:\/\/estado29.mx\/?p=91944","title":{"rendered":"Celebraci\u00f3n del 75 Aniversario de la Congregaci\u00f3n de Misioneras del Sagrado Coraz\u00f3n de Jes\u00fas Ad Gentes"},"content":{"rendered":"<figure class=\"wp-block-post-featured-image\"><img loading=\"lazy\" decoding=\"async\" width=\"1079\" height=\"926\" src=\"https:\/\/estado29.mx\/wp-content\/uploads\/2024\/12\/Screenshot_2024-12-07-13-51-43-28_99c04817c0de5652397fc8b56c3b3817.jpg\" class=\"attachment-post-thumbnail size-post-thumbnail wp-post-image\" alt=\"\" style=\"object-fit:cover;\" srcset=\"https:\/\/estado29.mx\/wp-content\/uploads\/2024\/12\/Screenshot_2024-12-07-13-51-43-28_99c04817c0de5652397fc8b56c3b3817.jpg 1079w, https:\/\/estado29.mx\/wp-content\/uploads\/2024\/12\/Screenshot_2024-12-07-13-51-43-28_99c04817c0de5652397fc8b56c3b3817-300x257.jpg 300w, https:\/\/estado29.mx\/wp-content\/uploads\/2024\/12\/Screenshot_2024-12-07-13-51-43-28_99c04817c0de5652397fc8b56c3b3817-1024x879.jpg 1024w, https:\/\/estado29.mx\/wp-content\/uploads\/2024\/12\/Screenshot_2024-12-07-13-51-43-28_99c04817c0de5652397fc8b56c3b3817-768x659.jpg 768w, https:\/\/estado29.mx\/wp-content\/uploads\/2024\/12\/Screenshot_2024-12-07-13-51-43-28_99c04817c0de5652397fc8b56c3b3817-750x644.jpg 750w\" sizes=\"auto, (max-width: 1079px) 100vw, 1079px\" \/><\/figure>\n\n\n<p>La Congregaci\u00f3n de Misioneras del Sagrado Coraz\u00f3n de Jes\u00fas Ad Gentes celebr\u00f3 con gran j\u00fabilo su 75 aniversario de fundaci\u00f3n este s\u00e1bado 7 de diciembre en la Bas\u00edlica de Nuestra Se\u00f1ora de la Caridad.<\/p>\n\n\n\n<p>Con la presencia del S.E.R. Mons. Joseph Spiteri Nuncio apost\u00f3lico en M\u00e9xico, Obispo William F. de la Di\u00f3cesis de Kentuchy, Stefano Russo, Obispo de Italia, Roberto Madrigal Gallegos de la Di\u00f3cesis de Tuxpan, Veracruz, Mark Watson representante del Obispo de Louisiana Estados Unidos, entre otros arzobispos, sacerdotes, y la congregaci\u00f3n de misioneras del sagrado coraz\u00f3n de Jes\u00fas.<\/p>\n\n\n\n<p>Por su parte el Mons. Josep Spiteri Nuncio agradeci\u00f3 un a\u00f1o jubilar de esta congregaci\u00f3n:<\/p>\n\n\n\n<p>\u201cComo misioneras del sagrado coraz\u00f3n de Jes\u00fas Ad Gentes, hoy queremos dar gracias a Dios por estos 75 a\u00f1os de vida, damos gracias por el Don de los fundadores y por todos los miembros de la congregaci\u00f3n y por todas las personas que han ayudado a la fundaci\u00f3n de esta congregaci\u00f3n, renovaremos los esfuerzos para comunicar el amor de Dios al mundo&#8221;, puntualiz\u00f3.<\/p>\n\n\n\n<figure class=\"wp-block-gallery has-nested-images columns-default is-cropped wp-block-gallery-1 is-layout-flex wp-block-gallery-is-layout-flex\">\n<figure class=\"wp-block-image size-large\"><img loading=\"lazy\" decoding=\"async\" width=\"1024\" height=\"960\" data-id=\"91946\" src=\"https:\/\/estado29.mx\/wp-content\/uploads\/2024\/12\/1000239203-1024x960.jpg\" alt=\"\" class=\"wp-image-91946\" srcset=\"https:\/\/estado29.mx\/wp-content\/uploads\/2024\/12\/1000239203-1024x960.jpg 1024w, https:\/\/estado29.mx\/wp-content\/uploads\/2024\/12\/1000239203-300x281.jpg 300w, https:\/\/estado29.mx\/wp-content\/uploads\/2024\/12\/1000239203-768x720.jpg 768w, https:\/\/estado29.mx\/wp-content\/uploads\/2024\/12\/1000239203-750x703.jpg 750w, https:\/\/estado29.mx\/wp-content\/uploads\/2024\/12\/1000239203.jpg 1079w\" sizes=\"auto, (max-width: 1024px) 100vw, 1024px\" \/><\/figure>\n\n\n\n<figure class=\"wp-block-image size-large\"><img loading=\"lazy\" decoding=\"async\" width=\"1024\" height=\"930\" data-id=\"91948\" src=\"https:\/\/estado29.mx\/wp-content\/uploads\/2024\/12\/1000239201-1024x930.jpg\" alt=\"\" class=\"wp-image-91948\" srcset=\"https:\/\/estado29.mx\/wp-content\/uploads\/2024\/12\/1000239201-1024x930.jpg 1024w, https:\/\/estado29.mx\/wp-content\/uploads\/2024\/12\/1000239201-300x273.jpg 300w, https:\/\/estado29.mx\/wp-content\/uploads\/2024\/12\/1000239201-768x698.jpg 768w, https:\/\/estado29.mx\/wp-content\/uploads\/2024\/12\/1000239201-750x681.jpg 750w, https:\/\/estado29.mx\/wp-content\/uploads\/2024\/12\/1000239201.jpg 1080w\" sizes=\"auto, (max-width: 1024px) 100vw, 1024px\" \/><\/figure>\n\n\n\n<figure class=\"wp-block-image size-large\"><img loading=\"lazy\" decoding=\"async\" width=\"1024\" height=\"976\" data-id=\"91947\" src=\"https:\/\/estado29.mx\/wp-content\/uploads\/2024\/12\/1000239199-1024x976.jpg\" alt=\"\" class=\"wp-image-91947\" srcset=\"https:\/\/estado29.mx\/wp-content\/uploads\/2024\/12\/1000239199-1024x976.jpg 1024w, https:\/\/estado29.mx\/wp-content\/uploads\/2024\/12\/1000239199-300x286.jpg 300w, https:\/\/estado29.mx\/wp-content\/uploads\/2024\/12\/1000239199-768x732.jpg 768w, https:\/\/estado29.mx\/wp-content\/uploads\/2024\/12\/1000239199-750x715.jpg 750w, https:\/\/estado29.mx\/wp-content\/uploads\/2024\/12\/1000239199.jpg 1079w\" sizes=\"auto, (max-width: 1024px) 100vw, 1024px\" \/><\/figure>\n<\/figure>\n\n\n\n<p>El instituto nace el 12 de Diciembre del a\u00f1o 1949 en Chietla, Puebla, los fundadores fueron Mons. Manuel Aguilar Vergara y la Madre Evangelina de la Cruz Quevedo Garc\u00eda quienes iniciaron la fundaci\u00f3n y el Obispo Luis Munive y Escobar, acogi\u00f3 el Instituto en la Di\u00f3cesis de Tlaxcala expidiendo el decreto de erecci\u00f3n como P\u00eda Sociedad del Instituto de Misioneras del Sagrado Coraz\u00f3n de Jes\u00fas Ad Gentes, el 26 de abril de 1981.<\/p>\n\n\n\n<p>Finalmente la Hermana Evangelina y Petra dieron un mensaje durante la ceremonia, agradeciendo los 75 a\u00f1os de esta consagraci\u00f3n.<\/p>\n","protected":false},"excerpt":{"rendered":"<p>La Congregaci\u00f3n de Misioneras del Sagrado Coraz\u00f3n de Jes\u00fas Ad Gentes celebr\u00f3 con gran j\u00fabilo su 75 aniversario de fundaci\u00f3n este s\u00e1bado 7 de diciembre en la Bas\u00edlica de Nuestra Se\u00f1ora de la Caridad. Con la presencia del S.E.R. Mons. Joseph Spiteri Nuncio apost\u00f3lico en M\u00e9xico, Obispo William F. de la Di\u00f3cesis de Kentuchy, Stefano [&hellip;]<\/p>\n","protected":false},"author":4,"featured_media":91945,"comment_status":"open","ping_status":"open","sticky":false,"template":"","format":"standard","meta":{"om_disable_all_campaigns":false,"_monsterinsights_skip_tracking":false,"_monsterinsights_sitenote_active":false,"_monsterinsights_sitenote_note":"","_monsterinsights_sitenote_category":0,"jnews-multi-image_gallery":[],"jnews_single_post":{"subtitle":"","format":"standard","video":"","gallery":"","source_name":"","source_url":"","via_name":"","via_url":"","override_template":"0","override":[{"template":"1","single_blog_custom":"","parallax":"1","fullscreen":"1","layout":"right-sidebar","sidebar":"default-sidebar","second_sidebar":"default-sidebar","sticky_sidebar":"1","share_position":"top","share_float_style":"share-monocrhome","show_share_counter":"1","show_view_counter":"1","show_featured":"1","show_post_meta":"1","show_post_author":"1","show_post_author_image":"1","show_post_date":"1","post_date_format":"default","post_date_format_custom":"Y\/m\/d","show_post_category":"1","show_post_reading_time":"0","post_reading_time_wpm":"300","show_zoom_button":"0","zoom_button_out_step":"2","zoom_button_in_step":"3","show_post_tag":"1","show_prev_next_post":"1","show_popup_post":"1","number_popup_post":"1","show_author_box":"1","show_post_related":"0","show_inline_post_related":"0"}],"override_image_size":"0","image_override":[{"single_post_thumbnail_size":"crop-500","single_post_gallery_size":"crop-500"}],"trending_post":"0","trending_post_position":"meta","trending_post_label":"Trending","sponsored_post":"0","sponsored_post_label":"Sponsored by","sponsored_post_name":"","sponsored_post_url":"","sponsored_post_logo_enable":"0","sponsored_post_logo":"","sponsored_post_desc":"","disable_ad":"0"},"jnews_primary_category":{"id":""},"footnotes":""},"categories":[1],"tags":[],"class_list":["post-91944","post","type-post","status-publish","format-standard","has-post-thumbnail","hentry","category-uncategorized"],"aioseo_notices":[],"_links":{"self":[{"href":"https:\/\/estado29.mx\/index.php?rest_route=\/wp\/v2\/posts\/91944","targetHints":{"allow":["GET"]}}],"collection":[{"href":"https:\/\/estado29.mx\/index.php?rest_route=\/wp\/v2\/posts"}],"about":[{"href":"https:\/\/estado29.mx\/index.php?rest_route=\/wp\/v2\/types\/post"}],"author":[{"embeddable":true,"href":"https:\/\/estado29.mx\/index.php?rest_route=\/wp\/v2\/users\/4"}],"replies":[{"embeddable":true,"href":"https:\/\/estado29.mx\/index.php?rest_route=%2Fwp%2Fv2%2Fcomments&post=91944"}],"version-history":[{"count":1,"href":"https:\/\/estado29.mx\/index.php?rest_route=\/wp\/v2\/posts\/91944\/revisions"}],"predecessor-version":[{"id":91949,"href":"https:\/\/estado29.mx\/index.php?rest_route=\/wp\/v2\/posts\/91944\/revisions\/91949"}],"wp:featuredmedia":[{"embeddable":true,"href":"https:\/\/estado29.mx\/index.php?rest_route=\/wp\/v2\/media\/91945"}],"wp:attachment":[{"href":"https:\/\/estado29.mx\/index.php?rest_route=%2Fwp%2Fv2%2Fmedia&parent=91944"}],"wp:term":[{"taxonomy":"category","embeddable":true,"href":"https:\/\/estado29.mx\/index.php?rest_route=%2Fwp%2Fv2%2Fcategories&post=91944"},{"taxonomy":"post_tag","embeddable":true,"href":"https:\/\/estado29.mx\/index.php?rest_route=%2Fwp%2Fv2%2Ftags&post=91944"}],"curies":[{"name":"wp","href":"https:\/\/api.w.org\/{rel}","templated":true}]}}