{"id":91975,"date":"2024-12-07T22:11:50","date_gmt":"2024-12-07T22:11:50","guid":{"rendered":"https:\/\/estado29.mx\/?p=91975"},"modified":"2024-12-07T22:11:51","modified_gmt":"2024-12-07T22:11:51","slug":"elementos-de-la-ssc-y-fgj-de-la-cdmx-en-coordinacion-con-la-sspc-defensa-semar-y-fgr-detuvieron-a-dos-lideres-de-una-organizacion-criminal-con-operaciones-en-la-colonia-guerrero","status":"publish","type":"post","link":"https:\/\/estado29.mx\/?p=91975","title":{"rendered":"ELEMENTOS DE LA SSC Y FGJ DE LA CDMX, EN COORDINACI\u00d3N CON LA SSPC, DEFENSA, SEMAR Y FGR, DETUVIERON A DOS L\u00cdDERES DE UNA ORGANIZACI\u00d3N CRIMINAL CON OPERACIONES EN LA COLONIA GUERRERO"},"content":{"rendered":"<figure class=\"wp-block-post-featured-image\"><img loading=\"lazy\" decoding=\"async\" width=\"490\" height=\"696\" src=\"https:\/\/estado29.mx\/wp-content\/uploads\/2024\/12\/IMG-20241207-WA0008.jpg\" class=\"attachment-post-thumbnail size-post-thumbnail wp-post-image\" alt=\"\" style=\"object-fit:cover;\" srcset=\"https:\/\/estado29.mx\/wp-content\/uploads\/2024\/12\/IMG-20241207-WA0008.jpg 490w, https:\/\/estado29.mx\/wp-content\/uploads\/2024\/12\/IMG-20241207-WA0008-211x300.jpg 211w\" sizes=\"auto, (max-width: 490px) 100vw, 490px\" \/><\/figure>\n\n\n<p>Efectivos de la Secretar\u00eda de Seguridad Ciudadana (SSC) y de la Fiscal\u00eda General de Justicia (FGJ) capitalina, en coordinaci\u00f3n con el equipo de investigaci\u00f3n e inteligencia de la Secretar\u00eda de Seguridad y Protecci\u00f3n Ciudadana (SSPC), Secretar\u00eda de la Defensa Nacional (Defensa), Secretar\u00eda de Marina (Semar) y Fiscal\u00eda General de la Rep\u00fablica (FGR), dieron cumplimiento a dos \u00f3rdenes de aprehensi\u00f3n en contra de dos presuntos l\u00edderes de una organizaci\u00f3n criminal con operaciones en la colonia Guerrero, quienes estaban dentro de los objetivos prioritarios generadores de violencia en la Ciudad de M\u00e9xico.<\/p>\n\n\n\n<p>Este 07 de diciembre, en una operaci\u00f3n coordinada, efectivos de las diferentes corporaciones dieron cumplimiento a dos \u00f3rdenes de aprehensi\u00f3n por los delitos de asociaci\u00f3n delictuosa agravada y extorsi\u00f3n agravada, en contra de dos hombres, en la colonia Coapa Espartaco, de la alcald\u00eda Coyoac\u00e1n.Derivado de trabajos de investigaci\u00f3n y seguimiento, se ubic\u00f3 a los sujetos en el municipio de Acapulco, en el estado de Guerrero, donde se les dio seguimiento hasta su regreso a la Ciudad de M\u00e9xico, y se identific\u00f3 que ingresaron a un domicilio, por lo que se montaron vigilancias fijas y m\u00f3viles y, al salir del inmueble, presumiblemente con la intenci\u00f3n de regresar puerto, fueron detenidos.<\/p>\n\n\n\n<p>De acuerdo con las investigaciones, ambas personas son probables jefes de plaza de un grupo delictivo que operaba en la colonia Guerrero, de la alcald\u00eda Cuauht\u00e9moc, el cual tambi\u00e9n ten\u00eda presencia en el municipio de Tec\u00e1mac, en el Estado de M\u00e9xico.<\/p>\n\n\n\n<p>Al grupo delictivo que lideran se le relaciona con las agresiones a comerciantes sufridas en Bellas Artes y en un estacionamiento enfrente de la Alameda Central, ocurridos durante este a\u00f1o, donde una mujer result\u00f3 lesionada y un hombre perdi\u00f3 la vida, y est\u00e1n posiblemente vinculados con el homicidio de un hombre dedicado a la venta de carne en el mercado 2 de Abril, de la colonia Guerrero, ocurrido el pasado 07 de noviembre.<\/p>\n\n\n\n<p>Los detenidos fueron informados de las \u00f3rdenes de aprehensi\u00f3n que existen en su contra y quedaron a disposici\u00f3n de la autoridad que los requiere en un centro penitenciario de la Ciudad de M\u00e9xico.  <\/p>\n\n\n\n<p>La coordinaci\u00f3n interinstitucional entre el Gabinete de Seguridad integrado por Defensa, Marina, Guardia Nacional, SSPC y FGR; y el Gobierno de la Ciudad de M\u00e9xico es un elemento fundamental de la estrategia de Seguridad y Construcci\u00f3n de Paz en la Ciudad de M\u00e9xico; por ello, las instituciones locales y federales seguir\u00e1n trabajando para detener a los generadores de violencia que afectan a las y los habitantes de la ciudad.<\/p>\n","protected":false},"excerpt":{"rendered":"<p>Efectivos de la Secretar\u00eda de Seguridad Ciudadana (SSC) y de la Fiscal\u00eda General de Justicia (FGJ) capitalina, en coordinaci\u00f3n con el equipo de investigaci\u00f3n e inteligencia de la Secretar\u00eda de Seguridad y Protecci\u00f3n Ciudadana (SSPC), Secretar\u00eda de la Defensa Nacional (Defensa), Secretar\u00eda de Marina (Semar) y Fiscal\u00eda General de la Rep\u00fablica (FGR), dieron cumplimiento a [&hellip;]<\/p>\n","protected":false},"author":4,"featured_media":91976,"comment_status":"open","ping_status":"open","sticky":false,"template":"","format":"standard","meta":{"om_disable_all_campaigns":false,"_monsterinsights_skip_tracking":false,"_monsterinsights_sitenote_active":false,"_monsterinsights_sitenote_note":"","_monsterinsights_sitenote_category":0,"jnews-multi-image_gallery":[],"jnews_single_post":{"subtitle":"","format":"standard","video":"","gallery":"","source_name":"","source_url":"","via_name":"","via_url":"","override_template":"0","override":[{"template":"1","single_blog_custom":"","parallax":"1","fullscreen":"1","layout":"right-sidebar","sidebar":"default-sidebar","second_sidebar":"default-sidebar","sticky_sidebar":"1","share_position":"top","share_float_style":"share-monocrhome","show_share_counter":"1","show_view_counter":"1","show_featured":"1","show_post_meta":"1","show_post_author":"1","show_post_author_image":"1","show_post_date":"1","post_date_format":"default","post_date_format_custom":"Y\/m\/d","show_post_category":"1","show_post_reading_time":"0","post_reading_time_wpm":"300","show_zoom_button":"0","zoom_button_out_step":"2","zoom_button_in_step":"3","show_post_tag":"1","show_prev_next_post":"1","show_popup_post":"1","number_popup_post":"1","show_author_box":"1","show_post_related":"0","show_inline_post_related":"0"}],"override_image_size":"0","image_override":[{"single_post_thumbnail_size":"crop-500","single_post_gallery_size":"crop-500"}],"trending_post":"0","trending_post_position":"meta","trending_post_label":"Trending","sponsored_post":"0","sponsored_post_label":"Sponsored by","sponsored_post_name":"","sponsored_post_url":"","sponsored_post_logo_enable":"0","sponsored_post_logo":"","sponsored_post_desc":"","disable_ad":"0"},"jnews_primary_category":{"id":""},"footnotes":""},"categories":[1],"tags":[],"class_list":["post-91975","post","type-post","status-publish","format-standard","has-post-thumbnail","hentry","category-uncategorized"],"aioseo_notices":[],"_links":{"self":[{"href":"https:\/\/estado29.mx\/index.php?rest_route=\/wp\/v2\/posts\/91975","targetHints":{"allow":["GET"]}}],"collection":[{"href":"https:\/\/estado29.mx\/index.php?rest_route=\/wp\/v2\/posts"}],"about":[{"href":"https:\/\/estado29.mx\/index.php?rest_route=\/wp\/v2\/types\/post"}],"author":[{"embeddable":true,"href":"https:\/\/estado29.mx\/index.php?rest_route=\/wp\/v2\/users\/4"}],"replies":[{"embeddable":true,"href":"https:\/\/estado29.mx\/index.php?rest_route=%2Fwp%2Fv2%2Fcomments&post=91975"}],"version-history":[{"count":1,"href":"https:\/\/estado29.mx\/index.php?rest_route=\/wp\/v2\/posts\/91975\/revisions"}],"predecessor-version":[{"id":91977,"href":"https:\/\/estado29.mx\/index.php?rest_route=\/wp\/v2\/posts\/91975\/revisions\/91977"}],"wp:featuredmedia":[{"embeddable":true,"href":"https:\/\/estado29.mx\/index.php?rest_route=\/wp\/v2\/media\/91976"}],"wp:attachment":[{"href":"https:\/\/estado29.mx\/index.php?rest_route=%2Fwp%2Fv2%2Fmedia&parent=91975"}],"wp:term":[{"taxonomy":"category","embeddable":true,"href":"https:\/\/estado29.mx\/index.php?rest_route=%2Fwp%2Fv2%2Fcategories&post=91975"},{"taxonomy":"post_tag","embeddable":true,"href":"https:\/\/estado29.mx\/index.php?rest_route=%2Fwp%2Fv2%2Ftags&post=91975"}],"curies":[{"name":"wp","href":"https:\/\/api.w.org\/{rel}","templated":true}]}}