{"id":91995,"date":"2024-12-10T18:33:35","date_gmt":"2024-12-10T18:33:35","guid":{"rendered":"https:\/\/estado29.mx\/?p=91995"},"modified":"2024-12-10T18:33:36","modified_gmt":"2024-12-10T18:33:36","slug":"en-sinaloa-elementos-de-defensa-sspc-gn-semar-y-fgr-cumplimentaron-dos-ordenes-de-aprehension-contra-un-hombre-y-una-mujer-por-delincuencia-organizada","status":"publish","type":"post","link":"https:\/\/estado29.mx\/?p=91995","title":{"rendered":"En Sinaloa, elementos de Defensa, SSPC, GN, Semar y FGR, cumplimentaron dos \u00f3rdenes de aprehensi\u00f3n contra un hombre y una mujer por delincuencia organizada"},"content":{"rendered":"<figure class=\"wp-block-post-featured-image\"><img loading=\"lazy\" decoding=\"async\" width=\"1292\" height=\"1600\" src=\"https:\/\/estado29.mx\/wp-content\/uploads\/2024\/12\/WhatsApp-Image-2024-12-10-at-9.43.37-AM.jpeg\" class=\"attachment-post-thumbnail size-post-thumbnail wp-post-image\" alt=\"\" style=\"object-fit:cover;\" srcset=\"https:\/\/estado29.mx\/wp-content\/uploads\/2024\/12\/WhatsApp-Image-2024-12-10-at-9.43.37-AM.jpeg 1292w, https:\/\/estado29.mx\/wp-content\/uploads\/2024\/12\/WhatsApp-Image-2024-12-10-at-9.43.37-AM-242x300.jpeg 242w, https:\/\/estado29.mx\/wp-content\/uploads\/2024\/12\/WhatsApp-Image-2024-12-10-at-9.43.37-AM-827x1024.jpeg 827w, https:\/\/estado29.mx\/wp-content\/uploads\/2024\/12\/WhatsApp-Image-2024-12-10-at-9.43.37-AM-768x951.jpeg 768w, https:\/\/estado29.mx\/wp-content\/uploads\/2024\/12\/WhatsApp-Image-2024-12-10-at-9.43.37-AM-1240x1536.jpeg 1240w, https:\/\/estado29.mx\/wp-content\/uploads\/2024\/12\/WhatsApp-Image-2024-12-10-at-9.43.37-AM-750x929.jpeg 750w, https:\/\/estado29.mx\/wp-content\/uploads\/2024\/12\/WhatsApp-Image-2024-12-10-at-9.43.37-AM-1140x1412.jpeg 1140w\" sizes=\"auto, (max-width: 1292px) 100vw, 1292px\" \/><\/figure>\n\n\n<p>Los detenidos est\u00e1n vinculados con una c\u00e9lula delictiva generadora de violencia en la regi\u00f3n, a la cual prove\u00edan de droga y armas<\/p>\n\n\n\n<p>En seguimiento a labores de investigaci\u00f3n e inteligencia para detener a personas generadoras de violencia en el estado de Sinaloa, en una acci\u00f3n encabezada por elementos de la Secretar\u00eda de la Defensa Nacional (Defensa) y Secretar\u00eda de Seguridad y Protecci\u00f3n Ciudadana (SSPC), a trav\u00e9s de la Subsecretar\u00eda de Investigaci\u00f3n y del Centro Nacional de Inteligencia (CNI) y , junto con la Secretar\u00eda de Marina (Semar), Guardia Nacional (GN) y Fiscal\u00eda General de la Rep\u00fablica (FGR), se cumplimentaron dos \u00f3rdenes de aprehensi\u00f3n contra Paul Alexander \u201cN\u201d y Karla Alejandra \u201cN\u201d, por delincuencia organizada con fines de cometer delitos contra la salud y tr\u00e1fico de armas.<\/p>\n\n\n\n<p>Derivado de trabajos de investigaci\u00f3n y seguimiento, se ubicaron varios domicilios en el municipio de Culiac\u00e1n, donde se alojaban integrantes de grupos criminales, por lo que se implementaron vigilancias fijas, m\u00f3viles y discretas.<\/p>\n\n\n\n<p>Con los datos de prueba obtenidos, un juez de control liber\u00f3 los mandamientos ministeriales para intervenir un domicilio en la colonia Congreso del Estado, donde localizaron a un hombre y una mujer que coincid\u00edan con las caracter\u00edsticas de las investigaciones, tras corroborar su identidad y en apego a sus derechos humanos, los agentes de seguridad cumplimentaron las \u00f3rdenes de aprehensi\u00f3n en su contra.<\/p>\n\n\n\n<p>A Paul Alexander \u201cN\u201d y Karla Alejandra \u201cN\u201d, ambos de 32 a\u00f1os, se les informaron sus derechos constitucionales, el motivo de su detenci\u00f3n y fueron presentados ante la autoridad que los requiere.<\/p>\n\n\n\n<p>De acuerdo con l\u00edneas de investigaci\u00f3n generadas por el CNI y la Subsecretar\u00eda de Investigaci\u00f3n, se tuvo conocimiento que el detenido es identificado como operador de un grupo delictivo donde apoya a una c\u00e9lula de homicidas, a quienes provee de armas de fuego y droga, en tanto, la mujer es identificada como colaboradora de Paul Alexander \u201cN\u201d, encargada de la venta y distribuci\u00f3n de droga, adem\u00e1s de ser persona de confianza de operadores del mismo grupo delictivo.<\/p>\n\n\n\n<p>Las instituciones del Gabinete de Seguridad reiteran su compromiso de trabajar de manera coordinada con para identificar y detener a los generadores de violencia que causan da\u00f1o a la ciudadan\u00eda en el pa\u00eds.<\/p>\n","protected":false},"excerpt":{"rendered":"<p>Los detenidos est\u00e1n vinculados con una c\u00e9lula delictiva generadora de violencia en la regi\u00f3n, a la cual prove\u00edan de droga y armas En seguimiento a labores de investigaci\u00f3n e inteligencia para detener a personas generadoras de violencia en el estado de Sinaloa, en una acci\u00f3n encabezada por elementos de la Secretar\u00eda de la Defensa Nacional [&hellip;]<\/p>\n","protected":false},"author":4,"featured_media":91999,"comment_status":"open","ping_status":"open","sticky":false,"template":"","format":"standard","meta":{"om_disable_all_campaigns":false,"_monsterinsights_skip_tracking":false,"_monsterinsights_sitenote_active":false,"_monsterinsights_sitenote_note":"","_monsterinsights_sitenote_category":0,"jnews-multi-image_gallery":[],"jnews_single_post":{"subtitle":"","format":"standard","video":"","gallery":"","source_name":"","source_url":"","via_name":"","via_url":"","override_template":"0","override":[{"template":"1","single_blog_custom":"","parallax":"1","fullscreen":"1","layout":"right-sidebar","sidebar":"default-sidebar","second_sidebar":"default-sidebar","sticky_sidebar":"1","share_position":"top","share_float_style":"share-monocrhome","show_share_counter":"1","show_view_counter":"1","show_featured":"1","show_post_meta":"1","show_post_author":"1","show_post_author_image":"1","show_post_date":"1","post_date_format":"default","post_date_format_custom":"Y\/m\/d","show_post_category":"1","show_post_reading_time":"0","post_reading_time_wpm":"300","show_zoom_button":"0","zoom_button_out_step":"2","zoom_button_in_step":"3","show_post_tag":"1","show_prev_next_post":"1","show_popup_post":"1","number_popup_post":"1","show_author_box":"1","show_post_related":"0","show_inline_post_related":"0"}],"override_image_size":"0","image_override":[{"single_post_thumbnail_size":"crop-500","single_post_gallery_size":"crop-500"}],"trending_post":"0","trending_post_position":"meta","trending_post_label":"Trending","sponsored_post":"0","sponsored_post_label":"Sponsored by","sponsored_post_name":"","sponsored_post_url":"","sponsored_post_logo_enable":"0","sponsored_post_logo":"","sponsored_post_desc":"","disable_ad":"0"},"jnews_primary_category":{"id":""},"footnotes":""},"categories":[1],"tags":[],"class_list":["post-91995","post","type-post","status-publish","format-standard","has-post-thumbnail","hentry","category-uncategorized"],"aioseo_notices":[],"_links":{"self":[{"href":"https:\/\/estado29.mx\/index.php?rest_route=\/wp\/v2\/posts\/91995","targetHints":{"allow":["GET"]}}],"collection":[{"href":"https:\/\/estado29.mx\/index.php?rest_route=\/wp\/v2\/posts"}],"about":[{"href":"https:\/\/estado29.mx\/index.php?rest_route=\/wp\/v2\/types\/post"}],"author":[{"embeddable":true,"href":"https:\/\/estado29.mx\/index.php?rest_route=\/wp\/v2\/users\/4"}],"replies":[{"embeddable":true,"href":"https:\/\/estado29.mx\/index.php?rest_route=%2Fwp%2Fv2%2Fcomments&post=91995"}],"version-history":[{"count":1,"href":"https:\/\/estado29.mx\/index.php?rest_route=\/wp\/v2\/posts\/91995\/revisions"}],"predecessor-version":[{"id":92000,"href":"https:\/\/estado29.mx\/index.php?rest_route=\/wp\/v2\/posts\/91995\/revisions\/92000"}],"wp:featuredmedia":[{"embeddable":true,"href":"https:\/\/estado29.mx\/index.php?rest_route=\/wp\/v2\/media\/91999"}],"wp:attachment":[{"href":"https:\/\/estado29.mx\/index.php?rest_route=%2Fwp%2Fv2%2Fmedia&parent=91995"}],"wp:term":[{"taxonomy":"category","embeddable":true,"href":"https:\/\/estado29.mx\/index.php?rest_route=%2Fwp%2Fv2%2Fcategories&post=91995"},{"taxonomy":"post_tag","embeddable":true,"href":"https:\/\/estado29.mx\/index.php?rest_route=%2Fwp%2Fv2%2Ftags&post=91995"}],"curies":[{"name":"wp","href":"https:\/\/api.w.org\/{rel}","templated":true}]}}