{"id":92013,"date":"2024-12-10T20:13:15","date_gmt":"2024-12-10T20:13:15","guid":{"rendered":"https:\/\/estado29.mx\/?p=92013"},"modified":"2024-12-10T20:13:16","modified_gmt":"2024-12-10T20:13:16","slug":"inicia-operativo-de-seguridad-para-peregrinaciones-que-se-concentran-en-el-carmen-tequexquitla","status":"publish","type":"post","link":"https:\/\/estado29.mx\/?p=92013","title":{"rendered":"Inicia Operativo de Seguridad para peregrinaciones que se concentran en El Carmen Tequexquitla."},"content":{"rendered":"\n<p><br>El Comisario de Seguridad P\u00fablica, Transporte y Vialidad en El Carmen Tequexquitla, V\u00edctor Garc\u00eda Ch\u00e9ver, refiri\u00f3 que derivado de la afluencia de peregrinaciones que se concentran en algunos puntos del municipio, se iniciaron los trabajos para salvaguardar la integridad de estas personas, as\u00ed como garantizar la seguridad de quienes pasan la noche en el municipio.<\/p>\n\n\n\n<p><br>El Comisario de Seguridad P\u00fablica, agreg\u00f3 que estas acciones, se realizan de forma conjunta con la Secretar\u00eda de Seguridad Ciudadana, Guardia Nacional y Direcci\u00f3n de Protecci\u00f3n Civil Municipal.<\/p>\n\n\n\n<figure class=\"wp-block-image size-full\"><img loading=\"lazy\" decoding=\"async\" width=\"701\" height=\"438\" src=\"https:\/\/estado29.mx\/wp-content\/uploads\/2024\/12\/images-2.jpeg\" alt=\"\" class=\"wp-image-92017\" srcset=\"https:\/\/estado29.mx\/wp-content\/uploads\/2024\/12\/images-2.jpeg 701w, https:\/\/estado29.mx\/wp-content\/uploads\/2024\/12\/images-2-300x187.jpeg 300w\" sizes=\"auto, (max-width: 701px) 100vw, 701px\" \/><\/figure>\n\n\n\n<p><br>Asimismo, V\u00edctor Garc\u00eda Ch\u00e9ver, coment\u00f3 que este operativo ser\u00e1 las 24 horas, en las Carreteras M\u00e9xico- Veracruz y Puebla -Nautla, as\u00ed como la cobertura de eventos el pr\u00f3ximo 12 de diciembre en el Barrio de Guadalupe de este lugar.<\/p>\n\n\n\n<p><br>El Comisario de Seguridad Municipal, puntualiz\u00f3 que este operativo inici\u00f3 hoy 10 y culminar\u00e1 el 13 de diciembre, a fin de que los peregrinos que a\u00f1o con a\u00f1o se concentran en este municipio, se sientan seguros y lleguen con bien a sus destinos.<\/p>\n\n\n<figure class=\"wp-block-post-featured-image\"><img loading=\"lazy\" decoding=\"async\" width=\"2560\" height=\"1920\" src=\"https:\/\/estado29.mx\/wp-content\/uploads\/2024\/10\/IMG_20241030_181221-min-scaled.jpg\" class=\"attachment-post-thumbnail size-post-thumbnail wp-post-image\" alt=\"\" style=\"object-fit:cover;\" srcset=\"https:\/\/estado29.mx\/wp-content\/uploads\/2024\/10\/IMG_20241030_181221-min-scaled.jpg 2560w, https:\/\/estado29.mx\/wp-content\/uploads\/2024\/10\/IMG_20241030_181221-min-300x225.jpg 300w, https:\/\/estado29.mx\/wp-content\/uploads\/2024\/10\/IMG_20241030_181221-min-1024x768.jpg 1024w, https:\/\/estado29.mx\/wp-content\/uploads\/2024\/10\/IMG_20241030_181221-min-768x576.jpg 768w, https:\/\/estado29.mx\/wp-content\/uploads\/2024\/10\/IMG_20241030_181221-min-1536x1152.jpg 1536w, https:\/\/estado29.mx\/wp-content\/uploads\/2024\/10\/IMG_20241030_181221-min-2048x1536.jpg 2048w, https:\/\/estado29.mx\/wp-content\/uploads\/2024\/10\/IMG_20241030_181221-min-750x563.jpg 750w, https:\/\/estado29.mx\/wp-content\/uploads\/2024\/10\/IMG_20241030_181221-min-1140x855.jpg 1140w\" sizes=\"auto, (max-width: 2560px) 100vw, 2560px\" \/><\/figure>","protected":false},"excerpt":{"rendered":"<p>El Comisario de Seguridad P\u00fablica, Transporte y Vialidad en El Carmen Tequexquitla, V\u00edctor Garc\u00eda Ch\u00e9ver, refiri\u00f3 que derivado de la afluencia de peregrinaciones que se concentran en algunos puntos del municipio, se iniciaron los trabajos para salvaguardar la integridad de estas personas, as\u00ed como garantizar la seguridad de quienes pasan la noche en el municipio. [&hellip;]<\/p>\n","protected":false},"author":7,"featured_media":90841,"comment_status":"open","ping_status":"open","sticky":false,"template":"","format":"standard","meta":{"om_disable_all_campaigns":false,"_monsterinsights_skip_tracking":false,"_monsterinsights_sitenote_active":false,"_monsterinsights_sitenote_note":"","_monsterinsights_sitenote_category":0,"jnews-multi-image_gallery":[],"jnews_single_post":{"subtitle":"","format":"standard","video":"","gallery":"","source_name":"","source_url":"","via_name":"","via_url":"","override_template":"0","override":[{"template":"1","single_blog_custom":"","parallax":"1","fullscreen":"1","layout":"right-sidebar","sidebar":"default-sidebar","second_sidebar":"default-sidebar","sticky_sidebar":"1","share_position":"top","share_float_style":"share-monocrhome","show_share_counter":"1","show_view_counter":"1","show_featured":"1","show_post_meta":"1","show_post_author":"1","show_post_author_image":"1","show_post_date":"1","post_date_format":"default","post_date_format_custom":"Y\/m\/d","show_post_category":"1","show_post_reading_time":"0","post_reading_time_wpm":"300","show_zoom_button":"0","zoom_button_out_step":"2","zoom_button_in_step":"3","show_post_tag":"1","show_prev_next_post":"1","show_popup_post":"1","number_popup_post":"1","show_author_box":"1","show_post_related":"0","show_inline_post_related":"0"}],"override_image_size":"0","image_override":[{"single_post_thumbnail_size":"crop-500","single_post_gallery_size":"crop-500"}],"trending_post":"0","trending_post_position":"meta","trending_post_label":"Trending","sponsored_post":"0","sponsored_post_label":"Sponsored by","sponsored_post_name":"","sponsored_post_url":"","sponsored_post_logo_enable":"0","sponsored_post_logo":"","sponsored_post_desc":"","disable_ad":"0"},"jnews_primary_category":{"id":""},"footnotes":""},"categories":[1],"tags":[],"class_list":["post-92013","post","type-post","status-publish","format-standard","has-post-thumbnail","hentry","category-uncategorized"],"aioseo_notices":[],"_links":{"self":[{"href":"https:\/\/estado29.mx\/index.php?rest_route=\/wp\/v2\/posts\/92013","targetHints":{"allow":["GET"]}}],"collection":[{"href":"https:\/\/estado29.mx\/index.php?rest_route=\/wp\/v2\/posts"}],"about":[{"href":"https:\/\/estado29.mx\/index.php?rest_route=\/wp\/v2\/types\/post"}],"author":[{"embeddable":true,"href":"https:\/\/estado29.mx\/index.php?rest_route=\/wp\/v2\/users\/7"}],"replies":[{"embeddable":true,"href":"https:\/\/estado29.mx\/index.php?rest_route=%2Fwp%2Fv2%2Fcomments&post=92013"}],"version-history":[{"count":1,"href":"https:\/\/estado29.mx\/index.php?rest_route=\/wp\/v2\/posts\/92013\/revisions"}],"predecessor-version":[{"id":92018,"href":"https:\/\/estado29.mx\/index.php?rest_route=\/wp\/v2\/posts\/92013\/revisions\/92018"}],"wp:featuredmedia":[{"embeddable":true,"href":"https:\/\/estado29.mx\/index.php?rest_route=\/wp\/v2\/media\/90841"}],"wp:attachment":[{"href":"https:\/\/estado29.mx\/index.php?rest_route=%2Fwp%2Fv2%2Fmedia&parent=92013"}],"wp:term":[{"taxonomy":"category","embeddable":true,"href":"https:\/\/estado29.mx\/index.php?rest_route=%2Fwp%2Fv2%2Fcategories&post=92013"},{"taxonomy":"post_tag","embeddable":true,"href":"https:\/\/estado29.mx\/index.php?rest_route=%2Fwp%2Fv2%2Ftags&post=92013"}],"curies":[{"name":"wp","href":"https:\/\/api.w.org\/{rel}","templated":true}]}}