{"id":92080,"date":"2024-12-12T23:17:12","date_gmt":"2024-12-12T23:17:12","guid":{"rendered":"https:\/\/estado29.mx\/?p=92080"},"modified":"2024-12-12T23:17:13","modified_gmt":"2024-12-12T23:17:13","slug":"en-acciones-diferentes-en-el-estado-de-sinaloa-mediante-labores-de-inteligencia-se-cumplimentaron-dos-ordenes-de-extradicion-contra-dos-hombres","status":"publish","type":"post","link":"https:\/\/estado29.mx\/?p=92080","title":{"rendered":"En acciones diferentes en el estado de Sinaloa, mediante labores de inteligencia, se cumplimentaron dos \u00f3rdenes de extradici\u00f3n contra dos hombres"},"content":{"rendered":"<figure class=\"wp-block-post-featured-image\"><img loading=\"lazy\" decoding=\"async\" width=\"992\" height=\"950\" src=\"https:\/\/estado29.mx\/wp-content\/uploads\/2024\/12\/WhatsApp-Image-2024-12-12-at-2.12.00-PM.jpeg\" class=\"attachment-post-thumbnail size-post-thumbnail wp-post-image\" alt=\"\" style=\"object-fit:cover;\" srcset=\"https:\/\/estado29.mx\/wp-content\/uploads\/2024\/12\/WhatsApp-Image-2024-12-12-at-2.12.00-PM.jpeg 992w, https:\/\/estado29.mx\/wp-content\/uploads\/2024\/12\/WhatsApp-Image-2024-12-12-at-2.12.00-PM-300x287.jpeg 300w, https:\/\/estado29.mx\/wp-content\/uploads\/2024\/12\/WhatsApp-Image-2024-12-12-at-2.12.00-PM-768x735.jpeg 768w, https:\/\/estado29.mx\/wp-content\/uploads\/2024\/12\/WhatsApp-Image-2024-12-12-at-2.12.00-PM-750x718.jpeg 750w\" sizes=\"auto, (max-width: 992px) 100vw, 992px\" \/><\/figure>\n\n\n<p>\u2022 Las detenciones se llevaron a cabo en una operaci\u00f3n coordinada entre elementos de Defensa, Semar, FGR, GN y SSPC<\/p>\n\n\n\n<p>\u2022 Ambos detenidos son requeridos por el Servicio de Marshals de Estados Unidos<\/p>\n\n\n\n<p>Resultado de trabajos de investigaci\u00f3n e inteligencia, en el marco del reforzamiento operativo que se mantiene en el estado de Sinaloa, elementos de la Secretar\u00eda de la Defensa Nacional (Defensa), Secretar\u00eda de Marina (Semar), Fiscal\u00eda General de la Rep\u00fablica (FGR), Guardia Nacional (GN) y Secretar\u00eda de Seguridad y Protecci\u00f3n Ciudadana (SSPC) cumplimentaron dos \u00f3rdenes de aprehensi\u00f3n contra dos hombres, en Culiac\u00e1n y Guamuchil.<\/p>\n\n\n\n<p>La primera acci\u00f3n se realiz\u00f3 al dar continuidad a l\u00edneas de investigaci\u00f3n sobre generadores de violencia en la regi\u00f3n, donde los efectivos tuvieron conocimiento de un hombre que contaba con una orden de extradici\u00f3n por el Gobierno de los Estados Unidos, el cual se ocultaba en un inmueble en Culiac\u00e1n, por lo anterior se realiz\u00f3 una operaci\u00f3n coordinada en la calle Santa Teresa de Calcuta y Francisco Verdugo, de la colonia Villa del Real, donde identificaron a un sujeto que coincid\u00eda con las caracter\u00edsticas del reporte.<\/p>\n\n\n\n<p>Tras corroborar su identidad, los agentes de seguridad cumplimentaron el mandamiento judicial y detuvieron a Jos\u00e9 \u201cN\u201d, le informaron sus derechos de ley y fue presentado ante la autoridad que lo requiere quien determinar\u00e1 su situaci\u00f3n legal.<\/p>\n\n\n\n<p>Cabe mencionar que el detenido es requerido por el Servicio de Marshals de los Estados Unidos, por delitos contra la salud.<\/p>\n\n\n\n<p>El segundo evento fue con apoyo de Interpol M\u00e9xico, donde cumplimentaron una orden de extradici\u00f3n contra un sujeto por los delitos de homicidio y lesiones calificadas, luego de un trabajo interinstitucional y mediante el intercambio de informaci\u00f3n, se identific\u00f3 la zona de movilidad de una persona vinculada con un grupo delictivo en Guam\u00fachil, por lo que los agentes de seguridad se trasladaron a dicha regi\u00f3n, donde realizaron vigilancias.<\/p>\n\n\n\n<p>Fue as\u00ed que, al realizar recorridos de seguridad en la calle de \u00d3palo y Gema, colonia San Miguel, identificaron a Julio C\u00e9sar \u201cN\u201d, y tras corroborar su identidad le cumplimentaron la orden de extradici\u00f3n por los delitos de homicidio y lesiones calificadas, se le informaron sus derechos constitucionales y fue puesto a disposici\u00f3n del agente del Ministerio P\u00fablico Federal con sede en Culiac\u00e1n y posteriormente ser\u00e1 trasladado a la Ciudad de M\u00e9xico para los tr\u00e1mites correspondientes.<\/p>\n\n\n\n<p>El Gabinete de Seguridad reitera su compromiso de trabajar de manera coordinada con instituciones de seguridad y procuraci\u00f3n de justicia para identificar y detener a los generadores de violencia que causan da\u00f1o a la ciudadan\u00eda.<\/p>\n","protected":false},"excerpt":{"rendered":"<p>\u2022 Las detenciones se llevaron a cabo en una operaci\u00f3n coordinada entre elementos de Defensa, Semar, FGR, GN y SSPC \u2022 Ambos detenidos son requeridos por el Servicio de Marshals de Estados Unidos Resultado de trabajos de investigaci\u00f3n e inteligencia, en el marco del reforzamiento operativo que se mantiene en el estado de Sinaloa, elementos [&hellip;]<\/p>\n","protected":false},"author":4,"featured_media":92081,"comment_status":"open","ping_status":"open","sticky":false,"template":"","format":"standard","meta":{"om_disable_all_campaigns":false,"_monsterinsights_skip_tracking":false,"_monsterinsights_sitenote_active":false,"_monsterinsights_sitenote_note":"","_monsterinsights_sitenote_category":0,"jnews-multi-image_gallery":[],"jnews_single_post":{"subtitle":"","format":"standard","video":"","gallery":"","source_name":"","source_url":"","via_name":"","via_url":"","override_template":"0","override":[{"template":"1","single_blog_custom":"","parallax":"1","fullscreen":"1","layout":"right-sidebar","sidebar":"default-sidebar","second_sidebar":"default-sidebar","sticky_sidebar":"1","share_position":"top","share_float_style":"share-monocrhome","show_share_counter":"1","show_view_counter":"1","show_featured":"1","show_post_meta":"1","show_post_author":"1","show_post_author_image":"1","show_post_date":"1","post_date_format":"default","post_date_format_custom":"Y\/m\/d","show_post_category":"1","show_post_reading_time":"0","post_reading_time_wpm":"300","show_zoom_button":"0","zoom_button_out_step":"2","zoom_button_in_step":"3","show_post_tag":"1","show_prev_next_post":"1","show_popup_post":"1","number_popup_post":"1","show_author_box":"1","show_post_related":"0","show_inline_post_related":"0"}],"override_image_size":"0","image_override":[{"single_post_thumbnail_size":"crop-500","single_post_gallery_size":"crop-500"}],"trending_post":"0","trending_post_position":"meta","trending_post_label":"Trending","sponsored_post":"0","sponsored_post_label":"Sponsored by","sponsored_post_name":"","sponsored_post_url":"","sponsored_post_logo_enable":"0","sponsored_post_logo":"","sponsored_post_desc":"","disable_ad":"0"},"jnews_primary_category":{"id":""},"footnotes":""},"categories":[1],"tags":[],"class_list":["post-92080","post","type-post","status-publish","format-standard","has-post-thumbnail","hentry","category-uncategorized"],"aioseo_notices":[],"_links":{"self":[{"href":"https:\/\/estado29.mx\/index.php?rest_route=\/wp\/v2\/posts\/92080","targetHints":{"allow":["GET"]}}],"collection":[{"href":"https:\/\/estado29.mx\/index.php?rest_route=\/wp\/v2\/posts"}],"about":[{"href":"https:\/\/estado29.mx\/index.php?rest_route=\/wp\/v2\/types\/post"}],"author":[{"embeddable":true,"href":"https:\/\/estado29.mx\/index.php?rest_route=\/wp\/v2\/users\/4"}],"replies":[{"embeddable":true,"href":"https:\/\/estado29.mx\/index.php?rest_route=%2Fwp%2Fv2%2Fcomments&post=92080"}],"version-history":[{"count":1,"href":"https:\/\/estado29.mx\/index.php?rest_route=\/wp\/v2\/posts\/92080\/revisions"}],"predecessor-version":[{"id":92082,"href":"https:\/\/estado29.mx\/index.php?rest_route=\/wp\/v2\/posts\/92080\/revisions\/92082"}],"wp:featuredmedia":[{"embeddable":true,"href":"https:\/\/estado29.mx\/index.php?rest_route=\/wp\/v2\/media\/92081"}],"wp:attachment":[{"href":"https:\/\/estado29.mx\/index.php?rest_route=%2Fwp%2Fv2%2Fmedia&parent=92080"}],"wp:term":[{"taxonomy":"category","embeddable":true,"href":"https:\/\/estado29.mx\/index.php?rest_route=%2Fwp%2Fv2%2Fcategories&post=92080"},{"taxonomy":"post_tag","embeddable":true,"href":"https:\/\/estado29.mx\/index.php?rest_route=%2Fwp%2Fv2%2Ftags&post=92080"}],"curies":[{"name":"wp","href":"https:\/\/api.w.org\/{rel}","templated":true}]}}