{"id":92086,"date":"2024-12-13T02:07:59","date_gmt":"2024-12-13T02:07:59","guid":{"rendered":"https:\/\/estado29.mx\/?p=92086"},"modified":"2024-12-13T02:28:03","modified_gmt":"2024-12-13T02:28:03","slug":"se-mantiene-en-tequexquitla-saldo-blanco-en-operativo-peregrino-seguro","status":"publish","type":"post","link":"https:\/\/estado29.mx\/?p=92086","title":{"rendered":"Se mantiene en Tequexquitla Saldo Blanco en Operativo \u201cPeregrino Seguro\u201d."},"content":{"rendered":"\n<p><br>El Comisario de Seguridad P\u00fablica, Transporte y Vialidad en el Municipio de El Carmen Tequexquitla, V\u00edctor Garc\u00eda Ch\u00e9rer, refiri\u00f3 que el saldo del Operativo Peregrino Seguro, que finaliza, hasta este viernes 13 de diciembre, se mantiene al momento sin inconvenientes, ni vidas qu\u00e9 lamentar.<\/p>\n\n\n\n<figure class=\"wp-block-image size-large\"><img loading=\"lazy\" decoding=\"async\" width=\"1024\" height=\"768\" src=\"https:\/\/estado29.mx\/wp-content\/uploads\/2024\/12\/IMG-20241212-WA0156-1024x768.jpg\" alt=\"\" class=\"wp-image-92088\" srcset=\"https:\/\/estado29.mx\/wp-content\/uploads\/2024\/12\/IMG-20241212-WA0156-1024x768.jpg 1024w, https:\/\/estado29.mx\/wp-content\/uploads\/2024\/12\/IMG-20241212-WA0156-300x225.jpg 300w, https:\/\/estado29.mx\/wp-content\/uploads\/2024\/12\/IMG-20241212-WA0156-768x576.jpg 768w, https:\/\/estado29.mx\/wp-content\/uploads\/2024\/12\/IMG-20241212-WA0156-750x563.jpg 750w, https:\/\/estado29.mx\/wp-content\/uploads\/2024\/12\/IMG-20241212-WA0156.jpg 1040w\" sizes=\"auto, (max-width: 1024px) 100vw, 1024px\" \/><\/figure>\n\n\n\n<p><br>El Comisario de Seguridad, agreg\u00f3 que los trabajos de este operativo, se han realizado de forma conjunta con elementos de Guardia Nacional, quienes ya cuentan con una base de operaciones en este municipio.<\/p>\n\n\n\n<figure class=\"wp-block-image size-large\"><img loading=\"lazy\" decoding=\"async\" width=\"1024\" height=\"768\" src=\"https:\/\/estado29.mx\/wp-content\/uploads\/2024\/12\/IMG-20241212-WA0155-1024x768.jpg\" alt=\"\" class=\"wp-image-92089\" srcset=\"https:\/\/estado29.mx\/wp-content\/uploads\/2024\/12\/IMG-20241212-WA0155-1024x768.jpg 1024w, https:\/\/estado29.mx\/wp-content\/uploads\/2024\/12\/IMG-20241212-WA0155-300x225.jpg 300w, https:\/\/estado29.mx\/wp-content\/uploads\/2024\/12\/IMG-20241212-WA0155-768x576.jpg 768w, https:\/\/estado29.mx\/wp-content\/uploads\/2024\/12\/IMG-20241212-WA0155-1536x1152.jpg 1536w, https:\/\/estado29.mx\/wp-content\/uploads\/2024\/12\/IMG-20241212-WA0155-750x563.jpg 750w, https:\/\/estado29.mx\/wp-content\/uploads\/2024\/12\/IMG-20241212-WA0155-1140x855.jpg 1140w, https:\/\/estado29.mx\/wp-content\/uploads\/2024\/12\/IMG-20241212-WA0155.jpg 1600w\" sizes=\"auto, (max-width: 1024px) 100vw, 1024px\" \/><\/figure>\n\n\n\n<p><br>Asimismo, destac\u00f3 que no se ha tenido ning\u00fan tipo de incidencia, por lo que s\u00f3lo se ha dado acompa\u00f1amiento a peregrinaciones, en su tr\u00e1nsito por el municipio, garantizando de esta manera, la seguridad que requieren.<\/p>\n\n\n\n<figure class=\"wp-block-image size-large\"><img loading=\"lazy\" decoding=\"async\" width=\"1024\" height=\"576\" src=\"https:\/\/estado29.mx\/wp-content\/uploads\/2024\/12\/IMG-20241212-WA0101-1024x576.jpg\" alt=\"\" class=\"wp-image-92090\" srcset=\"https:\/\/estado29.mx\/wp-content\/uploads\/2024\/12\/IMG-20241212-WA0101-1024x576.jpg 1024w, https:\/\/estado29.mx\/wp-content\/uploads\/2024\/12\/IMG-20241212-WA0101-300x169.jpg 300w, https:\/\/estado29.mx\/wp-content\/uploads\/2024\/12\/IMG-20241212-WA0101-768x432.jpg 768w, https:\/\/estado29.mx\/wp-content\/uploads\/2024\/12\/IMG-20241212-WA0101-1536x864.jpg 1536w, https:\/\/estado29.mx\/wp-content\/uploads\/2024\/12\/IMG-20241212-WA0101-750x422.jpg 750w, https:\/\/estado29.mx\/wp-content\/uploads\/2024\/12\/IMG-20241212-WA0101-1140x641.jpg 1140w, https:\/\/estado29.mx\/wp-content\/uploads\/2024\/12\/IMG-20241212-WA0101.jpg 1600w\" sizes=\"auto, (max-width: 1024px) 100vw, 1024px\" \/><\/figure>\n\n\n\n<p><br>Para finalizar, V\u00edctor Garc\u00eda Ch\u00e9ver, dijo que elementos de esta corporaci\u00f3n, han generado acercamientos con miembros de las peregrinaciones para ofrecer apoyo y n\u00fameros de emergencia, en caso que los requieran.<\/p>\n\n\n\n<figure class=\"wp-block-image size-large\"><img loading=\"lazy\" decoding=\"async\" width=\"1024\" height=\"576\" src=\"https:\/\/estado29.mx\/wp-content\/uploads\/2024\/12\/IMG-20241212-WA0103-1024x576.jpg\" alt=\"\" class=\"wp-image-92091\" srcset=\"https:\/\/estado29.mx\/wp-content\/uploads\/2024\/12\/IMG-20241212-WA0103-1024x576.jpg 1024w, https:\/\/estado29.mx\/wp-content\/uploads\/2024\/12\/IMG-20241212-WA0103-300x169.jpg 300w, https:\/\/estado29.mx\/wp-content\/uploads\/2024\/12\/IMG-20241212-WA0103-768x432.jpg 768w, https:\/\/estado29.mx\/wp-content\/uploads\/2024\/12\/IMG-20241212-WA0103-1536x864.jpg 1536w, https:\/\/estado29.mx\/wp-content\/uploads\/2024\/12\/IMG-20241212-WA0103-750x422.jpg 750w, https:\/\/estado29.mx\/wp-content\/uploads\/2024\/12\/IMG-20241212-WA0103-1140x641.jpg 1140w, https:\/\/estado29.mx\/wp-content\/uploads\/2024\/12\/IMG-20241212-WA0103.jpg 1600w\" sizes=\"auto, (max-width: 1024px) 100vw, 1024px\" \/><\/figure>\n\n\n<figure class=\"wp-block-post-featured-image\"><img loading=\"lazy\" decoding=\"async\" width=\"1600\" height=\"1200\" src=\"https:\/\/estado29.mx\/wp-content\/uploads\/2024\/12\/IMG-20241212-WA0137.jpg\" class=\"attachment-post-thumbnail size-post-thumbnail wp-post-image\" alt=\"\" style=\"object-fit:cover;\" srcset=\"https:\/\/estado29.mx\/wp-content\/uploads\/2024\/12\/IMG-20241212-WA0137.jpg 1600w, https:\/\/estado29.mx\/wp-content\/uploads\/2024\/12\/IMG-20241212-WA0137-300x225.jpg 300w, https:\/\/estado29.mx\/wp-content\/uploads\/2024\/12\/IMG-20241212-WA0137-1024x768.jpg 1024w, https:\/\/estado29.mx\/wp-content\/uploads\/2024\/12\/IMG-20241212-WA0137-768x576.jpg 768w, https:\/\/estado29.mx\/wp-content\/uploads\/2024\/12\/IMG-20241212-WA0137-1536x1152.jpg 1536w, https:\/\/estado29.mx\/wp-content\/uploads\/2024\/12\/IMG-20241212-WA0137-750x563.jpg 750w, https:\/\/estado29.mx\/wp-content\/uploads\/2024\/12\/IMG-20241212-WA0137-1140x855.jpg 1140w\" sizes=\"auto, (max-width: 1600px) 100vw, 1600px\" \/><\/figure>","protected":false},"excerpt":{"rendered":"<p>El Comisario de Seguridad P\u00fablica, Transporte y Vialidad en el Municipio de El Carmen Tequexquitla, V\u00edctor Garc\u00eda Ch\u00e9rer, refiri\u00f3 que el saldo del Operativo Peregrino Seguro, que finaliza, hasta este viernes 13 de diciembre, se mantiene al momento sin inconvenientes, ni vidas qu\u00e9 lamentar. El Comisario de Seguridad, agreg\u00f3 que los trabajos de este operativo, [&hellip;]<\/p>\n","protected":false},"author":7,"featured_media":92087,"comment_status":"open","ping_status":"open","sticky":false,"template":"","format":"standard","meta":{"om_disable_all_campaigns":false,"_monsterinsights_skip_tracking":false,"_monsterinsights_sitenote_active":false,"_monsterinsights_sitenote_note":"","_monsterinsights_sitenote_category":0,"jnews-multi-image_gallery":[],"jnews_single_post":{"subtitle":"","format":"standard","video":"","gallery":"","source_name":"","source_url":"","via_name":"","via_url":"","override_template":"0","override":[{"template":"1","single_blog_custom":"","parallax":"1","fullscreen":"1","layout":"right-sidebar","sidebar":"default-sidebar","second_sidebar":"default-sidebar","sticky_sidebar":"1","share_position":"top","share_float_style":"share-monocrhome","show_share_counter":"1","show_view_counter":"1","show_featured":"1","show_post_meta":"1","show_post_author":"1","show_post_author_image":"1","show_post_date":"1","post_date_format":"default","post_date_format_custom":"Y\/m\/d","show_post_category":"1","show_post_reading_time":"0","post_reading_time_wpm":"300","show_zoom_button":"0","zoom_button_out_step":"2","zoom_button_in_step":"3","show_post_tag":"1","show_prev_next_post":"1","show_popup_post":"1","number_popup_post":"1","show_author_box":"1","show_post_related":"0","show_inline_post_related":"0"}],"override_image_size":"0","image_override":[{"single_post_thumbnail_size":"crop-500","single_post_gallery_size":"crop-500"}],"trending_post":"0","trending_post_position":"meta","trending_post_label":"Trending","sponsored_post":"0","sponsored_post_label":"Sponsored by","sponsored_post_name":"","sponsored_post_url":"","sponsored_post_logo_enable":"0","sponsored_post_logo":"","sponsored_post_desc":"","disable_ad":"0"},"jnews_primary_category":{"id":""},"footnotes":""},"categories":[1],"tags":[],"class_list":["post-92086","post","type-post","status-publish","format-standard","has-post-thumbnail","hentry","category-uncategorized"],"aioseo_notices":[],"_links":{"self":[{"href":"https:\/\/estado29.mx\/index.php?rest_route=\/wp\/v2\/posts\/92086","targetHints":{"allow":["GET"]}}],"collection":[{"href":"https:\/\/estado29.mx\/index.php?rest_route=\/wp\/v2\/posts"}],"about":[{"href":"https:\/\/estado29.mx\/index.php?rest_route=\/wp\/v2\/types\/post"}],"author":[{"embeddable":true,"href":"https:\/\/estado29.mx\/index.php?rest_route=\/wp\/v2\/users\/7"}],"replies":[{"embeddable":true,"href":"https:\/\/estado29.mx\/index.php?rest_route=%2Fwp%2Fv2%2Fcomments&post=92086"}],"version-history":[{"count":3,"href":"https:\/\/estado29.mx\/index.php?rest_route=\/wp\/v2\/posts\/92086\/revisions"}],"predecessor-version":[{"id":92103,"href":"https:\/\/estado29.mx\/index.php?rest_route=\/wp\/v2\/posts\/92086\/revisions\/92103"}],"wp:featuredmedia":[{"embeddable":true,"href":"https:\/\/estado29.mx\/index.php?rest_route=\/wp\/v2\/media\/92087"}],"wp:attachment":[{"href":"https:\/\/estado29.mx\/index.php?rest_route=%2Fwp%2Fv2%2Fmedia&parent=92086"}],"wp:term":[{"taxonomy":"category","embeddable":true,"href":"https:\/\/estado29.mx\/index.php?rest_route=%2Fwp%2Fv2%2Fcategories&post=92086"},{"taxonomy":"post_tag","embeddable":true,"href":"https:\/\/estado29.mx\/index.php?rest_route=%2Fwp%2Fv2%2Ftags&post=92086"}],"curies":[{"name":"wp","href":"https:\/\/api.w.org\/{rel}","templated":true}]}}