{"id":92105,"date":"2024-12-13T19:12:28","date_gmt":"2024-12-13T19:12:28","guid":{"rendered":"https:\/\/estado29.mx\/?p=92105"},"modified":"2024-12-13T19:12:29","modified_gmt":"2024-12-13T19:12:29","slug":"invita-centro-cultural-huamantla-al-recital-navideno-de-guitarra-clasica","status":"publish","type":"post","link":"https:\/\/estado29.mx\/?p=92105","title":{"rendered":"Invita Centro Cultural Huamantla al \u201cRecital Navide\u00f1o de Guitarra Cl\u00e1sica\u201d."},"content":{"rendered":"\n<p><br>El Centro Cultural Huamantla, hace la invitaci\u00f3n a la ciudadan\u00eda en general, para que acudan este viernes 13 de diciembre al \u201cRecital Navide\u00f1o para Guitarra Cl\u00e1sica\u201d.<\/p>\n\n\n\n<p><br>Este recital, se realizar\u00e1 en al Auditorio Javier Barros Valero, de este Centro Cultural, a partir de la cinco de la tarde.<\/p>\n\n\n\n<p><br>Cabe destacar que este recital estar\u00e1 presentado por Gerardo Olivares S\u00e1nchez, quien hace extensa la invitaci\u00f3n a la ciudadan\u00eda de Huamantla, para que acudan, ya que la entrada ser\u00e1 abierta al p\u00fablico en general.<\/p>\n\n\n<figure class=\"wp-block-post-featured-image\"><img loading=\"lazy\" decoding=\"async\" width=\"900\" height=\"1428\" src=\"https:\/\/estado29.mx\/wp-content\/uploads\/2024\/12\/82b2f694c5c34b1e80f543706c5d8b542.jpg\" class=\"attachment-post-thumbnail size-post-thumbnail wp-post-image\" alt=\"\" style=\"object-fit:cover;\" srcset=\"https:\/\/estado29.mx\/wp-content\/uploads\/2024\/12\/82b2f694c5c34b1e80f543706c5d8b542.jpg 900w, https:\/\/estado29.mx\/wp-content\/uploads\/2024\/12\/82b2f694c5c34b1e80f543706c5d8b542-189x300.jpg 189w, https:\/\/estado29.mx\/wp-content\/uploads\/2024\/12\/82b2f694c5c34b1e80f543706c5d8b542-645x1024.jpg 645w, https:\/\/estado29.mx\/wp-content\/uploads\/2024\/12\/82b2f694c5c34b1e80f543706c5d8b542-768x1219.jpg 768w, https:\/\/estado29.mx\/wp-content\/uploads\/2024\/12\/82b2f694c5c34b1e80f543706c5d8b542-750x1190.jpg 750w\" sizes=\"auto, (max-width: 900px) 100vw, 900px\" \/><\/figure>","protected":false},"excerpt":{"rendered":"<p>El Centro Cultural Huamantla, hace la invitaci\u00f3n a la ciudadan\u00eda en general, para que acudan este viernes 13 de diciembre al \u201cRecital Navide\u00f1o para Guitarra Cl\u00e1sica\u201d. Este recital, se realizar\u00e1 en al Auditorio Javier Barros Valero, de este Centro Cultural, a partir de la cinco de la tarde. Cabe destacar que este recital estar\u00e1 presentado [&hellip;]<\/p>\n","protected":false},"author":7,"featured_media":92107,"comment_status":"open","ping_status":"open","sticky":false,"template":"","format":"standard","meta":{"om_disable_all_campaigns":false,"_monsterinsights_skip_tracking":false,"_monsterinsights_sitenote_active":false,"_monsterinsights_sitenote_note":"","_monsterinsights_sitenote_category":0,"jnews-multi-image_gallery":[],"jnews_single_post":{"subtitle":"","format":"standard","video":"","gallery":"","source_name":"","source_url":"","via_name":"","via_url":"","override_template":"0","override":[{"template":"1","single_blog_custom":"","parallax":"1","fullscreen":"1","layout":"right-sidebar","sidebar":"default-sidebar","second_sidebar":"default-sidebar","sticky_sidebar":"1","share_position":"top","share_float_style":"share-monocrhome","show_share_counter":"1","show_view_counter":"1","show_featured":"1","show_post_meta":"1","show_post_author":"1","show_post_author_image":"1","show_post_date":"1","post_date_format":"default","post_date_format_custom":"Y\/m\/d","show_post_category":"1","show_post_reading_time":"0","post_reading_time_wpm":"300","show_zoom_button":"0","zoom_button_out_step":"2","zoom_button_in_step":"3","show_post_tag":"1","show_prev_next_post":"1","show_popup_post":"1","number_popup_post":"1","show_author_box":"1","show_post_related":"0","show_inline_post_related":"0"}],"override_image_size":"0","image_override":[{"single_post_thumbnail_size":"crop-500","single_post_gallery_size":"crop-500"}],"trending_post":"0","trending_post_position":"meta","trending_post_label":"Trending","sponsored_post":"0","sponsored_post_label":"Sponsored by","sponsored_post_name":"","sponsored_post_url":"","sponsored_post_logo_enable":"0","sponsored_post_logo":"","sponsored_post_desc":"","disable_ad":"0"},"jnews_primary_category":{"id":""},"footnotes":""},"categories":[1],"tags":[],"class_list":["post-92105","post","type-post","status-publish","format-standard","has-post-thumbnail","hentry","category-uncategorized"],"aioseo_notices":[],"_links":{"self":[{"href":"https:\/\/estado29.mx\/index.php?rest_route=\/wp\/v2\/posts\/92105","targetHints":{"allow":["GET"]}}],"collection":[{"href":"https:\/\/estado29.mx\/index.php?rest_route=\/wp\/v2\/posts"}],"about":[{"href":"https:\/\/estado29.mx\/index.php?rest_route=\/wp\/v2\/types\/post"}],"author":[{"embeddable":true,"href":"https:\/\/estado29.mx\/index.php?rest_route=\/wp\/v2\/users\/7"}],"replies":[{"embeddable":true,"href":"https:\/\/estado29.mx\/index.php?rest_route=%2Fwp%2Fv2%2Fcomments&post=92105"}],"version-history":[{"count":1,"href":"https:\/\/estado29.mx\/index.php?rest_route=\/wp\/v2\/posts\/92105\/revisions"}],"predecessor-version":[{"id":92108,"href":"https:\/\/estado29.mx\/index.php?rest_route=\/wp\/v2\/posts\/92105\/revisions\/92108"}],"wp:featuredmedia":[{"embeddable":true,"href":"https:\/\/estado29.mx\/index.php?rest_route=\/wp\/v2\/media\/92107"}],"wp:attachment":[{"href":"https:\/\/estado29.mx\/index.php?rest_route=%2Fwp%2Fv2%2Fmedia&parent=92105"}],"wp:term":[{"taxonomy":"category","embeddable":true,"href":"https:\/\/estado29.mx\/index.php?rest_route=%2Fwp%2Fv2%2Fcategories&post=92105"},{"taxonomy":"post_tag","embeddable":true,"href":"https:\/\/estado29.mx\/index.php?rest_route=%2Fwp%2Fv2%2Ftags&post=92105"}],"curies":[{"name":"wp","href":"https:\/\/api.w.org\/{rel}","templated":true}]}}