{"id":92116,"date":"2024-12-13T23:29:04","date_gmt":"2024-12-13T23:29:04","guid":{"rendered":"https:\/\/estado29.mx\/?p=92116"},"modified":"2024-12-13T23:29:05","modified_gmt":"2024-12-13T23:29:05","slug":"celebra-presidenta-claudia-sheinbaum-union-de-todas-las-fuerzas-politicas-del-pais-en-defensa-de-mexico-ante-revision-del-t-mec","status":"publish","type":"post","link":"https:\/\/estado29.mx\/?p=92116","title":{"rendered":"CELEBRA PRESIDENTA CLAUDIA SHEINBAUM UNI\u00d3N DE TODAS LAS FUERZAS POL\u00cdTICAS DEL PA\u00cdS EN DEFENSA DE M\u00c9XICO ANTE REVISI\u00d3N DEL T-MEC"},"content":{"rendered":"<figure class=\"wp-block-post-featured-image\"><img loading=\"lazy\" decoding=\"async\" width=\"1600\" height=\"1064\" src=\"https:\/\/estado29.mx\/wp-content\/uploads\/2024\/12\/WhatsApp-Image-2024-12-13-at-9.40.01-AM.jpeg\" class=\"attachment-post-thumbnail size-post-thumbnail wp-post-image\" alt=\"\" style=\"object-fit:cover;\" srcset=\"https:\/\/estado29.mx\/wp-content\/uploads\/2024\/12\/WhatsApp-Image-2024-12-13-at-9.40.01-AM.jpeg 1600w, https:\/\/estado29.mx\/wp-content\/uploads\/2024\/12\/WhatsApp-Image-2024-12-13-at-9.40.01-AM-300x200.jpeg 300w, https:\/\/estado29.mx\/wp-content\/uploads\/2024\/12\/WhatsApp-Image-2024-12-13-at-9.40.01-AM-1024x681.jpeg 1024w, https:\/\/estado29.mx\/wp-content\/uploads\/2024\/12\/WhatsApp-Image-2024-12-13-at-9.40.01-AM-768x511.jpeg 768w, https:\/\/estado29.mx\/wp-content\/uploads\/2024\/12\/WhatsApp-Image-2024-12-13-at-9.40.01-AM-1536x1021.jpeg 1536w, https:\/\/estado29.mx\/wp-content\/uploads\/2024\/12\/WhatsApp-Image-2024-12-13-at-9.40.01-AM-750x499.jpeg 750w, https:\/\/estado29.mx\/wp-content\/uploads\/2024\/12\/WhatsApp-Image-2024-12-13-at-9.40.01-AM-1140x758.jpeg 1140w\" sizes=\"auto, (max-width: 1600px) 100vw, 1600px\" \/><\/figure>\n\n\n<p>La Presidenta de M\u00e9xico, Claudia Sheinbaum Pardo, celebr\u00f3 la conformaci\u00f3n de un frente com\u00fan de todas las fuerzas pol\u00edticas para defender a M\u00e9xico en el marco de la revisi\u00f3n del Tratado entre M\u00e9xico, Estados Unidos y Canad\u00e1 (T-MEC) esto ante las declaraciones del presidente electo de Estados Unidos sobre la imposici\u00f3n de aranceles por cuestiones migratorias y tr\u00e1fico de drogas.<\/p>\n\n\n\n<p>\u201cNosotros coincidimos en que hay que defender el Tratado Comercial con Estados Unidos, la gran mayor\u00eda, ah\u00ed coincidimos. Ahora que hubo la reuni\u00f3n del Consejo de Seguridad tambi\u00e9n coincidimos que todos le tenemos que entrar de diferentes formas a encabezar la paz y la seguridad en cada uno de nuestros estados y en mi caso, desde el Gobierno de la Rep\u00fablica. Y ahora, hay acuerdo tambi\u00e9n en hacer un Frente com\u00fan frente a esta posibilidad, que yo ya veo m\u00e1s remota, de que se puedan imponer aranceles o tarifas, como se llama en Estados Unidos, a M\u00e9xico por el tema de la migraci\u00f3n o por el tema del tr\u00e1fico de fentanilo\u201d, se\u00f1al\u00f3 desde su conferencia matutina \u201cLas ma\u00f1aneras del pueblo\u201d.<\/p>\n\n\n\n<p>Record\u00f3 que el 75 por ciento de las armas decomisadas en M\u00e9xico en distintos operativos proviene de Estados Unidos, por lo que adelant\u00f3 que pedir\u00e1 al presidente Donald Trump trabajar de manera conjunta para frenar el tr\u00e1fico de armas que llegan al pa\u00eds y se reduzca la comercializaci\u00f3n de droga en la frontera.<\/p>\n","protected":false},"excerpt":{"rendered":"<p>La Presidenta de M\u00e9xico, Claudia Sheinbaum Pardo, celebr\u00f3 la conformaci\u00f3n de un frente com\u00fan de todas las fuerzas pol\u00edticas para defender a M\u00e9xico en el marco de la revisi\u00f3n del Tratado entre M\u00e9xico, Estados Unidos y Canad\u00e1 (T-MEC) esto ante las declaraciones del presidente electo de Estados Unidos sobre la imposici\u00f3n de aranceles por cuestiones [&hellip;]<\/p>\n","protected":false},"author":4,"featured_media":92117,"comment_status":"open","ping_status":"open","sticky":false,"template":"","format":"standard","meta":{"om_disable_all_campaigns":false,"_monsterinsights_skip_tracking":false,"_monsterinsights_sitenote_active":false,"_monsterinsights_sitenote_note":"","_monsterinsights_sitenote_category":0,"jnews-multi-image_gallery":[],"jnews_single_post":{"subtitle":"","format":"standard","video":"","gallery":"","source_name":"","source_url":"","via_name":"","via_url":"","override_template":"0","override":[{"template":"1","single_blog_custom":"","parallax":"1","fullscreen":"1","layout":"right-sidebar","sidebar":"default-sidebar","second_sidebar":"default-sidebar","sticky_sidebar":"1","share_position":"top","share_float_style":"share-monocrhome","show_share_counter":"1","show_view_counter":"1","show_featured":"1","show_post_meta":"1","show_post_author":"1","show_post_author_image":"1","show_post_date":"1","post_date_format":"default","post_date_format_custom":"Y\/m\/d","show_post_category":"1","show_post_reading_time":"0","post_reading_time_wpm":"300","show_zoom_button":"0","zoom_button_out_step":"2","zoom_button_in_step":"3","show_post_tag":"1","show_prev_next_post":"1","show_popup_post":"1","number_popup_post":"1","show_author_box":"1","show_post_related":"0","show_inline_post_related":"0"}],"override_image_size":"0","image_override":[{"single_post_thumbnail_size":"crop-500","single_post_gallery_size":"crop-500"}],"trending_post":"0","trending_post_position":"meta","trending_post_label":"Trending","sponsored_post":"0","sponsored_post_label":"Sponsored by","sponsored_post_name":"","sponsored_post_url":"","sponsored_post_logo_enable":"0","sponsored_post_logo":"","sponsored_post_desc":"","disable_ad":"0"},"jnews_primary_category":{"id":""},"footnotes":""},"categories":[1],"tags":[],"class_list":["post-92116","post","type-post","status-publish","format-standard","has-post-thumbnail","hentry","category-uncategorized"],"aioseo_notices":[],"_links":{"self":[{"href":"https:\/\/estado29.mx\/index.php?rest_route=\/wp\/v2\/posts\/92116","targetHints":{"allow":["GET"]}}],"collection":[{"href":"https:\/\/estado29.mx\/index.php?rest_route=\/wp\/v2\/posts"}],"about":[{"href":"https:\/\/estado29.mx\/index.php?rest_route=\/wp\/v2\/types\/post"}],"author":[{"embeddable":true,"href":"https:\/\/estado29.mx\/index.php?rest_route=\/wp\/v2\/users\/4"}],"replies":[{"embeddable":true,"href":"https:\/\/estado29.mx\/index.php?rest_route=%2Fwp%2Fv2%2Fcomments&post=92116"}],"version-history":[{"count":1,"href":"https:\/\/estado29.mx\/index.php?rest_route=\/wp\/v2\/posts\/92116\/revisions"}],"predecessor-version":[{"id":92118,"href":"https:\/\/estado29.mx\/index.php?rest_route=\/wp\/v2\/posts\/92116\/revisions\/92118"}],"wp:featuredmedia":[{"embeddable":true,"href":"https:\/\/estado29.mx\/index.php?rest_route=\/wp\/v2\/media\/92117"}],"wp:attachment":[{"href":"https:\/\/estado29.mx\/index.php?rest_route=%2Fwp%2Fv2%2Fmedia&parent=92116"}],"wp:term":[{"taxonomy":"category","embeddable":true,"href":"https:\/\/estado29.mx\/index.php?rest_route=%2Fwp%2Fv2%2Fcategories&post=92116"},{"taxonomy":"post_tag","embeddable":true,"href":"https:\/\/estado29.mx\/index.php?rest_route=%2Fwp%2Fv2%2Ftags&post=92116"}],"curies":[{"name":"wp","href":"https:\/\/api.w.org\/{rel}","templated":true}]}}