{"id":92122,"date":"2024-12-14T17:51:16","date_gmt":"2024-12-14T17:51:16","guid":{"rendered":"https:\/\/estado29.mx\/?p=92122"},"modified":"2024-12-14T21:55:33","modified_gmt":"2024-12-14T21:55:33","slug":"toma-de-protesta-del-comite-directivo-estatal-del-partido-revolucionario-institucional-para-el-periodo-2024-2028","status":"publish","type":"post","link":"https:\/\/estado29.mx\/?p=92122","title":{"rendered":"Toma de Protesta Comit\u00e9 Directivo Estatal del Partido Revolucionario Institucional para el periodo 2024-2028."},"content":{"rendered":"\n<p><\/p>\n\n\n\n<p>Este s\u00e1bado 14 de diciembre del a\u00f1o en curso, se llev\u00f3 a cabo la Toma de Protesta de Comit\u00e9 Directivo Estatal del Partido Revolucionario Institucional (PRI), para el periodo 2024-2028.<\/p>\n\n\n\n<p><br>El evento tuvo lugar en las instalaciones del Auditorio de la Confederaci\u00f3n Nacional Campesina en la ciudad de Tlaxcala, encabezado por Alejandro Moreno C\u00e1rdenas, Dirigente Nacional y Senador en turno del (PRI) quien en su mensaje invit\u00f3 a militantes, dirigentes, exdirigentes, presidentes municipales, presidentes de comunidad, regidores, senadores y diputados locales a trabajar en conjunto.<\/p>\n\n\n\n<figure class=\"wp-block-image size-large\"><img loading=\"lazy\" decoding=\"async\" width=\"1024\" height=\"768\" src=\"https:\/\/estado29.mx\/wp-content\/uploads\/2024\/12\/IMG_20241214_112006-min-1024x768.jpg\" alt=\"\" class=\"wp-image-92124\" srcset=\"https:\/\/estado29.mx\/wp-content\/uploads\/2024\/12\/IMG_20241214_112006-min-1024x768.jpg 1024w, https:\/\/estado29.mx\/wp-content\/uploads\/2024\/12\/IMG_20241214_112006-min-300x225.jpg 300w, https:\/\/estado29.mx\/wp-content\/uploads\/2024\/12\/IMG_20241214_112006-min-768x576.jpg 768w, https:\/\/estado29.mx\/wp-content\/uploads\/2024\/12\/IMG_20241214_112006-min-1536x1152.jpg 1536w, https:\/\/estado29.mx\/wp-content\/uploads\/2024\/12\/IMG_20241214_112006-min-2048x1536.jpg 2048w, https:\/\/estado29.mx\/wp-content\/uploads\/2024\/12\/IMG_20241214_112006-min-750x563.jpg 750w, https:\/\/estado29.mx\/wp-content\/uploads\/2024\/12\/IMG_20241214_112006-min-1140x855.jpg 1140w\" sizes=\"auto, (max-width: 1024px) 100vw, 1024px\" \/><\/figure>\n\n\n\n<p>Asimismo, asegur\u00f3 que con  Enrique Padilla S\u00e1nchez a cargo de la direcci\u00f3n del PRI en Tlaxcala, por el siguiente periodo, se trabajar\u00e1 para que este partido recuperes su fuerza mediante la uni\u00f3n de todos los involucrados.<\/p>\n\n\n\n<p><br>Por su parte, la Senadora de la Rep\u00fablica, Anabel \u00c1valos Zempoalteca, en su mensaje, asegur\u00f3 que con los nuevos directivos de este partido pol\u00edtico, se har\u00e1 un gran trabajo de fortalecimiento del mismo en la entidad tlaxcalteca.<\/p>\n\n\n\n<figure class=\"wp-block-image size-large\"><img loading=\"lazy\" decoding=\"async\" width=\"1024\" height=\"768\" src=\"https:\/\/estado29.mx\/wp-content\/uploads\/2024\/12\/IMG_20241214_112242-min-1024x768.jpg\" alt=\"\" class=\"wp-image-92125\" srcset=\"https:\/\/estado29.mx\/wp-content\/uploads\/2024\/12\/IMG_20241214_112242-min-1024x768.jpg 1024w, https:\/\/estado29.mx\/wp-content\/uploads\/2024\/12\/IMG_20241214_112242-min-300x225.jpg 300w, https:\/\/estado29.mx\/wp-content\/uploads\/2024\/12\/IMG_20241214_112242-min-768x576.jpg 768w, https:\/\/estado29.mx\/wp-content\/uploads\/2024\/12\/IMG_20241214_112242-min-1536x1152.jpg 1536w, https:\/\/estado29.mx\/wp-content\/uploads\/2024\/12\/IMG_20241214_112242-min-2048x1536.jpg 2048w, https:\/\/estado29.mx\/wp-content\/uploads\/2024\/12\/IMG_20241214_112242-min-750x563.jpg 750w, https:\/\/estado29.mx\/wp-content\/uploads\/2024\/12\/IMG_20241214_112242-min-1140x855.jpg 1140w\" sizes=\"auto, (max-width: 1024px) 100vw, 1024px\" \/><\/figure>\n\n\n\n<p><br>Asimismo, el nuevo dirigente del PRI en Tlaxcala, por el periodo 2024-2028, Enrique Padilla S\u00e1nchez, en su intervenci\u00f3n refrend\u00f3 su compromiso de trabajar de manera conjunta con militantes, brindando la atenci\u00f3n y escuchando las necesidades de cada uno de ellos.<\/p>\n\n\n\n<p><br>Durante el evento la Universidad Santander Tlaxcala, otorg\u00f3 a este partido pol\u00edtico 200 becas para beneficiar a igual n\u00famero de alumnos de nivel superior.<\/p>\n\n\n<figure class=\"wp-block-post-featured-image\"><img loading=\"lazy\" decoding=\"async\" width=\"2560\" height=\"1920\" src=\"https:\/\/estado29.mx\/wp-content\/uploads\/2024\/12\/IMG_20241214_110437-min-scaled.jpg\" class=\"attachment-post-thumbnail size-post-thumbnail wp-post-image\" alt=\"\" style=\"object-fit:cover;\" srcset=\"https:\/\/estado29.mx\/wp-content\/uploads\/2024\/12\/IMG_20241214_110437-min-scaled.jpg 2560w, https:\/\/estado29.mx\/wp-content\/uploads\/2024\/12\/IMG_20241214_110437-min-300x225.jpg 300w, https:\/\/estado29.mx\/wp-content\/uploads\/2024\/12\/IMG_20241214_110437-min-1024x768.jpg 1024w, https:\/\/estado29.mx\/wp-content\/uploads\/2024\/12\/IMG_20241214_110437-min-768x576.jpg 768w, https:\/\/estado29.mx\/wp-content\/uploads\/2024\/12\/IMG_20241214_110437-min-1536x1152.jpg 1536w, https:\/\/estado29.mx\/wp-content\/uploads\/2024\/12\/IMG_20241214_110437-min-2048x1536.jpg 2048w, https:\/\/estado29.mx\/wp-content\/uploads\/2024\/12\/IMG_20241214_110437-min-750x563.jpg 750w, https:\/\/estado29.mx\/wp-content\/uploads\/2024\/12\/IMG_20241214_110437-min-1140x855.jpg 1140w\" sizes=\"auto, (max-width: 2560px) 100vw, 2560px\" \/><\/figure>","protected":false},"excerpt":{"rendered":"<p>Este s\u00e1bado 14 de diciembre del a\u00f1o en curso, se llev\u00f3 a cabo la Toma de Protesta de Comit\u00e9 Directivo Estatal del Partido Revolucionario Institucional (PRI), para el periodo 2024-2028. El evento tuvo lugar en las instalaciones del Auditorio de la Confederaci\u00f3n Nacional Campesina en la ciudad de Tlaxcala, encabezado por Alejandro Moreno C\u00e1rdenas, Dirigente [&hellip;]<\/p>\n","protected":false},"author":7,"featured_media":92123,"comment_status":"open","ping_status":"open","sticky":false,"template":"","format":"standard","meta":{"om_disable_all_campaigns":false,"_monsterinsights_skip_tracking":false,"_monsterinsights_sitenote_active":false,"_monsterinsights_sitenote_note":"","_monsterinsights_sitenote_category":0,"jnews-multi-image_gallery":[],"jnews_single_post":{"subtitle":"","format":"standard","video":"","gallery":"","source_name":"","source_url":"","via_name":"","via_url":"","override_template":"0","override":[{"template":"1","single_blog_custom":"","parallax":"1","fullscreen":"1","layout":"right-sidebar","sidebar":"default-sidebar","second_sidebar":"default-sidebar","sticky_sidebar":"1","share_position":"top","share_float_style":"share-monocrhome","show_share_counter":"1","show_view_counter":"1","show_featured":"1","show_post_meta":"1","show_post_author":"1","show_post_author_image":"1","show_post_date":"1","post_date_format":"default","post_date_format_custom":"Y\/m\/d","show_post_category":"1","show_post_reading_time":"0","post_reading_time_wpm":"300","show_zoom_button":"0","zoom_button_out_step":"2","zoom_button_in_step":"3","show_post_tag":"1","show_prev_next_post":"1","show_popup_post":"1","number_popup_post":"1","show_author_box":"1","show_post_related":"0","show_inline_post_related":"0"}],"override_image_size":"0","image_override":[{"single_post_thumbnail_size":"crop-500","single_post_gallery_size":"crop-500"}],"trending_post":"0","trending_post_position":"meta","trending_post_label":"Trending","sponsored_post":"0","sponsored_post_label":"Sponsored by","sponsored_post_name":"","sponsored_post_url":"","sponsored_post_logo_enable":"0","sponsored_post_logo":"","sponsored_post_desc":"","disable_ad":"0"},"jnews_primary_category":{"id":""},"footnotes":""},"categories":[1],"tags":[],"class_list":["post-92122","post","type-post","status-publish","format-standard","has-post-thumbnail","hentry","category-uncategorized"],"aioseo_notices":[],"_links":{"self":[{"href":"https:\/\/estado29.mx\/index.php?rest_route=\/wp\/v2\/posts\/92122","targetHints":{"allow":["GET"]}}],"collection":[{"href":"https:\/\/estado29.mx\/index.php?rest_route=\/wp\/v2\/posts"}],"about":[{"href":"https:\/\/estado29.mx\/index.php?rest_route=\/wp\/v2\/types\/post"}],"author":[{"embeddable":true,"href":"https:\/\/estado29.mx\/index.php?rest_route=\/wp\/v2\/users\/7"}],"replies":[{"embeddable":true,"href":"https:\/\/estado29.mx\/index.php?rest_route=%2Fwp%2Fv2%2Fcomments&post=92122"}],"version-history":[{"count":3,"href":"https:\/\/estado29.mx\/index.php?rest_route=\/wp\/v2\/posts\/92122\/revisions"}],"predecessor-version":[{"id":92148,"href":"https:\/\/estado29.mx\/index.php?rest_route=\/wp\/v2\/posts\/92122\/revisions\/92148"}],"wp:featuredmedia":[{"embeddable":true,"href":"https:\/\/estado29.mx\/index.php?rest_route=\/wp\/v2\/media\/92123"}],"wp:attachment":[{"href":"https:\/\/estado29.mx\/index.php?rest_route=%2Fwp%2Fv2%2Fmedia&parent=92122"}],"wp:term":[{"taxonomy":"category","embeddable":true,"href":"https:\/\/estado29.mx\/index.php?rest_route=%2Fwp%2Fv2%2Fcategories&post=92122"},{"taxonomy":"post_tag","embeddable":true,"href":"https:\/\/estado29.mx\/index.php?rest_route=%2Fwp%2Fv2%2Ftags&post=92122"}],"curies":[{"name":"wp","href":"https:\/\/api.w.org\/{rel}","templated":true}]}}