{"id":92128,"date":"2024-12-14T17:55:26","date_gmt":"2024-12-14T17:55:26","guid":{"rendered":"https:\/\/estado29.mx\/?p=92128"},"modified":"2024-12-14T17:55:27","modified_gmt":"2024-12-14T17:55:27","slug":"se-realizo-con-exito-recital-navideno-de-guitarra-clasica-en-centro-cultural-huamantla","status":"publish","type":"post","link":"https:\/\/estado29.mx\/?p=92128","title":{"rendered":"Se realiz\u00f3 con \u00e9xito \u201dRecital Navide\u00f1o de Guitarra Cl\u00e1sica\u201d en Centro Cultural Huamantla."},"content":{"rendered":"\n<p><\/p>\n\n\n\n<p>Este viernes 13 de diciembre del a\u00f1o en curso, se llev\u00f3 a cabo, en el Auditorio Javier Barros Valero del Centro Cultural Huamantla, el \u201cRecital Navide\u00f1o de Guitarra Cl\u00e1sica\u201d, a cargo de Gerardo Olivares S\u00e1nchez, quien entrevista para En Punto, comparti\u00f3 que lleva 15 a\u00f1os tocando este instrumento musical.<\/p>\n\n\n\n<p><br>En su mensaje, Gerardo Olivares S\u00e1nchez, invit\u00f3 a ni\u00f1os y j\u00f3venes de Huamantla a expresar sus emociones mediante la m\u00fasica.<\/p>\n\n\n\n<figure class=\"wp-block-image size-large\"><img loading=\"lazy\" decoding=\"async\" width=\"1024\" height=\"768\" src=\"https:\/\/estado29.mx\/wp-content\/uploads\/2024\/12\/IMG_20241213_164242-min-1024x768.jpg\" alt=\"\" class=\"wp-image-92130\" srcset=\"https:\/\/estado29.mx\/wp-content\/uploads\/2024\/12\/IMG_20241213_164242-min-1024x768.jpg 1024w, https:\/\/estado29.mx\/wp-content\/uploads\/2024\/12\/IMG_20241213_164242-min-300x225.jpg 300w, https:\/\/estado29.mx\/wp-content\/uploads\/2024\/12\/IMG_20241213_164242-min-768x576.jpg 768w, https:\/\/estado29.mx\/wp-content\/uploads\/2024\/12\/IMG_20241213_164242-min-1536x1152.jpg 1536w, https:\/\/estado29.mx\/wp-content\/uploads\/2024\/12\/IMG_20241213_164242-min-2048x1536.jpg 2048w, https:\/\/estado29.mx\/wp-content\/uploads\/2024\/12\/IMG_20241213_164242-min-750x563.jpg 750w, https:\/\/estado29.mx\/wp-content\/uploads\/2024\/12\/IMG_20241213_164242-min-1140x855.jpg 1140w\" sizes=\"auto, (max-width: 1024px) 100vw, 1024px\" \/><\/figure>\n\n\n\n<p><br>Por su parte, Mar\u00eda Elena D\u00edaz, Coordinadora de Eventos en Centro Cultural Huamantla, detall\u00f3 que este tipo de eventos se realizan con la intenci\u00f3n de apoyar al talento joven.<\/p>\n\n\n\n<p><br>Asimismo, hizo la invitaci\u00f3n a la ciudadan\u00eda a participar en la serie de eventos que se tiene programados para los pr\u00f3ximos d\u00edas de diciembre, entre ellos, exposici\u00f3n de talleres.<\/p>\n\n\n\n<p><br>Para finalizar, Mar\u00eda Elena D\u00edaz, enfatiz\u00f3 que se continuar\u00e1 en el pr\u00f3ximo mes de enero con presentaciones de este tipo.<\/p>\n\n\n<figure class=\"wp-block-post-featured-image\"><img loading=\"lazy\" decoding=\"async\" width=\"2560\" height=\"1920\" src=\"https:\/\/estado29.mx\/wp-content\/uploads\/2024\/12\/IMG_20241213_165020-min-scaled.jpg\" class=\"attachment-post-thumbnail size-post-thumbnail wp-post-image\" alt=\"\" style=\"object-fit:cover;\" srcset=\"https:\/\/estado29.mx\/wp-content\/uploads\/2024\/12\/IMG_20241213_165020-min-scaled.jpg 2560w, https:\/\/estado29.mx\/wp-content\/uploads\/2024\/12\/IMG_20241213_165020-min-300x225.jpg 300w, https:\/\/estado29.mx\/wp-content\/uploads\/2024\/12\/IMG_20241213_165020-min-1024x768.jpg 1024w, https:\/\/estado29.mx\/wp-content\/uploads\/2024\/12\/IMG_20241213_165020-min-768x576.jpg 768w, https:\/\/estado29.mx\/wp-content\/uploads\/2024\/12\/IMG_20241213_165020-min-1536x1152.jpg 1536w, https:\/\/estado29.mx\/wp-content\/uploads\/2024\/12\/IMG_20241213_165020-min-2048x1536.jpg 2048w, https:\/\/estado29.mx\/wp-content\/uploads\/2024\/12\/IMG_20241213_165020-min-750x563.jpg 750w, https:\/\/estado29.mx\/wp-content\/uploads\/2024\/12\/IMG_20241213_165020-min-1140x855.jpg 1140w\" sizes=\"auto, (max-width: 2560px) 100vw, 2560px\" \/><\/figure>","protected":false},"excerpt":{"rendered":"<p>Este viernes 13 de diciembre del a\u00f1o en curso, se llev\u00f3 a cabo, en el Auditorio Javier Barros Valero del Centro Cultural Huamantla, el \u201cRecital Navide\u00f1o de Guitarra Cl\u00e1sica\u201d, a cargo de Gerardo Olivares S\u00e1nchez, quien entrevista para En Punto, comparti\u00f3 que lleva 15 a\u00f1os tocando este instrumento musical. En su mensaje, Gerardo Olivares S\u00e1nchez, [&hellip;]<\/p>\n","protected":false},"author":7,"featured_media":92129,"comment_status":"open","ping_status":"open","sticky":false,"template":"","format":"standard","meta":{"om_disable_all_campaigns":false,"_monsterinsights_skip_tracking":false,"_monsterinsights_sitenote_active":false,"_monsterinsights_sitenote_note":"","_monsterinsights_sitenote_category":0,"jnews-multi-image_gallery":[],"jnews_single_post":{"subtitle":"","format":"standard","video":"","gallery":"","source_name":"","source_url":"","via_name":"","via_url":"","override_template":"0","override":[{"template":"1","single_blog_custom":"","parallax":"1","fullscreen":"1","layout":"right-sidebar","sidebar":"default-sidebar","second_sidebar":"default-sidebar","sticky_sidebar":"1","share_position":"top","share_float_style":"share-monocrhome","show_share_counter":"1","show_view_counter":"1","show_featured":"1","show_post_meta":"1","show_post_author":"1","show_post_author_image":"1","show_post_date":"1","post_date_format":"default","post_date_format_custom":"Y\/m\/d","show_post_category":"1","show_post_reading_time":"0","post_reading_time_wpm":"300","show_zoom_button":"0","zoom_button_out_step":"2","zoom_button_in_step":"3","show_post_tag":"1","show_prev_next_post":"1","show_popup_post":"1","number_popup_post":"1","show_author_box":"1","show_post_related":"0","show_inline_post_related":"0"}],"override_image_size":"0","image_override":[{"single_post_thumbnail_size":"crop-500","single_post_gallery_size":"crop-500"}],"trending_post":"0","trending_post_position":"meta","trending_post_label":"Trending","sponsored_post":"0","sponsored_post_label":"Sponsored by","sponsored_post_name":"","sponsored_post_url":"","sponsored_post_logo_enable":"0","sponsored_post_logo":"","sponsored_post_desc":"","disable_ad":"0"},"jnews_primary_category":{"id":""},"footnotes":""},"categories":[1],"tags":[],"class_list":["post-92128","post","type-post","status-publish","format-standard","has-post-thumbnail","hentry","category-uncategorized"],"aioseo_notices":[],"_links":{"self":[{"href":"https:\/\/estado29.mx\/index.php?rest_route=\/wp\/v2\/posts\/92128","targetHints":{"allow":["GET"]}}],"collection":[{"href":"https:\/\/estado29.mx\/index.php?rest_route=\/wp\/v2\/posts"}],"about":[{"href":"https:\/\/estado29.mx\/index.php?rest_route=\/wp\/v2\/types\/post"}],"author":[{"embeddable":true,"href":"https:\/\/estado29.mx\/index.php?rest_route=\/wp\/v2\/users\/7"}],"replies":[{"embeddable":true,"href":"https:\/\/estado29.mx\/index.php?rest_route=%2Fwp%2Fv2%2Fcomments&post=92128"}],"version-history":[{"count":1,"href":"https:\/\/estado29.mx\/index.php?rest_route=\/wp\/v2\/posts\/92128\/revisions"}],"predecessor-version":[{"id":92131,"href":"https:\/\/estado29.mx\/index.php?rest_route=\/wp\/v2\/posts\/92128\/revisions\/92131"}],"wp:featuredmedia":[{"embeddable":true,"href":"https:\/\/estado29.mx\/index.php?rest_route=\/wp\/v2\/media\/92129"}],"wp:attachment":[{"href":"https:\/\/estado29.mx\/index.php?rest_route=%2Fwp%2Fv2%2Fmedia&parent=92128"}],"wp:term":[{"taxonomy":"category","embeddable":true,"href":"https:\/\/estado29.mx\/index.php?rest_route=%2Fwp%2Fv2%2Fcategories&post=92128"},{"taxonomy":"post_tag","embeddable":true,"href":"https:\/\/estado29.mx\/index.php?rest_route=%2Fwp%2Fv2%2Ftags&post=92128"}],"curies":[{"name":"wp","href":"https:\/\/api.w.org\/{rel}","templated":true}]}}