{"id":92136,"date":"2024-12-14T20:58:51","date_gmt":"2024-12-14T20:58:51","guid":{"rendered":"https:\/\/estado29.mx\/?p=92136"},"modified":"2024-12-14T20:58:52","modified_gmt":"2024-12-14T20:58:52","slug":"con-saldo-blanco-termino-operativo-intermunicipal-en-el-carmen-tequexquitla","status":"publish","type":"post","link":"https:\/\/estado29.mx\/?p=92136","title":{"rendered":"Con Saldo Blanco termin\u00f3 Operativo Intermunicipal en El Carmen Tequexquitla."},"content":{"rendered":"\n<p><br>La noche de este viernes 13 de diciembre del a\u00f1o en curso, se llev\u00f3 a cabo, en el municipio de El Carmen Tequexquitla \u201cOperativo Intermunicipal\u201d.<\/p>\n\n\n\n<p><br>El Comisario de Seguridad P\u00fablica, Transporte y Vialidad en El Carmen Tequexquitla, V\u00edctor Garc\u00eda Ch\u00e9ver, detall\u00f3 que estos trabajos se realizaron de forma conjunta con Polic\u00eda Municipal de Cuapiaxtla, Atltzayanca, Polic\u00eda Estatal, Guardia Nacional, as\u00ed como Secretar\u00eda de Seguridad Ciudadana.<\/p>\n\n\n\n<figure class=\"wp-block-image size-large\"><img loading=\"lazy\" decoding=\"async\" width=\"1024\" height=\"768\" src=\"https:\/\/estado29.mx\/wp-content\/uploads\/2024\/12\/IMG-20241214-WA0002-1-1024x768.jpg\" alt=\"\" class=\"wp-image-92141\" srcset=\"https:\/\/estado29.mx\/wp-content\/uploads\/2024\/12\/IMG-20241214-WA0002-1-1024x768.jpg 1024w, https:\/\/estado29.mx\/wp-content\/uploads\/2024\/12\/IMG-20241214-WA0002-1-300x225.jpg 300w, https:\/\/estado29.mx\/wp-content\/uploads\/2024\/12\/IMG-20241214-WA0002-1-768x576.jpg 768w, https:\/\/estado29.mx\/wp-content\/uploads\/2024\/12\/IMG-20241214-WA0002-1-1536x1153.jpg 1536w, https:\/\/estado29.mx\/wp-content\/uploads\/2024\/12\/IMG-20241214-WA0002-1-750x563.jpg 750w, https:\/\/estado29.mx\/wp-content\/uploads\/2024\/12\/IMG-20241214-WA0002-1-1140x856.jpg 1140w, https:\/\/estado29.mx\/wp-content\/uploads\/2024\/12\/IMG-20241214-WA0002-1.jpg 1599w\" sizes=\"auto, (max-width: 1024px) 100vw, 1024px\" \/><\/figure>\n\n\n\n<p><br>V\u00edctor Garc\u00eda Ch\u00e9ver, agreg\u00f3 que este operativo consiste en recorrer de forma conjunta algunos puntos del municipio, con el objetivo de resguardar la integridad de pobladores de \u00e9ste.<\/p>\n\n\n\n<p><br>El Comisario de Seguridad, Transporte y Vialidad a\u00f1adi\u00f3 que estos operativos se realizar\u00e1n de forma aleatoria, con la finalidad de reducir la incidencia delictiva, por lo que de igual forma brindar\u00e1n apoyo a otros municipios de la regi\u00f3n oriente de Tlaxcala.<\/p>\n\n\n\n<p><br>Para finalizar, destac\u00f3 que el cierre de este operativo fue en saldo blanco, de igual forma, agradeci\u00f3 y refrend\u00f3 su apoyo a corporaciones policiacas de municipios vecinos que participaron en estas acciones.<\/p>\n\n\n<figure class=\"wp-block-post-featured-image\"><img loading=\"lazy\" decoding=\"async\" width=\"1280\" height=\"960\" src=\"https:\/\/estado29.mx\/wp-content\/uploads\/2024\/12\/IMG-20241213-WA0008-1.jpg\" class=\"attachment-post-thumbnail size-post-thumbnail wp-post-image\" alt=\"\" style=\"object-fit:cover;\" srcset=\"https:\/\/estado29.mx\/wp-content\/uploads\/2024\/12\/IMG-20241213-WA0008-1.jpg 1280w, https:\/\/estado29.mx\/wp-content\/uploads\/2024\/12\/IMG-20241213-WA0008-1-300x225.jpg 300w, https:\/\/estado29.mx\/wp-content\/uploads\/2024\/12\/IMG-20241213-WA0008-1-1024x768.jpg 1024w, https:\/\/estado29.mx\/wp-content\/uploads\/2024\/12\/IMG-20241213-WA0008-1-768x576.jpg 768w, https:\/\/estado29.mx\/wp-content\/uploads\/2024\/12\/IMG-20241213-WA0008-1-750x563.jpg 750w, https:\/\/estado29.mx\/wp-content\/uploads\/2024\/12\/IMG-20241213-WA0008-1-1140x855.jpg 1140w\" sizes=\"auto, (max-width: 1280px) 100vw, 1280px\" \/><\/figure>","protected":false},"excerpt":{"rendered":"<p>La noche de este viernes 13 de diciembre del a\u00f1o en curso, se llev\u00f3 a cabo, en el municipio de El Carmen Tequexquitla \u201cOperativo Intermunicipal\u201d. El Comisario de Seguridad P\u00fablica, Transporte y Vialidad en El Carmen Tequexquitla, V\u00edctor Garc\u00eda Ch\u00e9ver, detall\u00f3 que estos trabajos se realizaron de forma conjunta con Polic\u00eda Municipal de Cuapiaxtla, Atltzayanca, [&hellip;]<\/p>\n","protected":false},"author":7,"featured_media":92139,"comment_status":"open","ping_status":"open","sticky":false,"template":"","format":"standard","meta":{"om_disable_all_campaigns":false,"_monsterinsights_skip_tracking":false,"_monsterinsights_sitenote_active":false,"_monsterinsights_sitenote_note":"","_monsterinsights_sitenote_category":0,"jnews-multi-image_gallery":[],"jnews_single_post":{"subtitle":"","format":"standard","video":"","gallery":"","source_name":"","source_url":"","via_name":"","via_url":"","override_template":"0","override":[{"template":"1","single_blog_custom":"","parallax":"1","fullscreen":"1","layout":"right-sidebar","sidebar":"default-sidebar","second_sidebar":"default-sidebar","sticky_sidebar":"1","share_position":"top","share_float_style":"share-monocrhome","show_share_counter":"1","show_view_counter":"1","show_featured":"1","show_post_meta":"1","show_post_author":"1","show_post_author_image":"1","show_post_date":"1","post_date_format":"default","post_date_format_custom":"Y\/m\/d","show_post_category":"1","show_post_reading_time":"0","post_reading_time_wpm":"300","show_zoom_button":"0","zoom_button_out_step":"2","zoom_button_in_step":"3","show_post_tag":"1","show_prev_next_post":"1","show_popup_post":"1","number_popup_post":"1","show_author_box":"1","show_post_related":"0","show_inline_post_related":"0"}],"override_image_size":"0","image_override":[{"single_post_thumbnail_size":"crop-500","single_post_gallery_size":"crop-500"}],"trending_post":"0","trending_post_position":"meta","trending_post_label":"Trending","sponsored_post":"0","sponsored_post_label":"Sponsored by","sponsored_post_name":"","sponsored_post_url":"","sponsored_post_logo_enable":"0","sponsored_post_logo":"","sponsored_post_desc":"","disable_ad":"0"},"jnews_primary_category":{"id":""},"footnotes":""},"categories":[1],"tags":[],"class_list":["post-92136","post","type-post","status-publish","format-standard","has-post-thumbnail","hentry","category-uncategorized"],"aioseo_notices":[],"_links":{"self":[{"href":"https:\/\/estado29.mx\/index.php?rest_route=\/wp\/v2\/posts\/92136","targetHints":{"allow":["GET"]}}],"collection":[{"href":"https:\/\/estado29.mx\/index.php?rest_route=\/wp\/v2\/posts"}],"about":[{"href":"https:\/\/estado29.mx\/index.php?rest_route=\/wp\/v2\/types\/post"}],"author":[{"embeddable":true,"href":"https:\/\/estado29.mx\/index.php?rest_route=\/wp\/v2\/users\/7"}],"replies":[{"embeddable":true,"href":"https:\/\/estado29.mx\/index.php?rest_route=%2Fwp%2Fv2%2Fcomments&post=92136"}],"version-history":[{"count":1,"href":"https:\/\/estado29.mx\/index.php?rest_route=\/wp\/v2\/posts\/92136\/revisions"}],"predecessor-version":[{"id":92142,"href":"https:\/\/estado29.mx\/index.php?rest_route=\/wp\/v2\/posts\/92136\/revisions\/92142"}],"wp:featuredmedia":[{"embeddable":true,"href":"https:\/\/estado29.mx\/index.php?rest_route=\/wp\/v2\/media\/92139"}],"wp:attachment":[{"href":"https:\/\/estado29.mx\/index.php?rest_route=%2Fwp%2Fv2%2Fmedia&parent=92136"}],"wp:term":[{"taxonomy":"category","embeddable":true,"href":"https:\/\/estado29.mx\/index.php?rest_route=%2Fwp%2Fv2%2Fcategories&post=92136"},{"taxonomy":"post_tag","embeddable":true,"href":"https:\/\/estado29.mx\/index.php?rest_route=%2Fwp%2Fv2%2Ftags&post=92136"}],"curies":[{"name":"wp","href":"https:\/\/api.w.org\/{rel}","templated":true}]}}