{"id":92172,"date":"2024-12-16T19:47:42","date_gmt":"2024-12-16T19:47:42","guid":{"rendered":"https:\/\/estado29.mx\/?p=92172"},"modified":"2024-12-16T19:47:43","modified_gmt":"2024-12-16T19:47:43","slug":"se-realiza-en-el-carmen-tequexquitla-desfile-navideno-2024","status":"publish","type":"post","link":"https:\/\/estado29.mx\/?p=92172","title":{"rendered":"Se realiza en El Carmen Tequexquitla Desfile Navide\u00f1o 2024."},"content":{"rendered":"\n<p><br>El Comisario de Seguridad P\u00fablica, Vialidad y Transporte en el Municipio de El Carmen Tequexquitla, V\u00edctor Garc\u00eda Ch\u00e9ver, refiri\u00f3 que derivado de las diversas actividades que se realizan en el lugar, como parte de las festividades decembrinas, este domingo 15, se llev\u00f3 a cabo El Desfile Navide\u00f1o, en su edici\u00f3n 2024.<\/p>\n\n\n\n<figure class=\"wp-block-image size-large\"><img loading=\"lazy\" decoding=\"async\" width=\"1024\" height=\"576\" src=\"https:\/\/estado29.mx\/wp-content\/uploads\/2024\/12\/IMG-20241215-WA0017-1024x576.jpg\" alt=\"\" class=\"wp-image-92174\" srcset=\"https:\/\/estado29.mx\/wp-content\/uploads\/2024\/12\/IMG-20241215-WA0017-1024x576.jpg 1024w, https:\/\/estado29.mx\/wp-content\/uploads\/2024\/12\/IMG-20241215-WA0017-300x169.jpg 300w, https:\/\/estado29.mx\/wp-content\/uploads\/2024\/12\/IMG-20241215-WA0017-768x432.jpg 768w, https:\/\/estado29.mx\/wp-content\/uploads\/2024\/12\/IMG-20241215-WA0017-1536x864.jpg 1536w, https:\/\/estado29.mx\/wp-content\/uploads\/2024\/12\/IMG-20241215-WA0017-750x422.jpg 750w, https:\/\/estado29.mx\/wp-content\/uploads\/2024\/12\/IMG-20241215-WA0017-1140x641.jpg 1140w, https:\/\/estado29.mx\/wp-content\/uploads\/2024\/12\/IMG-20241215-WA0017.jpg 1600w\" sizes=\"auto, (max-width: 1024px) 100vw, 1024px\" \/><\/figure>\n\n\n\n<p><br>El Comisario de Seguridad P\u00fablica, Vialidad y Transporte Municipal, detall\u00f3 que posterior al desfile, se realiz\u00f3 un concurso de carros aleg\u00f3ricos, por lo que en todo momento, elementos de esta corporaci\u00f3n, brindaron el acompa\u00f1amiento de estas actividades, asimismo, agreg\u00f3 que no se registr\u00f3 incidencia alguna durante el desarrollo de las mismas.<\/p>\n\n\n\n<figure class=\"wp-block-image size-large\"><img loading=\"lazy\" decoding=\"async\" width=\"768\" height=\"1024\" src=\"https:\/\/estado29.mx\/wp-content\/uploads\/2024\/12\/IMG-20241215-WA0011-768x1024.jpg\" alt=\"\" class=\"wp-image-92175\" srcset=\"https:\/\/estado29.mx\/wp-content\/uploads\/2024\/12\/IMG-20241215-WA0011-768x1024.jpg 768w, https:\/\/estado29.mx\/wp-content\/uploads\/2024\/12\/IMG-20241215-WA0011-225x300.jpg 225w, https:\/\/estado29.mx\/wp-content\/uploads\/2024\/12\/IMG-20241215-WA0011-750x1000.jpg 750w, https:\/\/estado29.mx\/wp-content\/uploads\/2024\/12\/IMG-20241215-WA0011.jpg 780w\" sizes=\"auto, (max-width: 768px) 100vw, 768px\" \/><\/figure>\n\n\n\n<p><br>Para finalizar, el comisario destac\u00f3 que elementos policiacos de este lugar, brindaron la atenci\u00f3n a los asistentes, en tanto, se desalojaba la zona centro de la cabecera municipal, para salvaguardar la integridad de los pobladores, culminado el evento con saldo blanco.<\/p>\n\n\n<figure class=\"wp-block-post-featured-image\"><img loading=\"lazy\" decoding=\"async\" width=\"780\" height=\"1040\" src=\"https:\/\/estado29.mx\/wp-content\/uploads\/2024\/12\/IMG-20241215-WA0012.jpg\" class=\"attachment-post-thumbnail size-post-thumbnail wp-post-image\" alt=\"\" style=\"object-fit:cover;\" srcset=\"https:\/\/estado29.mx\/wp-content\/uploads\/2024\/12\/IMG-20241215-WA0012.jpg 780w, https:\/\/estado29.mx\/wp-content\/uploads\/2024\/12\/IMG-20241215-WA0012-225x300.jpg 225w, https:\/\/estado29.mx\/wp-content\/uploads\/2024\/12\/IMG-20241215-WA0012-768x1024.jpg 768w, https:\/\/estado29.mx\/wp-content\/uploads\/2024\/12\/IMG-20241215-WA0012-750x1000.jpg 750w\" sizes=\"auto, (max-width: 780px) 100vw, 780px\" \/><\/figure>\n\n","protected":false},"excerpt":{"rendered":"<p>El Comisario de Seguridad P\u00fablica, Vialidad y Transporte en el Municipio de El Carmen Tequexquitla, V\u00edctor Garc\u00eda Ch\u00e9ver, refiri\u00f3 que derivado de las diversas actividades que se realizan en el lugar, como parte de las festividades decembrinas, este domingo 15, se llev\u00f3 a cabo El Desfile Navide\u00f1o, en su edici\u00f3n 2024. El Comisario de Seguridad [&hellip;]<\/p>\n","protected":false},"author":7,"featured_media":92173,"comment_status":"open","ping_status":"open","sticky":false,"template":"","format":"standard","meta":{"om_disable_all_campaigns":false,"_monsterinsights_skip_tracking":false,"_monsterinsights_sitenote_active":false,"_monsterinsights_sitenote_note":"","_monsterinsights_sitenote_category":0,"jnews-multi-image_gallery":[],"jnews_single_post":{"subtitle":"","format":"standard","video":"","gallery":"","source_name":"","source_url":"","via_name":"","via_url":"","override_template":"0","override":[{"template":"1","single_blog_custom":"","parallax":"1","fullscreen":"1","layout":"right-sidebar","sidebar":"default-sidebar","second_sidebar":"default-sidebar","sticky_sidebar":"1","share_position":"top","share_float_style":"share-monocrhome","show_share_counter":"1","show_view_counter":"1","show_featured":"1","show_post_meta":"1","show_post_author":"1","show_post_author_image":"1","show_post_date":"1","post_date_format":"default","post_date_format_custom":"Y\/m\/d","show_post_category":"1","show_post_reading_time":"0","post_reading_time_wpm":"300","show_zoom_button":"0","zoom_button_out_step":"2","zoom_button_in_step":"3","show_post_tag":"1","show_prev_next_post":"1","show_popup_post":"1","number_popup_post":"1","show_author_box":"1","show_post_related":"0","show_inline_post_related":"0"}],"override_image_size":"0","image_override":[{"single_post_thumbnail_size":"crop-500","single_post_gallery_size":"crop-500"}],"trending_post":"0","trending_post_position":"meta","trending_post_label":"Trending","sponsored_post":"0","sponsored_post_label":"Sponsored by","sponsored_post_name":"","sponsored_post_url":"","sponsored_post_logo_enable":"0","sponsored_post_logo":"","sponsored_post_desc":"","disable_ad":"0"},"jnews_primary_category":{"id":""},"footnotes":""},"categories":[1],"tags":[],"class_list":["post-92172","post","type-post","status-publish","format-standard","has-post-thumbnail","hentry","category-uncategorized"],"aioseo_notices":[],"_links":{"self":[{"href":"https:\/\/estado29.mx\/index.php?rest_route=\/wp\/v2\/posts\/92172","targetHints":{"allow":["GET"]}}],"collection":[{"href":"https:\/\/estado29.mx\/index.php?rest_route=\/wp\/v2\/posts"}],"about":[{"href":"https:\/\/estado29.mx\/index.php?rest_route=\/wp\/v2\/types\/post"}],"author":[{"embeddable":true,"href":"https:\/\/estado29.mx\/index.php?rest_route=\/wp\/v2\/users\/7"}],"replies":[{"embeddable":true,"href":"https:\/\/estado29.mx\/index.php?rest_route=%2Fwp%2Fv2%2Fcomments&post=92172"}],"version-history":[{"count":1,"href":"https:\/\/estado29.mx\/index.php?rest_route=\/wp\/v2\/posts\/92172\/revisions"}],"predecessor-version":[{"id":92176,"href":"https:\/\/estado29.mx\/index.php?rest_route=\/wp\/v2\/posts\/92172\/revisions\/92176"}],"wp:featuredmedia":[{"embeddable":true,"href":"https:\/\/estado29.mx\/index.php?rest_route=\/wp\/v2\/media\/92173"}],"wp:attachment":[{"href":"https:\/\/estado29.mx\/index.php?rest_route=%2Fwp%2Fv2%2Fmedia&parent=92172"}],"wp:term":[{"taxonomy":"category","embeddable":true,"href":"https:\/\/estado29.mx\/index.php?rest_route=%2Fwp%2Fv2%2Fcategories&post=92172"},{"taxonomy":"post_tag","embeddable":true,"href":"https:\/\/estado29.mx\/index.php?rest_route=%2Fwp%2Fv2%2Ftags&post=92172"}],"curies":[{"name":"wp","href":"https:\/\/api.w.org\/{rel}","templated":true}]}}