{"id":92193,"date":"2024-12-18T00:00:54","date_gmt":"2024-12-18T00:00:54","guid":{"rendered":"https:\/\/estado29.mx\/?p=92193"},"modified":"2024-12-18T00:00:55","modified_gmt":"2024-12-18T00:00:55","slug":"don-cheche-celebra-sus-98-anos-de-vida-y-alegocia","status":"publish","type":"post","link":"https:\/\/estado29.mx\/?p=92193","title":{"rendered":"Don Cheche celebra sus 98 a\u00f1os de vida y alegocia"},"content":{"rendered":"<figure class=\"wp-block-post-featured-image\"><img loading=\"lazy\" decoding=\"async\" width=\"1080\" height=\"1023\" src=\"https:\/\/estado29.mx\/wp-content\/uploads\/2024\/12\/Screenshot_2024-12-17-17-52-41-98_99c04817c0de5652397fc8b56c3b3817.jpg\" class=\"attachment-post-thumbnail size-post-thumbnail wp-post-image\" alt=\"\" style=\"object-fit:cover;\" srcset=\"https:\/\/estado29.mx\/wp-content\/uploads\/2024\/12\/Screenshot_2024-12-17-17-52-41-98_99c04817c0de5652397fc8b56c3b3817.jpg 1080w, https:\/\/estado29.mx\/wp-content\/uploads\/2024\/12\/Screenshot_2024-12-17-17-52-41-98_99c04817c0de5652397fc8b56c3b3817-300x284.jpg 300w, https:\/\/estado29.mx\/wp-content\/uploads\/2024\/12\/Screenshot_2024-12-17-17-52-41-98_99c04817c0de5652397fc8b56c3b3817-1024x970.jpg 1024w, https:\/\/estado29.mx\/wp-content\/uploads\/2024\/12\/Screenshot_2024-12-17-17-52-41-98_99c04817c0de5652397fc8b56c3b3817-768x727.jpg 768w, https:\/\/estado29.mx\/wp-content\/uploads\/2024\/12\/Screenshot_2024-12-17-17-52-41-98_99c04817c0de5652397fc8b56c3b3817-750x710.jpg 750w\" sizes=\"auto, (max-width: 1080px) 100vw, 1080px\" \/><\/figure>\n\n\n<p>*Este martes 17 de diciembre, Huamantla celebr\u00f3 un momento hist\u00f3rico: el 98 cumplea\u00f1os de &#8220;Don Che-ch\u00e9&#8221;, el gran historiador de la regi\u00f3n. La conmemoraci\u00f3n se llev\u00f3 a cabo en el sal\u00f3n &#8220;Real De Cantera&#8221;, rodeado de familiares, amigos y personalidades destacadas de la comunidad y del estado.<\/p>\n\n\n\n<figure class=\"wp-block-gallery has-nested-images columns-default is-cropped wp-block-gallery-1 is-layout-flex wp-block-gallery-is-layout-flex\">\n<figure class=\"wp-block-image size-large\"><img loading=\"lazy\" decoding=\"async\" width=\"1024\" height=\"961\" data-id=\"92199\" src=\"https:\/\/estado29.mx\/wp-content\/uploads\/2024\/12\/1000245358-1024x961.jpg\" alt=\"\" class=\"wp-image-92199\" srcset=\"https:\/\/estado29.mx\/wp-content\/uploads\/2024\/12\/1000245358-1024x961.jpg 1024w, https:\/\/estado29.mx\/wp-content\/uploads\/2024\/12\/1000245358-300x282.jpg 300w, https:\/\/estado29.mx\/wp-content\/uploads\/2024\/12\/1000245358-768x721.jpg 768w, https:\/\/estado29.mx\/wp-content\/uploads\/2024\/12\/1000245358-750x704.jpg 750w, https:\/\/estado29.mx\/wp-content\/uploads\/2024\/12\/1000245358.jpg 1080w\" sizes=\"auto, (max-width: 1024px) 100vw, 1024px\" \/><\/figure>\n\n\n\n<figure class=\"wp-block-image size-large\"><img loading=\"lazy\" decoding=\"async\" width=\"1024\" height=\"952\" data-id=\"92200\" src=\"https:\/\/estado29.mx\/wp-content\/uploads\/2024\/12\/1000245356-1024x952.jpg\" alt=\"\" class=\"wp-image-92200\" srcset=\"https:\/\/estado29.mx\/wp-content\/uploads\/2024\/12\/1000245356-1024x952.jpg 1024w, https:\/\/estado29.mx\/wp-content\/uploads\/2024\/12\/1000245356-300x279.jpg 300w, https:\/\/estado29.mx\/wp-content\/uploads\/2024\/12\/1000245356-768x714.jpg 768w, https:\/\/estado29.mx\/wp-content\/uploads\/2024\/12\/1000245356-750x697.jpg 750w, https:\/\/estado29.mx\/wp-content\/uploads\/2024\/12\/1000245356.jpg 1079w\" sizes=\"auto, (max-width: 1024px) 100vw, 1024px\" \/><\/figure>\n\n\n\n<figure class=\"wp-block-image size-large\"><img loading=\"lazy\" decoding=\"async\" width=\"1024\" height=\"989\" data-id=\"92201\" src=\"https:\/\/estado29.mx\/wp-content\/uploads\/2024\/12\/1000245354-1024x989.jpg\" alt=\"\" class=\"wp-image-92201\" srcset=\"https:\/\/estado29.mx\/wp-content\/uploads\/2024\/12\/1000245354-1024x989.jpg 1024w, https:\/\/estado29.mx\/wp-content\/uploads\/2024\/12\/1000245354-300x290.jpg 300w, https:\/\/estado29.mx\/wp-content\/uploads\/2024\/12\/1000245354-768x742.jpg 768w, https:\/\/estado29.mx\/wp-content\/uploads\/2024\/12\/1000245354-750x724.jpg 750w, https:\/\/estado29.mx\/wp-content\/uploads\/2024\/12\/1000245354.jpg 1080w\" sizes=\"auto, (max-width: 1024px) 100vw, 1024px\" \/><\/figure>\n\n\n\n<figure class=\"wp-block-image size-large\"><img loading=\"lazy\" decoding=\"async\" width=\"1024\" height=\"851\" data-id=\"92202\" src=\"https:\/\/estado29.mx\/wp-content\/uploads\/2024\/12\/1000245352-1024x851.jpg\" alt=\"\" class=\"wp-image-92202\" srcset=\"https:\/\/estado29.mx\/wp-content\/uploads\/2024\/12\/1000245352-1024x851.jpg 1024w, https:\/\/estado29.mx\/wp-content\/uploads\/2024\/12\/1000245352-300x249.jpg 300w, https:\/\/estado29.mx\/wp-content\/uploads\/2024\/12\/1000245352-768x639.jpg 768w, https:\/\/estado29.mx\/wp-content\/uploads\/2024\/12\/1000245352-750x624.jpg 750w, https:\/\/estado29.mx\/wp-content\/uploads\/2024\/12\/1000245352.jpg 1080w\" sizes=\"auto, (max-width: 1024px) 100vw, 1024px\" \/><\/figure>\n<\/figure>\n\n\n\n<p>Entre los asistentes se encontraban el Diputado Federal Alejandro Aguilar L\u00f3pez, Irma Garc\u00eda Izozorbe Directora de Radio Huamantla, Roberto Romero Rivera, Javier Marroquin Calder\u00f3n, Secretario de Desarrollo Econ\u00f3mico, Alejandro Lira Alfombrista de Huamantla, Elisa Osorio Delegada de Cruz Roja Huamantla, el Dr. Hugo Monterrosas, miembros de la Pe\u00f1a de los Comandantes, El Club de Leones, Fernando Flores Mac\u00edas, Sandra Aguilar Vega, entre otras personalidades.<\/p>\n\n\n\n<p>Por su parte, Don Jos\u00e9 Hern\u00e1ndez Castillo relato su trayectoria en el ej\u00e9rcito mexicano y resalt\u00f3 que su familia sigue la herencia, a su vez record\u00f3 su participaci\u00f3n en la construcci\u00f3n de la primera antena de 75 metros de la XEHT &#8220;La voz de Tlaxcala&#8221;.<\/p>\n\n\n\n<p>Durante esta celebraci\u00f3n se cont\u00f3 con la participaci\u00f3n de la cantante Huamantleca Ericka Zamora, adem\u00e1s muchos de los asistentes emitieron mensajes de felicitaci\u00f3n y reconocimiento a la trayectoria y legado de &#8220;Don Cheche&#8221; en la historia de Huamantla..<\/p>\n","protected":false},"excerpt":{"rendered":"<p>*Este martes 17 de diciembre, Huamantla celebr\u00f3 un momento hist\u00f3rico: el 98 cumplea\u00f1os de &#8220;Don Che-ch\u00e9&#8221;, el gran historiador de la regi\u00f3n. La conmemoraci\u00f3n se llev\u00f3 a cabo en el sal\u00f3n &#8220;Real De Cantera&#8221;, rodeado de familiares, amigos y personalidades destacadas de la comunidad y del estado. Entre los asistentes se encontraban el Diputado Federal [&hellip;]<\/p>\n","protected":false},"author":4,"featured_media":92194,"comment_status":"open","ping_status":"open","sticky":false,"template":"","format":"standard","meta":{"om_disable_all_campaigns":false,"_monsterinsights_skip_tracking":false,"_monsterinsights_sitenote_active":false,"_monsterinsights_sitenote_note":"","_monsterinsights_sitenote_category":0,"jnews-multi-image_gallery":[],"jnews_single_post":{"subtitle":"","format":"standard","video":"","gallery":"","source_name":"","source_url":"","via_name":"","via_url":"","override_template":"0","override":[{"template":"1","single_blog_custom":"","parallax":"1","fullscreen":"1","layout":"right-sidebar","sidebar":"default-sidebar","second_sidebar":"default-sidebar","sticky_sidebar":"1","share_position":"top","share_float_style":"share-monocrhome","show_share_counter":"1","show_view_counter":"1","show_featured":"1","show_post_meta":"1","show_post_author":"1","show_post_author_image":"1","show_post_date":"1","post_date_format":"default","post_date_format_custom":"Y\/m\/d","show_post_category":"1","show_post_reading_time":"0","post_reading_time_wpm":"300","show_zoom_button":"0","zoom_button_out_step":"2","zoom_button_in_step":"3","show_post_tag":"1","show_prev_next_post":"1","show_popup_post":"1","number_popup_post":"1","show_author_box":"1","show_post_related":"0","show_inline_post_related":"0"}],"override_image_size":"0","image_override":[{"single_post_thumbnail_size":"crop-500","single_post_gallery_size":"crop-500"}],"trending_post":"0","trending_post_position":"meta","trending_post_label":"Trending","sponsored_post":"0","sponsored_post_label":"Sponsored by","sponsored_post_name":"","sponsored_post_url":"","sponsored_post_logo_enable":"0","sponsored_post_logo":"","sponsored_post_desc":"","disable_ad":"0"},"jnews_primary_category":{"id":""},"footnotes":""},"categories":[1],"tags":[],"class_list":["post-92193","post","type-post","status-publish","format-standard","has-post-thumbnail","hentry","category-uncategorized"],"aioseo_notices":[],"_links":{"self":[{"href":"https:\/\/estado29.mx\/index.php?rest_route=\/wp\/v2\/posts\/92193","targetHints":{"allow":["GET"]}}],"collection":[{"href":"https:\/\/estado29.mx\/index.php?rest_route=\/wp\/v2\/posts"}],"about":[{"href":"https:\/\/estado29.mx\/index.php?rest_route=\/wp\/v2\/types\/post"}],"author":[{"embeddable":true,"href":"https:\/\/estado29.mx\/index.php?rest_route=\/wp\/v2\/users\/4"}],"replies":[{"embeddable":true,"href":"https:\/\/estado29.mx\/index.php?rest_route=%2Fwp%2Fv2%2Fcomments&post=92193"}],"version-history":[{"count":1,"href":"https:\/\/estado29.mx\/index.php?rest_route=\/wp\/v2\/posts\/92193\/revisions"}],"predecessor-version":[{"id":92203,"href":"https:\/\/estado29.mx\/index.php?rest_route=\/wp\/v2\/posts\/92193\/revisions\/92203"}],"wp:featuredmedia":[{"embeddable":true,"href":"https:\/\/estado29.mx\/index.php?rest_route=\/wp\/v2\/media\/92194"}],"wp:attachment":[{"href":"https:\/\/estado29.mx\/index.php?rest_route=%2Fwp%2Fv2%2Fmedia&parent=92193"}],"wp:term":[{"taxonomy":"category","embeddable":true,"href":"https:\/\/estado29.mx\/index.php?rest_route=%2Fwp%2Fv2%2Fcategories&post=92193"},{"taxonomy":"post_tag","embeddable":true,"href":"https:\/\/estado29.mx\/index.php?rest_route=%2Fwp%2Fv2%2Ftags&post=92193"}],"curies":[{"name":"wp","href":"https:\/\/api.w.org\/{rel}","templated":true}]}}