{"id":92214,"date":"2024-12-19T19:28:17","date_gmt":"2024-12-19T19:28:17","guid":{"rendered":"https:\/\/estado29.mx\/?p=92214"},"modified":"2024-12-19T19:28:17","modified_gmt":"2024-12-19T19:28:17","slug":"celebracion-de-la-primer-misa-solemne-del-fray-de-jesus-escarcega","status":"publish","type":"post","link":"https:\/\/estado29.mx\/?p=92214","title":{"rendered":"Celebraci\u00f3n de la Primer Misa solemne del Fray de Jes\u00fas Esc\u00e1rcega"},"content":{"rendered":"<figure class=\"wp-block-post-featured-image\"><img loading=\"lazy\" decoding=\"async\" width=\"1536\" height=\"1536\" src=\"https:\/\/estado29.mx\/wp-content\/uploads\/2024\/12\/WhatsApp-Image-2024-12-19-at-1.23.48-PM.jpeg\" class=\"attachment-post-thumbnail size-post-thumbnail wp-post-image\" alt=\"\" style=\"object-fit:cover;\" srcset=\"https:\/\/estado29.mx\/wp-content\/uploads\/2024\/12\/WhatsApp-Image-2024-12-19-at-1.23.48-PM.jpeg 1536w, https:\/\/estado29.mx\/wp-content\/uploads\/2024\/12\/WhatsApp-Image-2024-12-19-at-1.23.48-PM-300x300.jpeg 300w, https:\/\/estado29.mx\/wp-content\/uploads\/2024\/12\/WhatsApp-Image-2024-12-19-at-1.23.48-PM-1024x1024.jpeg 1024w, https:\/\/estado29.mx\/wp-content\/uploads\/2024\/12\/WhatsApp-Image-2024-12-19-at-1.23.48-PM-150x150.jpeg 150w, https:\/\/estado29.mx\/wp-content\/uploads\/2024\/12\/WhatsApp-Image-2024-12-19-at-1.23.48-PM-768x768.jpeg 768w, https:\/\/estado29.mx\/wp-content\/uploads\/2024\/12\/WhatsApp-Image-2024-12-19-at-1.23.48-PM-75x75.jpeg 75w, https:\/\/estado29.mx\/wp-content\/uploads\/2024\/12\/WhatsApp-Image-2024-12-19-at-1.23.48-PM-350x350.jpeg 350w, https:\/\/estado29.mx\/wp-content\/uploads\/2024\/12\/WhatsApp-Image-2024-12-19-at-1.23.48-PM-750x750.jpeg 750w, https:\/\/estado29.mx\/wp-content\/uploads\/2024\/12\/WhatsApp-Image-2024-12-19-at-1.23.48-PM-1140x1140.jpeg 1140w\" sizes=\"auto, (max-width: 1536px) 100vw, 1536px\" \/><\/figure>\n\n\n<p>Huamantla celebra la primera misa solemne del Fray Jes\u00fas Esc\u00e1rcega Mart\u00ednez.<\/p>\n\n\n\n<p>Este jueves 19 de diciembre, la comunidad cat\u00f3lica de Huamantla se reuni\u00f3 en el Convento Franciscano para celebrar la primera misa solemne del Fray Jes\u00fas Esc\u00e1rcega Mart\u00ednez.<\/p>\n\n\n\n<p>Un momento hist\u00f3rico,<br>Fray Miguel \u00c1ngel Berrocali \u00c1lvarez, responsable del Convento Franciscano, destac\u00f3 que el Fray Jes\u00fas Esc\u00e1rcega fue ordenado en la Ciudad de M\u00e9xico el pasado viernes 13 de diciembre. &#8220;Hoy tenemos la dicha de poder celebrar la acci\u00f3n de gracias de Fray Jes\u00fas Esc\u00e1rcega Mart\u00ednez&#8221;, puntualiz\u00f3 el responsable del Convento Franciscano.<\/p>\n\n\n\n<figure class=\"wp-block-gallery has-nested-images columns-default is-cropped wp-block-gallery-1 is-layout-flex wp-block-gallery-is-layout-flex\">\n<figure class=\"wp-block-image size-large\"><img loading=\"lazy\" decoding=\"async\" width=\"1024\" height=\"1024\" data-id=\"92216\" src=\"https:\/\/estado29.mx\/wp-content\/uploads\/2024\/12\/WhatsApp-Image-2024-12-19-at-1.23.29-PM-1-1024x1024.jpeg\" alt=\"\" class=\"wp-image-92216\" srcset=\"https:\/\/estado29.mx\/wp-content\/uploads\/2024\/12\/WhatsApp-Image-2024-12-19-at-1.23.29-PM-1-1024x1024.jpeg 1024w, https:\/\/estado29.mx\/wp-content\/uploads\/2024\/12\/WhatsApp-Image-2024-12-19-at-1.23.29-PM-1-300x300.jpeg 300w, https:\/\/estado29.mx\/wp-content\/uploads\/2024\/12\/WhatsApp-Image-2024-12-19-at-1.23.29-PM-1-150x150.jpeg 150w, https:\/\/estado29.mx\/wp-content\/uploads\/2024\/12\/WhatsApp-Image-2024-12-19-at-1.23.29-PM-1-768x768.jpeg 768w, https:\/\/estado29.mx\/wp-content\/uploads\/2024\/12\/WhatsApp-Image-2024-12-19-at-1.23.29-PM-1-75x75.jpeg 75w, https:\/\/estado29.mx\/wp-content\/uploads\/2024\/12\/WhatsApp-Image-2024-12-19-at-1.23.29-PM-1-350x350.jpeg 350w, https:\/\/estado29.mx\/wp-content\/uploads\/2024\/12\/WhatsApp-Image-2024-12-19-at-1.23.29-PM-1-750x750.jpeg 750w, https:\/\/estado29.mx\/wp-content\/uploads\/2024\/12\/WhatsApp-Image-2024-12-19-at-1.23.29-PM-1-1140x1140.jpeg 1140w, https:\/\/estado29.mx\/wp-content\/uploads\/2024\/12\/WhatsApp-Image-2024-12-19-at-1.23.29-PM-1.jpeg 1536w\" sizes=\"auto, (max-width: 1024px) 100vw, 1024px\" \/><\/figure>\n\n\n\n<figure class=\"wp-block-image size-large\"><img loading=\"lazy\" decoding=\"async\" width=\"1024\" height=\"1024\" data-id=\"92218\" src=\"https:\/\/estado29.mx\/wp-content\/uploads\/2024\/12\/WhatsApp-Image-2024-12-19-at-1.23.29-PM-2-1024x1024.jpeg\" alt=\"\" class=\"wp-image-92218\" srcset=\"https:\/\/estado29.mx\/wp-content\/uploads\/2024\/12\/WhatsApp-Image-2024-12-19-at-1.23.29-PM-2-1024x1024.jpeg 1024w, https:\/\/estado29.mx\/wp-content\/uploads\/2024\/12\/WhatsApp-Image-2024-12-19-at-1.23.29-PM-2-300x300.jpeg 300w, https:\/\/estado29.mx\/wp-content\/uploads\/2024\/12\/WhatsApp-Image-2024-12-19-at-1.23.29-PM-2-150x150.jpeg 150w, https:\/\/estado29.mx\/wp-content\/uploads\/2024\/12\/WhatsApp-Image-2024-12-19-at-1.23.29-PM-2-768x768.jpeg 768w, https:\/\/estado29.mx\/wp-content\/uploads\/2024\/12\/WhatsApp-Image-2024-12-19-at-1.23.29-PM-2-75x75.jpeg 75w, https:\/\/estado29.mx\/wp-content\/uploads\/2024\/12\/WhatsApp-Image-2024-12-19-at-1.23.29-PM-2-350x350.jpeg 350w, https:\/\/estado29.mx\/wp-content\/uploads\/2024\/12\/WhatsApp-Image-2024-12-19-at-1.23.29-PM-2-750x750.jpeg 750w, https:\/\/estado29.mx\/wp-content\/uploads\/2024\/12\/WhatsApp-Image-2024-12-19-at-1.23.29-PM-2-1140x1140.jpeg 1140w, https:\/\/estado29.mx\/wp-content\/uploads\/2024\/12\/WhatsApp-Image-2024-12-19-at-1.23.29-PM-2.jpeg 1536w\" sizes=\"auto, (max-width: 1024px) 100vw, 1024px\" \/><\/figure>\n\n\n\n<figure class=\"wp-block-image size-large\"><img loading=\"lazy\" decoding=\"async\" width=\"1024\" height=\"1024\" data-id=\"92219\" src=\"https:\/\/estado29.mx\/wp-content\/uploads\/2024\/12\/WhatsApp-Image-2024-12-19-at-1.23.29-PM-1024x1024.jpeg\" alt=\"\" class=\"wp-image-92219\" srcset=\"https:\/\/estado29.mx\/wp-content\/uploads\/2024\/12\/WhatsApp-Image-2024-12-19-at-1.23.29-PM-1024x1024.jpeg 1024w, https:\/\/estado29.mx\/wp-content\/uploads\/2024\/12\/WhatsApp-Image-2024-12-19-at-1.23.29-PM-300x300.jpeg 300w, https:\/\/estado29.mx\/wp-content\/uploads\/2024\/12\/WhatsApp-Image-2024-12-19-at-1.23.29-PM-150x150.jpeg 150w, https:\/\/estado29.mx\/wp-content\/uploads\/2024\/12\/WhatsApp-Image-2024-12-19-at-1.23.29-PM-768x768.jpeg 768w, https:\/\/estado29.mx\/wp-content\/uploads\/2024\/12\/WhatsApp-Image-2024-12-19-at-1.23.29-PM-75x75.jpeg 75w, https:\/\/estado29.mx\/wp-content\/uploads\/2024\/12\/WhatsApp-Image-2024-12-19-at-1.23.29-PM-350x350.jpeg 350w, https:\/\/estado29.mx\/wp-content\/uploads\/2024\/12\/WhatsApp-Image-2024-12-19-at-1.23.29-PM-750x750.jpeg 750w, https:\/\/estado29.mx\/wp-content\/uploads\/2024\/12\/WhatsApp-Image-2024-12-19-at-1.23.29-PM-1140x1140.jpeg 1140w, https:\/\/estado29.mx\/wp-content\/uploads\/2024\/12\/WhatsApp-Image-2024-12-19-at-1.23.29-PM.jpeg 1536w\" sizes=\"auto, (max-width: 1024px) 100vw, 1024px\" \/><\/figure>\n\n\n\n<figure class=\"wp-block-image size-large\"><img loading=\"lazy\" decoding=\"async\" width=\"1024\" height=\"1024\" data-id=\"92217\" src=\"https:\/\/estado29.mx\/wp-content\/uploads\/2024\/12\/WhatsApp-Image-2024-12-19-at-1.23.30-PM-1024x1024.jpeg\" alt=\"\" class=\"wp-image-92217\" srcset=\"https:\/\/estado29.mx\/wp-content\/uploads\/2024\/12\/WhatsApp-Image-2024-12-19-at-1.23.30-PM-1024x1024.jpeg 1024w, https:\/\/estado29.mx\/wp-content\/uploads\/2024\/12\/WhatsApp-Image-2024-12-19-at-1.23.30-PM-300x300.jpeg 300w, https:\/\/estado29.mx\/wp-content\/uploads\/2024\/12\/WhatsApp-Image-2024-12-19-at-1.23.30-PM-150x150.jpeg 150w, https:\/\/estado29.mx\/wp-content\/uploads\/2024\/12\/WhatsApp-Image-2024-12-19-at-1.23.30-PM-768x768.jpeg 768w, https:\/\/estado29.mx\/wp-content\/uploads\/2024\/12\/WhatsApp-Image-2024-12-19-at-1.23.30-PM-75x75.jpeg 75w, https:\/\/estado29.mx\/wp-content\/uploads\/2024\/12\/WhatsApp-Image-2024-12-19-at-1.23.30-PM-350x350.jpeg 350w, https:\/\/estado29.mx\/wp-content\/uploads\/2024\/12\/WhatsApp-Image-2024-12-19-at-1.23.30-PM-750x750.jpeg 750w, https:\/\/estado29.mx\/wp-content\/uploads\/2024\/12\/WhatsApp-Image-2024-12-19-at-1.23.30-PM-1140x1140.jpeg 1140w, https:\/\/estado29.mx\/wp-content\/uploads\/2024\/12\/WhatsApp-Image-2024-12-19-at-1.23.30-PM.jpeg 1536w\" sizes=\"auto, (max-width: 1024px) 100vw, 1024px\" \/><\/figure>\n<\/figure>\n\n\n\n<p>El nuevo sacerdote expres\u00f3 su gratitud y emoci\u00f3n por ser parte de la comunidad de Huamantla. &#8220;Es un honor ser parte de este Pueblo m\u00e1gico, hoy para m\u00ed esta celebraci\u00f3n es ser participe de la bendici\u00f3n de Dios.&#8221;<\/p>\n\n\n\n<p>La comunidad cat\u00f3lica, familiares y amigos de Huamantla se unieron en oraci\u00f3n y celebraci\u00f3n por este importante momento en la vida del nuevo sacerdote.<\/p>\n","protected":false},"excerpt":{"rendered":"<p>Huamantla celebra la primera misa solemne del Fray Jes\u00fas Esc\u00e1rcega Mart\u00ednez. Este jueves 19 de diciembre, la comunidad cat\u00f3lica de Huamantla se reuni\u00f3 en el Convento Franciscano para celebrar la primera misa solemne del Fray Jes\u00fas Esc\u00e1rcega Mart\u00ednez. Un momento hist\u00f3rico,Fray Miguel \u00c1ngel Berrocali \u00c1lvarez, responsable del Convento Franciscano, destac\u00f3 que el Fray Jes\u00fas Esc\u00e1rcega [&hellip;]<\/p>\n","protected":false},"author":4,"featured_media":92215,"comment_status":"open","ping_status":"open","sticky":false,"template":"","format":"standard","meta":{"om_disable_all_campaigns":false,"_monsterinsights_skip_tracking":false,"_monsterinsights_sitenote_active":false,"_monsterinsights_sitenote_note":"","_monsterinsights_sitenote_category":0,"jnews-multi-image_gallery":[],"jnews_single_post":{"subtitle":"","format":"standard","video":"","gallery":"","source_name":"","source_url":"","via_name":"","via_url":"","override_template":"0","override":[{"template":"1","single_blog_custom":"","parallax":"1","fullscreen":"1","layout":"right-sidebar","sidebar":"default-sidebar","second_sidebar":"default-sidebar","sticky_sidebar":"1","share_position":"top","share_float_style":"share-monocrhome","show_share_counter":"1","show_view_counter":"1","show_featured":"1","show_post_meta":"1","show_post_author":"1","show_post_author_image":"1","show_post_date":"1","post_date_format":"default","post_date_format_custom":"Y\/m\/d","show_post_category":"1","show_post_reading_time":"0","post_reading_time_wpm":"300","show_zoom_button":"0","zoom_button_out_step":"2","zoom_button_in_step":"3","show_post_tag":"1","show_prev_next_post":"1","show_popup_post":"1","number_popup_post":"1","show_author_box":"1","show_post_related":"0","show_inline_post_related":"0"}],"override_image_size":"0","image_override":[{"single_post_thumbnail_size":"crop-500","single_post_gallery_size":"crop-500"}],"trending_post":"0","trending_post_position":"meta","trending_post_label":"Trending","sponsored_post":"0","sponsored_post_label":"Sponsored by","sponsored_post_name":"","sponsored_post_url":"","sponsored_post_logo_enable":"0","sponsored_post_logo":"","sponsored_post_desc":"","disable_ad":"0"},"jnews_primary_category":{"id":""},"footnotes":""},"categories":[1],"tags":[],"class_list":["post-92214","post","type-post","status-publish","format-standard","has-post-thumbnail","hentry","category-uncategorized"],"aioseo_notices":[],"_links":{"self":[{"href":"https:\/\/estado29.mx\/index.php?rest_route=\/wp\/v2\/posts\/92214","targetHints":{"allow":["GET"]}}],"collection":[{"href":"https:\/\/estado29.mx\/index.php?rest_route=\/wp\/v2\/posts"}],"about":[{"href":"https:\/\/estado29.mx\/index.php?rest_route=\/wp\/v2\/types\/post"}],"author":[{"embeddable":true,"href":"https:\/\/estado29.mx\/index.php?rest_route=\/wp\/v2\/users\/4"}],"replies":[{"embeddable":true,"href":"https:\/\/estado29.mx\/index.php?rest_route=%2Fwp%2Fv2%2Fcomments&post=92214"}],"version-history":[{"count":1,"href":"https:\/\/estado29.mx\/index.php?rest_route=\/wp\/v2\/posts\/92214\/revisions"}],"predecessor-version":[{"id":92220,"href":"https:\/\/estado29.mx\/index.php?rest_route=\/wp\/v2\/posts\/92214\/revisions\/92220"}],"wp:featuredmedia":[{"embeddable":true,"href":"https:\/\/estado29.mx\/index.php?rest_route=\/wp\/v2\/media\/92215"}],"wp:attachment":[{"href":"https:\/\/estado29.mx\/index.php?rest_route=%2Fwp%2Fv2%2Fmedia&parent=92214"}],"wp:term":[{"taxonomy":"category","embeddable":true,"href":"https:\/\/estado29.mx\/index.php?rest_route=%2Fwp%2Fv2%2Fcategories&post=92214"},{"taxonomy":"post_tag","embeddable":true,"href":"https:\/\/estado29.mx\/index.php?rest_route=%2Fwp%2Fv2%2Ftags&post=92214"}],"curies":[{"name":"wp","href":"https:\/\/api.w.org\/{rel}","templated":true}]}}