{"id":92238,"date":"2024-12-20T02:20:51","date_gmt":"2024-12-20T02:20:51","guid":{"rendered":"https:\/\/estado29.mx\/?p=92238"},"modified":"2024-12-20T02:20:52","modified_gmt":"2024-12-20T02:20:52","slug":"ejecutaran-en-tequexquitla-proyecto-para-rehabilitar-pozo-totolcingo","status":"publish","type":"post","link":"https:\/\/estado29.mx\/?p=92238","title":{"rendered":"Ejecutar\u00e1n en Tequexquitla proyecto para rehabilitar pozo Totolcingo."},"content":{"rendered":"\n<p><br><br>El Director de Obras P\u00fablicas en el Municipio de El Carmen Tequexquitla, Oziel Molina Carmona, detall\u00f3 que dentro de los proyectos que se tienen contemplados para la presente administraci\u00f3n, est\u00e1 la rehabilitaci\u00f3n del Pozo Totolcingo, el cu\u00e1l hab\u00eda estado por a\u00f1os en obra negra.<\/p>\n\n\n\n<p><br>Oziel Molina Carmona, dijo que este proyecto consiste en la instalaci\u00f3n de equipo de bombeo, paneles solares en el pozo Totolcingo.<\/p>\n\n\n\n<p><br>Dijo que la intenci\u00f3n de la presidenta municipal, Mar\u00eda Aracely Mart\u00ednez Cort\u00e9s, es revivir la zona de tequexquitales, ya que hab\u00eda sido una fuente de ingresos para algunas familias de este lugar.<\/p>\n\n\n\n<p><br>En este sentido, el Director de Obras P\u00fablicas en Tequexquitla, explic\u00f3 la manera en que estar\u00eda funcionando este pozo, ya que el agua no es apta para consumo humano, pero si para rehabilitar esta importante zona, que representa ingreso econ\u00f3mico para algunas familias de esta poblaci\u00f3n.<\/p>\n\n\n<figure class=\"wp-block-post-featured-image\"><img loading=\"lazy\" decoding=\"async\" width=\"2560\" height=\"1920\" src=\"https:\/\/estado29.mx\/wp-content\/uploads\/2024\/12\/IMG_20241125_135637-min-scaled.jpg\" class=\"attachment-post-thumbnail size-post-thumbnail wp-post-image\" alt=\"\" style=\"object-fit:cover;\" srcset=\"https:\/\/estado29.mx\/wp-content\/uploads\/2024\/12\/IMG_20241125_135637-min-scaled.jpg 2560w, https:\/\/estado29.mx\/wp-content\/uploads\/2024\/12\/IMG_20241125_135637-min-300x225.jpg 300w, https:\/\/estado29.mx\/wp-content\/uploads\/2024\/12\/IMG_20241125_135637-min-1024x768.jpg 1024w, https:\/\/estado29.mx\/wp-content\/uploads\/2024\/12\/IMG_20241125_135637-min-768x576.jpg 768w, https:\/\/estado29.mx\/wp-content\/uploads\/2024\/12\/IMG_20241125_135637-min-1536x1152.jpg 1536w, https:\/\/estado29.mx\/wp-content\/uploads\/2024\/12\/IMG_20241125_135637-min-2048x1536.jpg 2048w, https:\/\/estado29.mx\/wp-content\/uploads\/2024\/12\/IMG_20241125_135637-min-750x563.jpg 750w, https:\/\/estado29.mx\/wp-content\/uploads\/2024\/12\/IMG_20241125_135637-min-1140x855.jpg 1140w\" sizes=\"auto, (max-width: 2560px) 100vw, 2560px\" \/><\/figure>","protected":false},"excerpt":{"rendered":"<p>El Director de Obras P\u00fablicas en el Municipio de El Carmen Tequexquitla, Oziel Molina Carmona, detall\u00f3 que dentro de los proyectos que se tienen contemplados para la presente administraci\u00f3n, est\u00e1 la rehabilitaci\u00f3n del Pozo Totolcingo, el cu\u00e1l hab\u00eda estado por a\u00f1os en obra negra. Oziel Molina Carmona, dijo que este proyecto consiste en la instalaci\u00f3n [&hellip;]<\/p>\n","protected":false},"author":7,"featured_media":92239,"comment_status":"open","ping_status":"open","sticky":false,"template":"","format":"standard","meta":{"om_disable_all_campaigns":false,"_monsterinsights_skip_tracking":false,"_monsterinsights_sitenote_active":false,"_monsterinsights_sitenote_note":"","_monsterinsights_sitenote_category":0,"jnews-multi-image_gallery":[],"jnews_single_post":{"subtitle":"","format":"standard","video":"","gallery":"","source_name":"","source_url":"","via_name":"","via_url":"","override_template":"0","override":[{"template":"1","single_blog_custom":"","parallax":"1","fullscreen":"1","layout":"right-sidebar","sidebar":"default-sidebar","second_sidebar":"default-sidebar","sticky_sidebar":"1","share_position":"top","share_float_style":"share-monocrhome","show_share_counter":"1","show_view_counter":"1","show_featured":"1","show_post_meta":"1","show_post_author":"1","show_post_author_image":"1","show_post_date":"1","post_date_format":"default","post_date_format_custom":"Y\/m\/d","show_post_category":"1","show_post_reading_time":"0","post_reading_time_wpm":"300","show_zoom_button":"0","zoom_button_out_step":"2","zoom_button_in_step":"3","show_post_tag":"1","show_prev_next_post":"1","show_popup_post":"1","number_popup_post":"1","show_author_box":"1","show_post_related":"0","show_inline_post_related":"0"}],"override_image_size":"0","image_override":[{"single_post_thumbnail_size":"crop-500","single_post_gallery_size":"crop-500"}],"trending_post":"0","trending_post_position":"meta","trending_post_label":"Trending","sponsored_post":"0","sponsored_post_label":"Sponsored by","sponsored_post_name":"","sponsored_post_url":"","sponsored_post_logo_enable":"0","sponsored_post_logo":"","sponsored_post_desc":"","disable_ad":"0"},"jnews_primary_category":{"id":""},"footnotes":""},"categories":[1],"tags":[],"class_list":["post-92238","post","type-post","status-publish","format-standard","has-post-thumbnail","hentry","category-uncategorized"],"aioseo_notices":[],"_links":{"self":[{"href":"https:\/\/estado29.mx\/index.php?rest_route=\/wp\/v2\/posts\/92238","targetHints":{"allow":["GET"]}}],"collection":[{"href":"https:\/\/estado29.mx\/index.php?rest_route=\/wp\/v2\/posts"}],"about":[{"href":"https:\/\/estado29.mx\/index.php?rest_route=\/wp\/v2\/types\/post"}],"author":[{"embeddable":true,"href":"https:\/\/estado29.mx\/index.php?rest_route=\/wp\/v2\/users\/7"}],"replies":[{"embeddable":true,"href":"https:\/\/estado29.mx\/index.php?rest_route=%2Fwp%2Fv2%2Fcomments&post=92238"}],"version-history":[{"count":1,"href":"https:\/\/estado29.mx\/index.php?rest_route=\/wp\/v2\/posts\/92238\/revisions"}],"predecessor-version":[{"id":92240,"href":"https:\/\/estado29.mx\/index.php?rest_route=\/wp\/v2\/posts\/92238\/revisions\/92240"}],"wp:featuredmedia":[{"embeddable":true,"href":"https:\/\/estado29.mx\/index.php?rest_route=\/wp\/v2\/media\/92239"}],"wp:attachment":[{"href":"https:\/\/estado29.mx\/index.php?rest_route=%2Fwp%2Fv2%2Fmedia&parent=92238"}],"wp:term":[{"taxonomy":"category","embeddable":true,"href":"https:\/\/estado29.mx\/index.php?rest_route=%2Fwp%2Fv2%2Fcategories&post=92238"},{"taxonomy":"post_tag","embeddable":true,"href":"https:\/\/estado29.mx\/index.php?rest_route=%2Fwp%2Fv2%2Ftags&post=92238"}],"curies":[{"name":"wp","href":"https:\/\/api.w.org\/{rel}","templated":true}]}}