{"id":92249,"date":"2024-12-20T19:35:08","date_gmt":"2024-12-20T19:35:08","guid":{"rendered":"https:\/\/estado29.mx\/?p=92249"},"modified":"2024-12-20T19:35:09","modified_gmt":"2024-12-20T19:35:09","slug":"llevara-a-cabo-centro-cultural-huamantla-muestra-de-talleres-en-foro-de-aldea-magica","status":"publish","type":"post","link":"https:\/\/estado29.mx\/?p=92249","title":{"rendered":"Llevar\u00e1 a cabo Centro Cultural Huamantla Muestra de Talleres en Foro de Aldea M\u00e1gica."},"content":{"rendered":"\n<p><br>Este viernes 20 de diciembre el a\u00f1o en curso, alumnos de los diversos talleres que ofrece el Centro Cultural Huamantla, realizar\u00e1 una muestra de los aprendizajes obtenidos, en el foro de Aldea M\u00e1gica.<\/p>\n\n\n\n<p><br>Mar\u00eda Elena D\u00edaz, Coordinadora de Eventos en el Centro Cultural Huamantla, dijo que los talleres que participar\u00e1n en esta muestra son: Ballet Cl\u00e1sico, K pop, Flamenco y Ritmos latinos.<\/p>\n\n\n\n<p><br>Esta actividad se realizar\u00e1 a partir de las cuatro de la tarde, en el Foro de Aldea M\u00e1gica, por lo que hizo extensa la invitaci\u00f3n a la ciudadan\u00eda para que acuda y disfrute de las diversas danzas que se presentar\u00e1n.<\/p>\n\n\n<figure class=\"wp-block-post-featured-image\"><img loading=\"lazy\" decoding=\"async\" width=\"738\" height=\"415\" src=\"https:\/\/estado29.mx\/wp-content\/uploads\/2024\/10\/2022-08-04.jpg\" class=\"attachment-post-thumbnail size-post-thumbnail wp-post-image\" alt=\"\" style=\"object-fit:cover;\" srcset=\"https:\/\/estado29.mx\/wp-content\/uploads\/2024\/10\/2022-08-04.jpg 738w, https:\/\/estado29.mx\/wp-content\/uploads\/2024\/10\/2022-08-04-300x169.jpg 300w\" sizes=\"auto, (max-width: 738px) 100vw, 738px\" \/><\/figure>","protected":false},"excerpt":{"rendered":"<p>Este viernes 20 de diciembre el a\u00f1o en curso, alumnos de los diversos talleres que ofrece el Centro Cultural Huamantla, realizar\u00e1 una muestra de los aprendizajes obtenidos, en el foro de Aldea M\u00e1gica. Mar\u00eda Elena D\u00edaz, Coordinadora de Eventos en el Centro Cultural Huamantla, dijo que los talleres que participar\u00e1n en esta muestra son: Ballet [&hellip;]<\/p>\n","protected":false},"author":7,"featured_media":90835,"comment_status":"open","ping_status":"open","sticky":false,"template":"","format":"standard","meta":{"om_disable_all_campaigns":false,"_monsterinsights_skip_tracking":false,"_monsterinsights_sitenote_active":false,"_monsterinsights_sitenote_note":"","_monsterinsights_sitenote_category":0,"jnews-multi-image_gallery":[],"jnews_single_post":{"subtitle":"","format":"standard","video":"","gallery":"","source_name":"","source_url":"","via_name":"","via_url":"","override_template":"0","override":[{"template":"1","single_blog_custom":"","parallax":"1","fullscreen":"1","layout":"right-sidebar","sidebar":"default-sidebar","second_sidebar":"default-sidebar","sticky_sidebar":"1","share_position":"top","share_float_style":"share-monocrhome","show_share_counter":"1","show_view_counter":"1","show_featured":"1","show_post_meta":"1","show_post_author":"1","show_post_author_image":"1","show_post_date":"1","post_date_format":"default","post_date_format_custom":"Y\/m\/d","show_post_category":"1","show_post_reading_time":"0","post_reading_time_wpm":"300","show_zoom_button":"0","zoom_button_out_step":"2","zoom_button_in_step":"3","show_post_tag":"1","show_prev_next_post":"1","show_popup_post":"1","number_popup_post":"1","show_author_box":"1","show_post_related":"0","show_inline_post_related":"0"}],"override_image_size":"0","image_override":[{"single_post_thumbnail_size":"crop-500","single_post_gallery_size":"crop-500"}],"trending_post":"0","trending_post_position":"meta","trending_post_label":"Trending","sponsored_post":"0","sponsored_post_label":"Sponsored by","sponsored_post_name":"","sponsored_post_url":"","sponsored_post_logo_enable":"0","sponsored_post_logo":"","sponsored_post_desc":"","disable_ad":"0"},"jnews_primary_category":{"id":""},"footnotes":""},"categories":[1],"tags":[],"class_list":["post-92249","post","type-post","status-publish","format-standard","has-post-thumbnail","hentry","category-uncategorized"],"aioseo_notices":[],"_links":{"self":[{"href":"https:\/\/estado29.mx\/index.php?rest_route=\/wp\/v2\/posts\/92249","targetHints":{"allow":["GET"]}}],"collection":[{"href":"https:\/\/estado29.mx\/index.php?rest_route=\/wp\/v2\/posts"}],"about":[{"href":"https:\/\/estado29.mx\/index.php?rest_route=\/wp\/v2\/types\/post"}],"author":[{"embeddable":true,"href":"https:\/\/estado29.mx\/index.php?rest_route=\/wp\/v2\/users\/7"}],"replies":[{"embeddable":true,"href":"https:\/\/estado29.mx\/index.php?rest_route=%2Fwp%2Fv2%2Fcomments&post=92249"}],"version-history":[{"count":1,"href":"https:\/\/estado29.mx\/index.php?rest_route=\/wp\/v2\/posts\/92249\/revisions"}],"predecessor-version":[{"id":92250,"href":"https:\/\/estado29.mx\/index.php?rest_route=\/wp\/v2\/posts\/92249\/revisions\/92250"}],"wp:featuredmedia":[{"embeddable":true,"href":"https:\/\/estado29.mx\/index.php?rest_route=\/wp\/v2\/media\/90835"}],"wp:attachment":[{"href":"https:\/\/estado29.mx\/index.php?rest_route=%2Fwp%2Fv2%2Fmedia&parent=92249"}],"wp:term":[{"taxonomy":"category","embeddable":true,"href":"https:\/\/estado29.mx\/index.php?rest_route=%2Fwp%2Fv2%2Fcategories&post=92249"},{"taxonomy":"post_tag","embeddable":true,"href":"https:\/\/estado29.mx\/index.php?rest_route=%2Fwp%2Fv2%2Ftags&post=92249"}],"curies":[{"name":"wp","href":"https:\/\/api.w.org\/{rel}","templated":true}]}}