{"id":92251,"date":"2024-12-20T19:38:57","date_gmt":"2024-12-20T19:38:57","guid":{"rendered":"https:\/\/estado29.mx\/?p=92251"},"modified":"2024-12-20T19:38:58","modified_gmt":"2024-12-20T19:38:58","slug":"inauguran-en-el-carmen-tequexquitla-linea-de-conduccion-de-agua-potable","status":"publish","type":"post","link":"https:\/\/estado29.mx\/?p=92251","title":{"rendered":"Inauguran en El Carmen Tequexquitla l\u00ednea de conducci\u00f3n de Agua Potable."},"content":{"rendered":"\n<p><br>Este viernes 20 de diciembre del a\u00f1o en curso, la presidenta Municipal de El Carmen Tequexquitla, Mar\u00eda Aracely Mart\u00ednez Cort\u00e9s, llev\u00f3 a cabo la inauguraci\u00f3n de una l\u00ednea de conducci\u00f3n de agua potable en la Colonia Mazatepec Sur.<\/p>\n\n\n\n<figure class=\"wp-block-image size-full\"><img loading=\"lazy\" decoding=\"async\" width=\"720\" height=\"487\" src=\"https:\/\/estado29.mx\/wp-content\/uploads\/2024\/12\/Screenshot_2024-12-20-13-07-17-8012.jpg\" alt=\"\" class=\"wp-image-92253\" srcset=\"https:\/\/estado29.mx\/wp-content\/uploads\/2024\/12\/Screenshot_2024-12-20-13-07-17-8012.jpg 720w, https:\/\/estado29.mx\/wp-content\/uploads\/2024\/12\/Screenshot_2024-12-20-13-07-17-8012-300x203.jpg 300w\" sizes=\"auto, (max-width: 720px) 100vw, 720px\" \/><\/figure>\n\n\n\n<p><br>En su mensaje, la alcaldesa destac\u00f3 que importancia de la ejecuci\u00f3n de esta obra pues abastecer\u00e1 de agua potable a las Colonias Mazatepec Norte y Sur de este municipio.<\/p>\n\n\n\n<p>Mar\u00eda Aracely Mart\u00ednez Cort\u00e9s, refrend\u00f3 su compromiso, en seguir trabajando en beneficio de las familias de Tequexquitla, para brindar un mejor desarrollo y bienestar.<\/p>\n\n\n<figure class=\"wp-block-post-featured-image\"><img loading=\"lazy\" decoding=\"async\" width=\"720\" height=\"480\" src=\"https:\/\/estado29.mx\/wp-content\/uploads\/2024\/12\/Screenshot_2024-12-20-13-06-54-6392.jpg\" class=\"attachment-post-thumbnail size-post-thumbnail wp-post-image\" alt=\"\" style=\"object-fit:cover;\" srcset=\"https:\/\/estado29.mx\/wp-content\/uploads\/2024\/12\/Screenshot_2024-12-20-13-06-54-6392.jpg 720w, https:\/\/estado29.mx\/wp-content\/uploads\/2024\/12\/Screenshot_2024-12-20-13-06-54-6392-300x200.jpg 300w\" sizes=\"auto, (max-width: 720px) 100vw, 720px\" \/><\/figure>","protected":false},"excerpt":{"rendered":"<p>Este viernes 20 de diciembre del a\u00f1o en curso, la presidenta Municipal de El Carmen Tequexquitla, Mar\u00eda Aracely Mart\u00ednez Cort\u00e9s, llev\u00f3 a cabo la inauguraci\u00f3n de una l\u00ednea de conducci\u00f3n de agua potable en la Colonia Mazatepec Sur. En su mensaje, la alcaldesa destac\u00f3 que importancia de la ejecuci\u00f3n de esta obra pues abastecer\u00e1 de [&hellip;]<\/p>\n","protected":false},"author":7,"featured_media":92252,"comment_status":"open","ping_status":"open","sticky":false,"template":"","format":"standard","meta":{"om_disable_all_campaigns":false,"_monsterinsights_skip_tracking":false,"_monsterinsights_sitenote_active":false,"_monsterinsights_sitenote_note":"","_monsterinsights_sitenote_category":0,"jnews-multi-image_gallery":[],"jnews_single_post":{"subtitle":"","format":"standard","video":"","gallery":"","source_name":"","source_url":"","via_name":"","via_url":"","override_template":"0","override":[{"template":"1","single_blog_custom":"","parallax":"1","fullscreen":"1","layout":"right-sidebar","sidebar":"default-sidebar","second_sidebar":"default-sidebar","sticky_sidebar":"1","share_position":"top","share_float_style":"share-monocrhome","show_share_counter":"1","show_view_counter":"1","show_featured":"1","show_post_meta":"1","show_post_author":"1","show_post_author_image":"1","show_post_date":"1","post_date_format":"default","post_date_format_custom":"Y\/m\/d","show_post_category":"1","show_post_reading_time":"0","post_reading_time_wpm":"300","show_zoom_button":"0","zoom_button_out_step":"2","zoom_button_in_step":"3","show_post_tag":"1","show_prev_next_post":"1","show_popup_post":"1","number_popup_post":"1","show_author_box":"1","show_post_related":"0","show_inline_post_related":"0"}],"override_image_size":"0","image_override":[{"single_post_thumbnail_size":"crop-500","single_post_gallery_size":"crop-500"}],"trending_post":"0","trending_post_position":"meta","trending_post_label":"Trending","sponsored_post":"0","sponsored_post_label":"Sponsored by","sponsored_post_name":"","sponsored_post_url":"","sponsored_post_logo_enable":"0","sponsored_post_logo":"","sponsored_post_desc":"","disable_ad":"0"},"jnews_primary_category":{"id":""},"footnotes":""},"categories":[1],"tags":[],"class_list":["post-92251","post","type-post","status-publish","format-standard","has-post-thumbnail","hentry","category-uncategorized"],"aioseo_notices":[],"_links":{"self":[{"href":"https:\/\/estado29.mx\/index.php?rest_route=\/wp\/v2\/posts\/92251","targetHints":{"allow":["GET"]}}],"collection":[{"href":"https:\/\/estado29.mx\/index.php?rest_route=\/wp\/v2\/posts"}],"about":[{"href":"https:\/\/estado29.mx\/index.php?rest_route=\/wp\/v2\/types\/post"}],"author":[{"embeddable":true,"href":"https:\/\/estado29.mx\/index.php?rest_route=\/wp\/v2\/users\/7"}],"replies":[{"embeddable":true,"href":"https:\/\/estado29.mx\/index.php?rest_route=%2Fwp%2Fv2%2Fcomments&post=92251"}],"version-history":[{"count":1,"href":"https:\/\/estado29.mx\/index.php?rest_route=\/wp\/v2\/posts\/92251\/revisions"}],"predecessor-version":[{"id":92254,"href":"https:\/\/estado29.mx\/index.php?rest_route=\/wp\/v2\/posts\/92251\/revisions\/92254"}],"wp:featuredmedia":[{"embeddable":true,"href":"https:\/\/estado29.mx\/index.php?rest_route=\/wp\/v2\/media\/92252"}],"wp:attachment":[{"href":"https:\/\/estado29.mx\/index.php?rest_route=%2Fwp%2Fv2%2Fmedia&parent=92251"}],"wp:term":[{"taxonomy":"category","embeddable":true,"href":"https:\/\/estado29.mx\/index.php?rest_route=%2Fwp%2Fv2%2Fcategories&post=92251"},{"taxonomy":"post_tag","embeddable":true,"href":"https:\/\/estado29.mx\/index.php?rest_route=%2Fwp%2Fv2%2Ftags&post=92251"}],"curies":[{"name":"wp","href":"https:\/\/api.w.org\/{rel}","templated":true}]}}