{"id":92294,"date":"2024-12-22T22:37:20","date_gmt":"2024-12-22T22:37:20","guid":{"rendered":"https:\/\/estado29.mx\/?p=92294"},"modified":"2024-12-22T22:37:21","modified_gmt":"2024-12-22T22:37:21","slug":"participan-en-operativo-interinstitucional-realizado-en-tequexquitla-corporaciones-federales-de-seguridad","status":"publish","type":"post","link":"https:\/\/estado29.mx\/?p=92294","title":{"rendered":"Participan en Operativo Interinstitucional realizado en Tequexquitla Corporaciones Federales de Seguridad ."},"content":{"rendered":"\n<p><br>Este viernes 20 de diciembre del a\u00f1o en curso, se llev\u00f3 a cabo un Operativo Interinstitucional, en el Municipio de El Carmen Tequexquitla, el cual se efectu\u00f3 en esta ocasi\u00f3n, en El Barrio de Guadalupe.<\/p>\n\n\n\n<figure class=\"wp-block-image size-large\"><img loading=\"lazy\" decoding=\"async\" width=\"1024\" height=\"768\" src=\"https:\/\/estado29.mx\/wp-content\/uploads\/2024\/12\/IMG-20241221-WA0008-1024x768.jpg\" alt=\"\" class=\"wp-image-92296\" srcset=\"https:\/\/estado29.mx\/wp-content\/uploads\/2024\/12\/IMG-20241221-WA0008-1024x768.jpg 1024w, https:\/\/estado29.mx\/wp-content\/uploads\/2024\/12\/IMG-20241221-WA0008-300x225.jpg 300w, https:\/\/estado29.mx\/wp-content\/uploads\/2024\/12\/IMG-20241221-WA0008-768x576.jpg 768w, https:\/\/estado29.mx\/wp-content\/uploads\/2024\/12\/IMG-20241221-WA0008-750x563.jpg 750w, https:\/\/estado29.mx\/wp-content\/uploads\/2024\/12\/IMG-20241221-WA0008-1140x855.jpg 1140w, https:\/\/estado29.mx\/wp-content\/uploads\/2024\/12\/IMG-20241221-WA0008.jpg 1280w\" sizes=\"auto, (max-width: 1024px) 100vw, 1024px\" \/><\/figure>\n\n\n\n<p><br>El Comisario de Seguridad P\u00fablica, Vialidad y Transporte Municipal, V\u00edctor Garc\u00eda Ch\u00e9ver, destac\u00f3 que en este operativo, participaron elementos de la Secretar\u00eda de la Defensa Nacional (SEDENA), Guardia Nacional y Polic\u00eda Municipal.<\/p>\n\n\n\n<figure class=\"wp-block-image size-large\"><img loading=\"lazy\" decoding=\"async\" width=\"1024\" height=\"768\" src=\"https:\/\/estado29.mx\/wp-content\/uploads\/2024\/12\/IMG-20241221-WA0005-1024x768.jpg\" alt=\"\" class=\"wp-image-92297\" srcset=\"https:\/\/estado29.mx\/wp-content\/uploads\/2024\/12\/IMG-20241221-WA0005-1024x768.jpg 1024w, https:\/\/estado29.mx\/wp-content\/uploads\/2024\/12\/IMG-20241221-WA0005-300x225.jpg 300w, https:\/\/estado29.mx\/wp-content\/uploads\/2024\/12\/IMG-20241221-WA0005-768x576.jpg 768w, https:\/\/estado29.mx\/wp-content\/uploads\/2024\/12\/IMG-20241221-WA0005-750x563.jpg 750w, https:\/\/estado29.mx\/wp-content\/uploads\/2024\/12\/IMG-20241221-WA0005.jpg 1040w\" sizes=\"auto, (max-width: 1024px) 100vw, 1024px\" \/><\/figure>\n\n\n\n<p><br>V\u00edctor Garc\u00eda Ch\u00e9ver, detall\u00f3 que en el desarrollo de este operativo, se hizo inspecciones aleatorias a veh\u00edculos y motocicletas, con el objetivo de hacer cumplir el Reglamento de Tr\u00e1nsito y Vialidad, vigente en esta localidad.<\/p>\n\n\n\n<figure class=\"wp-block-image size-large\"><img loading=\"lazy\" decoding=\"async\" width=\"1024\" height=\"768\" src=\"https:\/\/estado29.mx\/wp-content\/uploads\/2024\/12\/IMG-20241221-WA0006-1024x768.jpg\" alt=\"\" class=\"wp-image-92298\" srcset=\"https:\/\/estado29.mx\/wp-content\/uploads\/2024\/12\/IMG-20241221-WA0006-1024x768.jpg 1024w, https:\/\/estado29.mx\/wp-content\/uploads\/2024\/12\/IMG-20241221-WA0006-300x225.jpg 300w, https:\/\/estado29.mx\/wp-content\/uploads\/2024\/12\/IMG-20241221-WA0006-768x576.jpg 768w, https:\/\/estado29.mx\/wp-content\/uploads\/2024\/12\/IMG-20241221-WA0006-750x563.jpg 750w, https:\/\/estado29.mx\/wp-content\/uploads\/2024\/12\/IMG-20241221-WA0006.jpg 1040w\" sizes=\"auto, (max-width: 1024px) 100vw, 1024px\" \/><\/figure>\n\n\n\n<p><br>Agreg\u00f3 que el resultado de este operativo fue saldo blanco, as\u00ed como que estas acciones se seguir\u00e1n llevando a cabo, con el objetivo de mantener la incidencia delictiva en el lugar, sin delitos y mantener a Tequexquitla como un municipio seguro.<\/p>\n\n\n<figure class=\"wp-block-post-featured-image\"><img loading=\"lazy\" decoding=\"async\" width=\"1280\" height=\"960\" src=\"https:\/\/estado29.mx\/wp-content\/uploads\/2024\/12\/IMG-20241221-WA0007.jpg\" class=\"attachment-post-thumbnail size-post-thumbnail wp-post-image\" alt=\"\" style=\"object-fit:cover;\" srcset=\"https:\/\/estado29.mx\/wp-content\/uploads\/2024\/12\/IMG-20241221-WA0007.jpg 1280w, https:\/\/estado29.mx\/wp-content\/uploads\/2024\/12\/IMG-20241221-WA0007-300x225.jpg 300w, https:\/\/estado29.mx\/wp-content\/uploads\/2024\/12\/IMG-20241221-WA0007-1024x768.jpg 1024w, https:\/\/estado29.mx\/wp-content\/uploads\/2024\/12\/IMG-20241221-WA0007-768x576.jpg 768w, https:\/\/estado29.mx\/wp-content\/uploads\/2024\/12\/IMG-20241221-WA0007-750x563.jpg 750w, https:\/\/estado29.mx\/wp-content\/uploads\/2024\/12\/IMG-20241221-WA0007-1140x855.jpg 1140w\" sizes=\"auto, (max-width: 1280px) 100vw, 1280px\" \/><\/figure>","protected":false},"excerpt":{"rendered":"<p>Este viernes 20 de diciembre del a\u00f1o en curso, se llev\u00f3 a cabo un Operativo Interinstitucional, en el Municipio de El Carmen Tequexquitla, el cual se efectu\u00f3 en esta ocasi\u00f3n, en El Barrio de Guadalupe. El Comisario de Seguridad P\u00fablica, Vialidad y Transporte Municipal, V\u00edctor Garc\u00eda Ch\u00e9ver, destac\u00f3 que en este operativo, participaron elementos de [&hellip;]<\/p>\n","protected":false},"author":7,"featured_media":92295,"comment_status":"open","ping_status":"open","sticky":false,"template":"","format":"standard","meta":{"om_disable_all_campaigns":false,"_monsterinsights_skip_tracking":false,"_monsterinsights_sitenote_active":false,"_monsterinsights_sitenote_note":"","_monsterinsights_sitenote_category":0,"jnews-multi-image_gallery":[],"jnews_single_post":{"subtitle":"","format":"standard","video":"","gallery":"","source_name":"","source_url":"","via_name":"","via_url":"","override_template":"0","override":[{"template":"1","single_blog_custom":"","parallax":"1","fullscreen":"1","layout":"right-sidebar","sidebar":"default-sidebar","second_sidebar":"default-sidebar","sticky_sidebar":"1","share_position":"top","share_float_style":"share-monocrhome","show_share_counter":"1","show_view_counter":"1","show_featured":"1","show_post_meta":"1","show_post_author":"1","show_post_author_image":"1","show_post_date":"1","post_date_format":"default","post_date_format_custom":"Y\/m\/d","show_post_category":"1","show_post_reading_time":"0","post_reading_time_wpm":"300","show_zoom_button":"0","zoom_button_out_step":"2","zoom_button_in_step":"3","show_post_tag":"1","show_prev_next_post":"1","show_popup_post":"1","number_popup_post":"1","show_author_box":"1","show_post_related":"0","show_inline_post_related":"0"}],"override_image_size":"0","image_override":[{"single_post_thumbnail_size":"crop-500","single_post_gallery_size":"crop-500"}],"trending_post":"0","trending_post_position":"meta","trending_post_label":"Trending","sponsored_post":"0","sponsored_post_label":"Sponsored by","sponsored_post_name":"","sponsored_post_url":"","sponsored_post_logo_enable":"0","sponsored_post_logo":"","sponsored_post_desc":"","disable_ad":"0"},"jnews_primary_category":{"id":""},"footnotes":""},"categories":[1],"tags":[],"class_list":["post-92294","post","type-post","status-publish","format-standard","has-post-thumbnail","hentry","category-uncategorized"],"aioseo_notices":[],"_links":{"self":[{"href":"https:\/\/estado29.mx\/index.php?rest_route=\/wp\/v2\/posts\/92294","targetHints":{"allow":["GET"]}}],"collection":[{"href":"https:\/\/estado29.mx\/index.php?rest_route=\/wp\/v2\/posts"}],"about":[{"href":"https:\/\/estado29.mx\/index.php?rest_route=\/wp\/v2\/types\/post"}],"author":[{"embeddable":true,"href":"https:\/\/estado29.mx\/index.php?rest_route=\/wp\/v2\/users\/7"}],"replies":[{"embeddable":true,"href":"https:\/\/estado29.mx\/index.php?rest_route=%2Fwp%2Fv2%2Fcomments&post=92294"}],"version-history":[{"count":1,"href":"https:\/\/estado29.mx\/index.php?rest_route=\/wp\/v2\/posts\/92294\/revisions"}],"predecessor-version":[{"id":92299,"href":"https:\/\/estado29.mx\/index.php?rest_route=\/wp\/v2\/posts\/92294\/revisions\/92299"}],"wp:featuredmedia":[{"embeddable":true,"href":"https:\/\/estado29.mx\/index.php?rest_route=\/wp\/v2\/media\/92295"}],"wp:attachment":[{"href":"https:\/\/estado29.mx\/index.php?rest_route=%2Fwp%2Fv2%2Fmedia&parent=92294"}],"wp:term":[{"taxonomy":"category","embeddable":true,"href":"https:\/\/estado29.mx\/index.php?rest_route=%2Fwp%2Fv2%2Fcategories&post=92294"},{"taxonomy":"post_tag","embeddable":true,"href":"https:\/\/estado29.mx\/index.php?rest_route=%2Fwp%2Fv2%2Ftags&post=92294"}],"curies":[{"name":"wp","href":"https:\/\/api.w.org\/{rel}","templated":true}]}}