{"id":92316,"date":"2024-12-23T20:05:42","date_gmt":"2024-12-23T20:05:42","guid":{"rendered":"https:\/\/estado29.mx\/?p=92316"},"modified":"2024-12-23T20:05:42","modified_gmt":"2024-12-23T20:05:42","slug":"realizan-en-tequexquitla-operativo-para-verificacion-de-motocicletas-e-inspeccion-vehicular","status":"publish","type":"post","link":"https:\/\/estado29.mx\/?p=92316","title":{"rendered":"Realizan en Tequexquitla Operativo para Verificaci\u00f3n de Motocicletas e Inspecci\u00f3n Vehicular."},"content":{"rendered":"\n<p><br>Este lunes 23 de diciembre del a\u00f1o en curso, elementos de la Direcci\u00f3n de Seguridad P\u00fablica, Vialidad y Transporte en el Municipio de El Carmen Tequexquitla, realizaron un Operativo para Verificaci\u00f3n de Motocicletas as\u00ed como inspecci\u00f3n vehicular, en la zona centro de este lugar.<\/p>\n\n\n\n<figure class=\"wp-block-image size-large\"><img loading=\"lazy\" decoding=\"async\" width=\"768\" height=\"1024\" src=\"https:\/\/estado29.mx\/wp-content\/uploads\/2024\/12\/IMG-20241223-WA0022-768x1024.jpg\" alt=\"\" class=\"wp-image-92318\" srcset=\"https:\/\/estado29.mx\/wp-content\/uploads\/2024\/12\/IMG-20241223-WA0022-768x1024.jpg 768w, https:\/\/estado29.mx\/wp-content\/uploads\/2024\/12\/IMG-20241223-WA0022-225x300.jpg 225w, https:\/\/estado29.mx\/wp-content\/uploads\/2024\/12\/IMG-20241223-WA0022-1152x1536.jpg 1152w, https:\/\/estado29.mx\/wp-content\/uploads\/2024\/12\/IMG-20241223-WA0022-750x1000.jpg 750w, https:\/\/estado29.mx\/wp-content\/uploads\/2024\/12\/IMG-20241223-WA0022-1140x1520.jpg 1140w, https:\/\/estado29.mx\/wp-content\/uploads\/2024\/12\/IMG-20241223-WA0022.jpg 1200w\" sizes=\"auto, (max-width: 768px) 100vw, 768px\" \/><\/figure>\n\n\n\n<p><br>El Comisario de Seguridad P\u00fablica, Vialidad y Trasporte, V\u00edctor Garc\u00eda Ch\u00e9ver, refiri\u00f3 que esta inspecci\u00f3n se hizo de forma conjunta con Guardia Nacional, en Calle Nicol\u00e1s Bravo, esquina con Benito Ju\u00e1rez, con el objetivo de prevenir delitos y el combate a robo de veh\u00edculos.<\/p>\n\n\n\n<figure class=\"wp-block-image size-large\"><img loading=\"lazy\" decoding=\"async\" width=\"1024\" height=\"768\" src=\"https:\/\/estado29.mx\/wp-content\/uploads\/2024\/12\/IMG-20241223-WA0030-1024x768.jpg\" alt=\"\" class=\"wp-image-92319\" srcset=\"https:\/\/estado29.mx\/wp-content\/uploads\/2024\/12\/IMG-20241223-WA0030-1024x768.jpg 1024w, https:\/\/estado29.mx\/wp-content\/uploads\/2024\/12\/IMG-20241223-WA0030-300x225.jpg 300w, https:\/\/estado29.mx\/wp-content\/uploads\/2024\/12\/IMG-20241223-WA0030-768x576.jpg 768w, https:\/\/estado29.mx\/wp-content\/uploads\/2024\/12\/IMG-20241223-WA0030-1536x1152.jpg 1536w, https:\/\/estado29.mx\/wp-content\/uploads\/2024\/12\/IMG-20241223-WA0030-750x563.jpg 750w, https:\/\/estado29.mx\/wp-content\/uploads\/2024\/12\/IMG-20241223-WA0030-1140x855.jpg 1140w, https:\/\/estado29.mx\/wp-content\/uploads\/2024\/12\/IMG-20241223-WA0030.jpg 1600w\" sizes=\"auto, (max-width: 1024px) 100vw, 1024px\" \/><\/figure>\n\n\n\n<p><br>En este sentido, V\u00edctor Garc\u00eda Ch\u00e9ver coment\u00f3 que el saldo de este operativo fue, la inspecci\u00f3n de 30 motocicletas, se realizaron dos infracciones y 15 conductores puestos a disposici\u00f3n del juez municipal.<\/p>\n\n\n\n<figure class=\"wp-block-image size-large\"><img loading=\"lazy\" decoding=\"async\" width=\"1024\" height=\"768\" src=\"https:\/\/estado29.mx\/wp-content\/uploads\/2024\/12\/IMG-20241223-WA0032-1024x768.jpg\" alt=\"\" class=\"wp-image-92321\" srcset=\"https:\/\/estado29.mx\/wp-content\/uploads\/2024\/12\/IMG-20241223-WA0032-1024x768.jpg 1024w, https:\/\/estado29.mx\/wp-content\/uploads\/2024\/12\/IMG-20241223-WA0032-300x225.jpg 300w, https:\/\/estado29.mx\/wp-content\/uploads\/2024\/12\/IMG-20241223-WA0032-768x576.jpg 768w, https:\/\/estado29.mx\/wp-content\/uploads\/2024\/12\/IMG-20241223-WA0032-1536x1152.jpg 1536w, https:\/\/estado29.mx\/wp-content\/uploads\/2024\/12\/IMG-20241223-WA0032-750x563.jpg 750w, https:\/\/estado29.mx\/wp-content\/uploads\/2024\/12\/IMG-20241223-WA0032-1140x855.jpg 1140w, https:\/\/estado29.mx\/wp-content\/uploads\/2024\/12\/IMG-20241223-WA0032.jpg 1600w\" sizes=\"auto, (max-width: 1024px) 100vw, 1024px\" \/><\/figure>\n\n\n\n<p><br>Para finalizar el Comisario de Seguridad P\u00fablica, Vialidad y Transporte en Tequexquitla, destac\u00f3 que se continuar\u00e1n realizando este tipo de acciones con el fin de mantener el orden en el lugar.<\/p>\n\n\n<figure class=\"wp-block-post-featured-image\"><img loading=\"lazy\" decoding=\"async\" width=\"1600\" height=\"1200\" src=\"https:\/\/estado29.mx\/wp-content\/uploads\/2024\/12\/IMG-20241223-WA0020.jpg\" class=\"attachment-post-thumbnail size-post-thumbnail wp-post-image\" alt=\"\" style=\"object-fit:cover;\" srcset=\"https:\/\/estado29.mx\/wp-content\/uploads\/2024\/12\/IMG-20241223-WA0020.jpg 1600w, https:\/\/estado29.mx\/wp-content\/uploads\/2024\/12\/IMG-20241223-WA0020-300x225.jpg 300w, https:\/\/estado29.mx\/wp-content\/uploads\/2024\/12\/IMG-20241223-WA0020-1024x768.jpg 1024w, https:\/\/estado29.mx\/wp-content\/uploads\/2024\/12\/IMG-20241223-WA0020-768x576.jpg 768w, https:\/\/estado29.mx\/wp-content\/uploads\/2024\/12\/IMG-20241223-WA0020-1536x1152.jpg 1536w, https:\/\/estado29.mx\/wp-content\/uploads\/2024\/12\/IMG-20241223-WA0020-750x563.jpg 750w, https:\/\/estado29.mx\/wp-content\/uploads\/2024\/12\/IMG-20241223-WA0020-1140x855.jpg 1140w\" sizes=\"auto, (max-width: 1600px) 100vw, 1600px\" \/><\/figure>","protected":false},"excerpt":{"rendered":"<p>Este lunes 23 de diciembre del a\u00f1o en curso, elementos de la Direcci\u00f3n de Seguridad P\u00fablica, Vialidad y Transporte en el Municipio de El Carmen Tequexquitla, realizaron un Operativo para Verificaci\u00f3n de Motocicletas as\u00ed como inspecci\u00f3n vehicular, en la zona centro de este lugar. El Comisario de Seguridad P\u00fablica, Vialidad y Trasporte, V\u00edctor Garc\u00eda Ch\u00e9ver, [&hellip;]<\/p>\n","protected":false},"author":7,"featured_media":92317,"comment_status":"open","ping_status":"open","sticky":false,"template":"","format":"standard","meta":{"om_disable_all_campaigns":false,"_monsterinsights_skip_tracking":false,"_monsterinsights_sitenote_active":false,"_monsterinsights_sitenote_note":"","_monsterinsights_sitenote_category":0,"jnews-multi-image_gallery":[],"jnews_single_post":{"subtitle":"","format":"standard","video":"","gallery":"","source_name":"","source_url":"","via_name":"","via_url":"","override_template":"0","override":[{"template":"1","single_blog_custom":"","parallax":"1","fullscreen":"1","layout":"right-sidebar","sidebar":"default-sidebar","second_sidebar":"default-sidebar","sticky_sidebar":"1","share_position":"top","share_float_style":"share-monocrhome","show_share_counter":"1","show_view_counter":"1","show_featured":"1","show_post_meta":"1","show_post_author":"1","show_post_author_image":"1","show_post_date":"1","post_date_format":"default","post_date_format_custom":"Y\/m\/d","show_post_category":"1","show_post_reading_time":"0","post_reading_time_wpm":"300","show_zoom_button":"0","zoom_button_out_step":"2","zoom_button_in_step":"3","show_post_tag":"1","show_prev_next_post":"1","show_popup_post":"1","number_popup_post":"1","show_author_box":"1","show_post_related":"0","show_inline_post_related":"0"}],"override_image_size":"0","image_override":[{"single_post_thumbnail_size":"crop-500","single_post_gallery_size":"crop-500"}],"trending_post":"0","trending_post_position":"meta","trending_post_label":"Trending","sponsored_post":"0","sponsored_post_label":"Sponsored by","sponsored_post_name":"","sponsored_post_url":"","sponsored_post_logo_enable":"0","sponsored_post_logo":"","sponsored_post_desc":"","disable_ad":"0"},"jnews_primary_category":{"id":""},"footnotes":""},"categories":[1],"tags":[],"class_list":["post-92316","post","type-post","status-publish","format-standard","has-post-thumbnail","hentry","category-uncategorized"],"aioseo_notices":[],"_links":{"self":[{"href":"https:\/\/estado29.mx\/index.php?rest_route=\/wp\/v2\/posts\/92316","targetHints":{"allow":["GET"]}}],"collection":[{"href":"https:\/\/estado29.mx\/index.php?rest_route=\/wp\/v2\/posts"}],"about":[{"href":"https:\/\/estado29.mx\/index.php?rest_route=\/wp\/v2\/types\/post"}],"author":[{"embeddable":true,"href":"https:\/\/estado29.mx\/index.php?rest_route=\/wp\/v2\/users\/7"}],"replies":[{"embeddable":true,"href":"https:\/\/estado29.mx\/index.php?rest_route=%2Fwp%2Fv2%2Fcomments&post=92316"}],"version-history":[{"count":2,"href":"https:\/\/estado29.mx\/index.php?rest_route=\/wp\/v2\/posts\/92316\/revisions"}],"predecessor-version":[{"id":92322,"href":"https:\/\/estado29.mx\/index.php?rest_route=\/wp\/v2\/posts\/92316\/revisions\/92322"}],"wp:featuredmedia":[{"embeddable":true,"href":"https:\/\/estado29.mx\/index.php?rest_route=\/wp\/v2\/media\/92317"}],"wp:attachment":[{"href":"https:\/\/estado29.mx\/index.php?rest_route=%2Fwp%2Fv2%2Fmedia&parent=92316"}],"wp:term":[{"taxonomy":"category","embeddable":true,"href":"https:\/\/estado29.mx\/index.php?rest_route=%2Fwp%2Fv2%2Fcategories&post=92316"},{"taxonomy":"post_tag","embeddable":true,"href":"https:\/\/estado29.mx\/index.php?rest_route=%2Fwp%2Fv2%2Ftags&post=92316"}],"curies":[{"name":"wp","href":"https:\/\/api.w.org\/{rel}","templated":true}]}}