{"id":92328,"date":"2024-12-23T23:39:57","date_gmt":"2024-12-23T23:39:57","guid":{"rendered":"https:\/\/estado29.mx\/?p=92328"},"modified":"2024-12-23T23:39:59","modified_gmt":"2024-12-23T23:39:59","slug":"anuncia-gobierno-de-mexico-que-2025-sera-el-ano-de-la-mujer-indigena","status":"publish","type":"post","link":"https:\/\/estado29.mx\/?p=92328","title":{"rendered":"ANUNCIA GOBIERNO DE M\u00c9XICO QUE 2025 SER\u00c1 EL A\u00d1O DE LA MUJER IND\u00cdGENA"},"content":{"rendered":"<figure class=\"wp-block-post-featured-image\"><img loading=\"lazy\" decoding=\"async\" width=\"1600\" height=\"1066\" src=\"https:\/\/estado29.mx\/wp-content\/uploads\/2024\/12\/WhatsApp-Image-2024-12-23-at-5.36.43-PM-1.jpeg\" class=\"attachment-post-thumbnail size-post-thumbnail wp-post-image\" alt=\"\" style=\"object-fit:cover;\" srcset=\"https:\/\/estado29.mx\/wp-content\/uploads\/2024\/12\/WhatsApp-Image-2024-12-23-at-5.36.43-PM-1.jpeg 1600w, https:\/\/estado29.mx\/wp-content\/uploads\/2024\/12\/WhatsApp-Image-2024-12-23-at-5.36.43-PM-1-300x200.jpeg 300w, https:\/\/estado29.mx\/wp-content\/uploads\/2024\/12\/WhatsApp-Image-2024-12-23-at-5.36.43-PM-1-1024x682.jpeg 1024w, https:\/\/estado29.mx\/wp-content\/uploads\/2024\/12\/WhatsApp-Image-2024-12-23-at-5.36.43-PM-1-768x512.jpeg 768w, https:\/\/estado29.mx\/wp-content\/uploads\/2024\/12\/WhatsApp-Image-2024-12-23-at-5.36.43-PM-1-1536x1023.jpeg 1536w, https:\/\/estado29.mx\/wp-content\/uploads\/2024\/12\/WhatsApp-Image-2024-12-23-at-5.36.43-PM-1-750x500.jpeg 750w, https:\/\/estado29.mx\/wp-content\/uploads\/2024\/12\/WhatsApp-Image-2024-12-23-at-5.36.43-PM-1-1140x760.jpeg 1140w\" sizes=\"auto, (max-width: 1600px) 100vw, 1600px\" \/><\/figure>\n\n\n<ul class=\"wp-block-list\">\n<li>El emblema estar\u00e1 conformado por cuatro mujeres representando a las culturas mexica; maya; mixteca; y tolteca<\/li>\n\n\n\n<li>\u201cLa idea es resaltar el papel que tiene la mujer en la humanidad\u201d, destac\u00f3 Diego Prieto, director del INAH<\/li>\n<\/ul>\n\n\n\n<p>Ciudad de M\u00e9xico a 23 de diciembre de 2024.- El Gobierno de la primera Presidenta de M\u00e9xico, Claudia Sheinbaum Pardo, determin\u00f3 que el 2025 ser\u00e1 el A\u00f1o de la Mujer Ind\u00edgena, inform\u00f3 el director general del Instituto Nacional de Antropolog\u00eda e Historia (INAH), Diego Prieto Hern\u00e1ndez, durante la conferencia matutina: \u201cLas ma\u00f1aneras del pueblo\u201d.<\/p>\n\n\n\n<p>\u201cLa idea es resaltar el papel que tiene la mujer en la humanidad, toda, pero en particular en la lucha por la emancipaci\u00f3n y por los derechos de los pueblos ind\u00edgenas\u201d, asegur\u00f3.<\/p>\n\n\n\n<p>Explic\u00f3 que el emblema del pr\u00f3ximo a\u00f1o estar\u00e1 conformado por cuatro mujeres:<\/p>\n\n\n\n<ul class=\"wp-block-list\">\n<li>En representaci\u00f3n de la cultura mexica: Tecuichpo &#8211; Ixcaxochitzin (Flor Blanca- Flor del Se\u00f1or Moctezuma), quien naci\u00f3 entre 1509 y 1510, y quien porta una xiuhuitzolli (diadema) y un pectoral caracter\u00edstico de la cultura mexica.<\/li>\n\n\n\n<li>En representaci\u00f3n de la mujer maya: Tz&#8217;ak-b&#8217;u Aha, conocida como \u201cla Reina Roja\u201d, quien porta el tocado ceremonial que corresponde a su estirpe y una recreaci\u00f3n del quexquemetl enjoyado con el que fue enterrada.<\/li>\n\n\n\n<li>En representaci\u00f3n de la mujer mixteca: Se\u00f1ora 6 Mono (Se\u00f1ora mixteca de Huachino), quien luce un tocado tradicional de la cultura mixteca y un sencillo colgante inspirado en el estilo propio de esa regi\u00f3n de Oaxaca.<\/li>\n\n\n\n<li>En representaci\u00f3n de la mujer tolteca: Xiuhtzatzin (Flor de la tierrita tolteca). En su rostro refleja la serenidad y seguridad, ropaje sencillo y con aretes que le distinguen como conductora de su pueblo.<\/li>\n<\/ul>\n","protected":false},"excerpt":{"rendered":"<p>Ciudad de M\u00e9xico a 23 de diciembre de 2024.- El Gobierno de la primera Presidenta de M\u00e9xico, Claudia Sheinbaum Pardo, determin\u00f3 que el 2025 ser\u00e1 el A\u00f1o de la Mujer Ind\u00edgena, inform\u00f3 el director general del Instituto Nacional de Antropolog\u00eda e Historia (INAH), Diego Prieto Hern\u00e1ndez, durante la conferencia matutina: \u201cLas ma\u00f1aneras del pueblo\u201d. \u201cLa [&hellip;]<\/p>\n","protected":false},"author":4,"featured_media":92329,"comment_status":"open","ping_status":"open","sticky":false,"template":"","format":"standard","meta":{"om_disable_all_campaigns":false,"_monsterinsights_skip_tracking":false,"_monsterinsights_sitenote_active":false,"_monsterinsights_sitenote_note":"","_monsterinsights_sitenote_category":0,"jnews-multi-image_gallery":[],"jnews_single_post":{"subtitle":"","format":"standard","video":"","gallery":"","source_name":"","source_url":"","via_name":"","via_url":"","override_template":"0","override":[{"template":"1","single_blog_custom":"","parallax":"1","fullscreen":"1","layout":"right-sidebar","sidebar":"default-sidebar","second_sidebar":"default-sidebar","sticky_sidebar":"1","share_position":"top","share_float_style":"share-monocrhome","show_share_counter":"1","show_view_counter":"1","show_featured":"1","show_post_meta":"1","show_post_author":"1","show_post_author_image":"1","show_post_date":"1","post_date_format":"default","post_date_format_custom":"Y\/m\/d","show_post_category":"1","show_post_reading_time":"0","post_reading_time_wpm":"300","show_zoom_button":"0","zoom_button_out_step":"2","zoom_button_in_step":"3","show_post_tag":"1","show_prev_next_post":"1","show_popup_post":"1","number_popup_post":"1","show_author_box":"1","show_post_related":"0","show_inline_post_related":"0"}],"override_image_size":"0","image_override":[{"single_post_thumbnail_size":"crop-500","single_post_gallery_size":"crop-500"}],"trending_post":"0","trending_post_position":"meta","trending_post_label":"Trending","sponsored_post":"0","sponsored_post_label":"Sponsored by","sponsored_post_name":"","sponsored_post_url":"","sponsored_post_logo_enable":"0","sponsored_post_logo":"","sponsored_post_desc":"","disable_ad":"0"},"jnews_primary_category":{"id":""},"footnotes":""},"categories":[1],"tags":[],"class_list":["post-92328","post","type-post","status-publish","format-standard","has-post-thumbnail","hentry","category-uncategorized"],"aioseo_notices":[],"_links":{"self":[{"href":"https:\/\/estado29.mx\/index.php?rest_route=\/wp\/v2\/posts\/92328","targetHints":{"allow":["GET"]}}],"collection":[{"href":"https:\/\/estado29.mx\/index.php?rest_route=\/wp\/v2\/posts"}],"about":[{"href":"https:\/\/estado29.mx\/index.php?rest_route=\/wp\/v2\/types\/post"}],"author":[{"embeddable":true,"href":"https:\/\/estado29.mx\/index.php?rest_route=\/wp\/v2\/users\/4"}],"replies":[{"embeddable":true,"href":"https:\/\/estado29.mx\/index.php?rest_route=%2Fwp%2Fv2%2Fcomments&post=92328"}],"version-history":[{"count":1,"href":"https:\/\/estado29.mx\/index.php?rest_route=\/wp\/v2\/posts\/92328\/revisions"}],"predecessor-version":[{"id":92330,"href":"https:\/\/estado29.mx\/index.php?rest_route=\/wp\/v2\/posts\/92328\/revisions\/92330"}],"wp:featuredmedia":[{"embeddable":true,"href":"https:\/\/estado29.mx\/index.php?rest_route=\/wp\/v2\/media\/92329"}],"wp:attachment":[{"href":"https:\/\/estado29.mx\/index.php?rest_route=%2Fwp%2Fv2%2Fmedia&parent=92328"}],"wp:term":[{"taxonomy":"category","embeddable":true,"href":"https:\/\/estado29.mx\/index.php?rest_route=%2Fwp%2Fv2%2Fcategories&post=92328"},{"taxonomy":"post_tag","embeddable":true,"href":"https:\/\/estado29.mx\/index.php?rest_route=%2Fwp%2Fv2%2Ftags&post=92328"}],"curies":[{"name":"wp","href":"https:\/\/api.w.org\/{rel}","templated":true}]}}