{"id":92341,"date":"2024-12-24T19:54:59","date_gmt":"2024-12-24T19:54:59","guid":{"rendered":"https:\/\/estado29.mx\/?p=92341"},"modified":"2024-12-24T19:54:59","modified_gmt":"2024-12-24T19:54:59","slug":"participara-huamantla-en-festival-internacional-de-turismo-a-celebrarse-en-madrid-espana","status":"publish","type":"post","link":"https:\/\/estado29.mx\/?p=92341","title":{"rendered":"Participar\u00e1 Huamantla en Festival Internacional de Turismo a celebrarse en Madrid, Espa\u00f1a."},"content":{"rendered":"\n<p><br>El Coordinador de Turismo en el Municipio de Huamantla Francisco Octaviano Guti\u00e9rrez Lara, refiri\u00f3 que en el pr\u00f3ximo mes de enero, Tlaxcala tendr\u00e1 una participaci\u00f3n dentro del Festival Internacional de Turismo, a celebrarse en Madrid, Espa\u00f1a.<\/p>\n\n\n\n<p><br>El Coordinador de Turismo Municipal, destac\u00f3 que Huamantla acudir\u00e1 a este Festival, llevando lo m\u00e1s sobresaliente de sus costumbres y tradiciones, como es el arte ef\u00edmero, los t\u00edteres, gastronom\u00eda.<\/p>\n\n\n\n<p><br>Asimismo, destac\u00f3 que este evento, ser\u00e1 una gran oportunidad para ofertar productos como la Feria, Aldea M\u00e1gica, el Festival Amados por Siempre, con la finalidad de generar atracci\u00f3n de turismo a Huamantla y, en consecuencia tambi\u00e9n, un mayor impacto en la econom\u00eda de este municipio.<\/p>\n\n\n\n<p><br>Para finalizar, dijo que se est\u00e1 trabajando para generar hermanamientos con algunos pueblos de Espa\u00f1a, con la finalidad de dar mayor reconocimiento a Huamantla y generar as\u00ed, intercambio cultural.<\/p>\n\n\n<figure class=\"wp-block-post-featured-image\"><img loading=\"lazy\" decoding=\"async\" width=\"1920\" height=\"2560\" src=\"https:\/\/estado29.mx\/wp-content\/uploads\/2024\/12\/IMG_20241220_163214-min-scaled.jpg\" class=\"attachment-post-thumbnail size-post-thumbnail wp-post-image\" alt=\"\" style=\"object-fit:cover;\" srcset=\"https:\/\/estado29.mx\/wp-content\/uploads\/2024\/12\/IMG_20241220_163214-min-scaled.jpg 1920w, https:\/\/estado29.mx\/wp-content\/uploads\/2024\/12\/IMG_20241220_163214-min-225x300.jpg 225w, https:\/\/estado29.mx\/wp-content\/uploads\/2024\/12\/IMG_20241220_163214-min-768x1024.jpg 768w, https:\/\/estado29.mx\/wp-content\/uploads\/2024\/12\/IMG_20241220_163214-min-1152x1536.jpg 1152w, https:\/\/estado29.mx\/wp-content\/uploads\/2024\/12\/IMG_20241220_163214-min-1536x2048.jpg 1536w, https:\/\/estado29.mx\/wp-content\/uploads\/2024\/12\/IMG_20241220_163214-min-750x1000.jpg 750w, https:\/\/estado29.mx\/wp-content\/uploads\/2024\/12\/IMG_20241220_163214-min-1140x1520.jpg 1140w\" sizes=\"auto, (max-width: 1920px) 100vw, 1920px\" \/><\/figure>","protected":false},"excerpt":{"rendered":"<p>El Coordinador de Turismo en el Municipio de Huamantla Francisco Octaviano Guti\u00e9rrez Lara, refiri\u00f3 que en el pr\u00f3ximo mes de enero, Tlaxcala tendr\u00e1 una participaci\u00f3n dentro del Festival Internacional de Turismo, a celebrarse en Madrid, Espa\u00f1a. El Coordinador de Turismo Municipal, destac\u00f3 que Huamantla acudir\u00e1 a este Festival, llevando lo m\u00e1s sobresaliente de sus costumbres [&hellip;]<\/p>\n","protected":false},"author":7,"featured_media":92342,"comment_status":"open","ping_status":"open","sticky":false,"template":"","format":"standard","meta":{"om_disable_all_campaigns":false,"_monsterinsights_skip_tracking":false,"_monsterinsights_sitenote_active":false,"_monsterinsights_sitenote_note":"","_monsterinsights_sitenote_category":0,"jnews-multi-image_gallery":[],"jnews_single_post":{"subtitle":"","format":"standard","video":"","gallery":"","source_name":"","source_url":"","via_name":"","via_url":"","override_template":"0","override":[{"template":"1","single_blog_custom":"","parallax":"1","fullscreen":"1","layout":"right-sidebar","sidebar":"default-sidebar","second_sidebar":"default-sidebar","sticky_sidebar":"1","share_position":"top","share_float_style":"share-monocrhome","show_share_counter":"1","show_view_counter":"1","show_featured":"1","show_post_meta":"1","show_post_author":"1","show_post_author_image":"1","show_post_date":"1","post_date_format":"default","post_date_format_custom":"Y\/m\/d","show_post_category":"1","show_post_reading_time":"0","post_reading_time_wpm":"300","show_zoom_button":"0","zoom_button_out_step":"2","zoom_button_in_step":"3","show_post_tag":"1","show_prev_next_post":"1","show_popup_post":"1","number_popup_post":"1","show_author_box":"1","show_post_related":"0","show_inline_post_related":"0"}],"override_image_size":"0","image_override":[{"single_post_thumbnail_size":"crop-500","single_post_gallery_size":"crop-500"}],"trending_post":"0","trending_post_position":"meta","trending_post_label":"Trending","sponsored_post":"0","sponsored_post_label":"Sponsored by","sponsored_post_name":"","sponsored_post_url":"","sponsored_post_logo_enable":"0","sponsored_post_logo":"","sponsored_post_desc":"","disable_ad":"0"},"jnews_primary_category":{"id":""},"footnotes":""},"categories":[1],"tags":[],"class_list":["post-92341","post","type-post","status-publish","format-standard","has-post-thumbnail","hentry","category-uncategorized"],"aioseo_notices":[],"_links":{"self":[{"href":"https:\/\/estado29.mx\/index.php?rest_route=\/wp\/v2\/posts\/92341","targetHints":{"allow":["GET"]}}],"collection":[{"href":"https:\/\/estado29.mx\/index.php?rest_route=\/wp\/v2\/posts"}],"about":[{"href":"https:\/\/estado29.mx\/index.php?rest_route=\/wp\/v2\/types\/post"}],"author":[{"embeddable":true,"href":"https:\/\/estado29.mx\/index.php?rest_route=\/wp\/v2\/users\/7"}],"replies":[{"embeddable":true,"href":"https:\/\/estado29.mx\/index.php?rest_route=%2Fwp%2Fv2%2Fcomments&post=92341"}],"version-history":[{"count":1,"href":"https:\/\/estado29.mx\/index.php?rest_route=\/wp\/v2\/posts\/92341\/revisions"}],"predecessor-version":[{"id":92343,"href":"https:\/\/estado29.mx\/index.php?rest_route=\/wp\/v2\/posts\/92341\/revisions\/92343"}],"wp:featuredmedia":[{"embeddable":true,"href":"https:\/\/estado29.mx\/index.php?rest_route=\/wp\/v2\/media\/92342"}],"wp:attachment":[{"href":"https:\/\/estado29.mx\/index.php?rest_route=%2Fwp%2Fv2%2Fmedia&parent=92341"}],"wp:term":[{"taxonomy":"category","embeddable":true,"href":"https:\/\/estado29.mx\/index.php?rest_route=%2Fwp%2Fv2%2Fcategories&post=92341"},{"taxonomy":"post_tag","embeddable":true,"href":"https:\/\/estado29.mx\/index.php?rest_route=%2Fwp%2Fv2%2Ftags&post=92341"}],"curies":[{"name":"wp","href":"https:\/\/api.w.org\/{rel}","templated":true}]}}