{"id":92353,"date":"2024-12-26T06:08:06","date_gmt":"2024-12-26T06:08:06","guid":{"rendered":"https:\/\/estado29.mx\/?p=92353"},"modified":"2024-12-26T06:08:07","modified_gmt":"2024-12-26T06:08:07","slug":"inquietud-de-presidenta-de-tequexquitla-por-creacion-de-pozo-de-agua-potable-en-barrio-de-guadalupe-fue-por-exceso-de-contaminacion-en-el-liquido-director-de-agua-potable-y-saneamiento","status":"publish","type":"post","link":"https:\/\/estado29.mx\/?p=92353","title":{"rendered":"Inquietud de Presidenta de Tequexquitla por creaci\u00f3n de Pozo de Agua potable en Barrio de Guadalupe fue por exceso de contaminaci\u00f3n en el l\u00edquido: Director de Agua Potable y Saneamiento."},"content":{"rendered":"\n<p><br>El Director de Agua Potable y Saneamiento en El Carmen Tequexquitla, Antonio Quintero Santamar\u00eda, detall\u00f3 sobre los diversos trabajos que se realizaron previo a la perforaci\u00f3n y equipamiento del Pozo ubicado en Barrio de Guadalupe, dijo que derivado de la alta contaminaci\u00f3n que presentaba el agua, la cu\u00e1l consum\u00edan los habitantes, fue que en los \u00faltimos meses se la anterior administraci\u00f3n, se realizaron las acciones antes mencionadas.<\/p>\n\n\n\n<p><br>El Director de Agua Potable en este lugar, puntualiz\u00f3 que derivado que el agua ya no era apta para consumo humano, se opt\u00f3 por la perforaci\u00f3n de un pozo.<\/p>\n\n\n\n<p><br>En este sentido, Antonio Quintero Santamar\u00eda, dijo que pobladores de este Barrio, consum\u00edan el agua altamente contaminada o con alto nivela de cloraci\u00f3n, por lo que una de las prioridades de la alcaldesa Mar\u00eda Aracely Mart\u00ednez, fue la perforaci\u00f3n de este pozo, para evitar enfermedades altamente peligrosas.<\/p>\n\n\n<figure class=\"wp-block-post-featured-image\"><img loading=\"lazy\" decoding=\"async\" width=\"1200\" height=\"1600\" src=\"https:\/\/estado29.mx\/wp-content\/uploads\/2024\/12\/IMG-20241128-WA0016.jpg\" class=\"attachment-post-thumbnail size-post-thumbnail wp-post-image\" alt=\"\" style=\"object-fit:cover;\" srcset=\"https:\/\/estado29.mx\/wp-content\/uploads\/2024\/12\/IMG-20241128-WA0016.jpg 1200w, https:\/\/estado29.mx\/wp-content\/uploads\/2024\/12\/IMG-20241128-WA0016-225x300.jpg 225w, https:\/\/estado29.mx\/wp-content\/uploads\/2024\/12\/IMG-20241128-WA0016-768x1024.jpg 768w, https:\/\/estado29.mx\/wp-content\/uploads\/2024\/12\/IMG-20241128-WA0016-1152x1536.jpg 1152w, https:\/\/estado29.mx\/wp-content\/uploads\/2024\/12\/IMG-20241128-WA0016-750x1000.jpg 750w, https:\/\/estado29.mx\/wp-content\/uploads\/2024\/12\/IMG-20241128-WA0016-1140x1520.jpg 1140w\" sizes=\"auto, (max-width: 1200px) 100vw, 1200px\" \/><\/figure>\n\n\n<p><\/p>\n","protected":false},"excerpt":{"rendered":"<p>El Director de Agua Potable y Saneamiento en El Carmen Tequexquitla, Antonio Quintero Santamar\u00eda, detall\u00f3 sobre los diversos trabajos que se realizaron previo a la perforaci\u00f3n y equipamiento del Pozo ubicado en Barrio de Guadalupe, dijo que derivado de la alta contaminaci\u00f3n que presentaba el agua, la cu\u00e1l consum\u00edan los habitantes, fue que en los [&hellip;]<\/p>\n","protected":false},"author":7,"featured_media":92354,"comment_status":"open","ping_status":"open","sticky":false,"template":"","format":"standard","meta":{"om_disable_all_campaigns":false,"_monsterinsights_skip_tracking":false,"_monsterinsights_sitenote_active":false,"_monsterinsights_sitenote_note":"","_monsterinsights_sitenote_category":0,"jnews-multi-image_gallery":[],"jnews_single_post":{"subtitle":"","format":"standard","video":"","gallery":"","source_name":"","source_url":"","via_name":"","via_url":"","override_template":"0","override":[{"template":"1","single_blog_custom":"","parallax":"1","fullscreen":"1","layout":"right-sidebar","sidebar":"default-sidebar","second_sidebar":"default-sidebar","sticky_sidebar":"1","share_position":"top","share_float_style":"share-monocrhome","show_share_counter":"1","show_view_counter":"1","show_featured":"1","show_post_meta":"1","show_post_author":"1","show_post_author_image":"1","show_post_date":"1","post_date_format":"default","post_date_format_custom":"Y\/m\/d","show_post_category":"1","show_post_reading_time":"0","post_reading_time_wpm":"300","show_zoom_button":"0","zoom_button_out_step":"2","zoom_button_in_step":"3","show_post_tag":"1","show_prev_next_post":"1","show_popup_post":"1","number_popup_post":"1","show_author_box":"1","show_post_related":"0","show_inline_post_related":"0"}],"override_image_size":"0","image_override":[{"single_post_thumbnail_size":"crop-500","single_post_gallery_size":"crop-500"}],"trending_post":"0","trending_post_position":"meta","trending_post_label":"Trending","sponsored_post":"0","sponsored_post_label":"Sponsored by","sponsored_post_name":"","sponsored_post_url":"","sponsored_post_logo_enable":"0","sponsored_post_logo":"","sponsored_post_desc":"","disable_ad":"0"},"jnews_primary_category":{"id":""},"footnotes":""},"categories":[1],"tags":[],"class_list":["post-92353","post","type-post","status-publish","format-standard","has-post-thumbnail","hentry","category-uncategorized"],"aioseo_notices":[],"_links":{"self":[{"href":"https:\/\/estado29.mx\/index.php?rest_route=\/wp\/v2\/posts\/92353","targetHints":{"allow":["GET"]}}],"collection":[{"href":"https:\/\/estado29.mx\/index.php?rest_route=\/wp\/v2\/posts"}],"about":[{"href":"https:\/\/estado29.mx\/index.php?rest_route=\/wp\/v2\/types\/post"}],"author":[{"embeddable":true,"href":"https:\/\/estado29.mx\/index.php?rest_route=\/wp\/v2\/users\/7"}],"replies":[{"embeddable":true,"href":"https:\/\/estado29.mx\/index.php?rest_route=%2Fwp%2Fv2%2Fcomments&post=92353"}],"version-history":[{"count":1,"href":"https:\/\/estado29.mx\/index.php?rest_route=\/wp\/v2\/posts\/92353\/revisions"}],"predecessor-version":[{"id":92355,"href":"https:\/\/estado29.mx\/index.php?rest_route=\/wp\/v2\/posts\/92353\/revisions\/92355"}],"wp:featuredmedia":[{"embeddable":true,"href":"https:\/\/estado29.mx\/index.php?rest_route=\/wp\/v2\/media\/92354"}],"wp:attachment":[{"href":"https:\/\/estado29.mx\/index.php?rest_route=%2Fwp%2Fv2%2Fmedia&parent=92353"}],"wp:term":[{"taxonomy":"category","embeddable":true,"href":"https:\/\/estado29.mx\/index.php?rest_route=%2Fwp%2Fv2%2Fcategories&post=92353"},{"taxonomy":"post_tag","embeddable":true,"href":"https:\/\/estado29.mx\/index.php?rest_route=%2Fwp%2Fv2%2Ftags&post=92353"}],"curies":[{"name":"wp","href":"https:\/\/api.w.org\/{rel}","templated":true}]}}