{"id":92412,"date":"2025-01-02T21:00:49","date_gmt":"2025-01-02T21:00:49","guid":{"rendered":"https:\/\/estado29.mx\/?p=92412"},"modified":"2025-01-02T21:00:49","modified_gmt":"2025-01-02T21:00:49","slug":"elementos-de-corporaciones-de-socorro-de-tlaxcala-y-puebla-combaten-incendio-de-pastizales-en-limites-de-zacatepec-y-tequexquitla","status":"publish","type":"post","link":"https:\/\/estado29.mx\/?p=92412","title":{"rendered":"Elementos de Corporaciones de Socorro de Tlaxcala y Puebla combaten incendio de pastizales en l\u00edmites de Zacatepec y Tequexquitla."},"content":{"rendered":"\n<p><br>La tarde de este mi\u00e9rcoles 1 de enero de 2025, se registr\u00f3 un incendio de pastizales en el municipio de El Carmen Tequexquitla, espec\u00edficamente en la laguna Totolcingo.<\/p>\n\n\n\n<figure class=\"wp-block-image size-large\"><img loading=\"lazy\" decoding=\"async\" width=\"1024\" height=\"768\" src=\"https:\/\/estado29.mx\/wp-content\/uploads\/2025\/01\/IMG-20250102-WA0016-1024x768.jpg\" alt=\"\" class=\"wp-image-92414\" srcset=\"https:\/\/estado29.mx\/wp-content\/uploads\/2025\/01\/IMG-20250102-WA0016-1024x768.jpg 1024w, https:\/\/estado29.mx\/wp-content\/uploads\/2025\/01\/IMG-20250102-WA0016-300x225.jpg 300w, https:\/\/estado29.mx\/wp-content\/uploads\/2025\/01\/IMG-20250102-WA0016-768x576.jpg 768w, https:\/\/estado29.mx\/wp-content\/uploads\/2025\/01\/IMG-20250102-WA0016-1536x1152.jpg 1536w, https:\/\/estado29.mx\/wp-content\/uploads\/2025\/01\/IMG-20250102-WA0016-750x563.jpg 750w, https:\/\/estado29.mx\/wp-content\/uploads\/2025\/01\/IMG-20250102-WA0016-1140x855.jpg 1140w, https:\/\/estado29.mx\/wp-content\/uploads\/2025\/01\/IMG-20250102-WA0016.jpg 1600w\" sizes=\"auto, (max-width: 1024px) 100vw, 1024px\" \/><\/figure>\n\n\n\n<p><br>De acuerdo con la versi\u00f3n del Coordinador de Protecci\u00f3n Civil en El Carmen Tequexquitla, Iv\u00e1n Garc\u00eda Vega, todo inici\u00f3 alrededor de las dos de la tarde de este mi\u00e9rcoles, tras recibir una llamada mediante el n\u00famero de emergencia 911, en donde indican que hab\u00eda un incendio de pastizales a la altura de Totolcingo, el cual se comienza a combatir de norte a sur ya que el viento est\u00e1 muy intenso.<\/p>\n\n\n\n<figure class=\"wp-block-image size-large\"><img loading=\"lazy\" decoding=\"async\" width=\"1024\" height=\"461\" src=\"https:\/\/estado29.mx\/wp-content\/uploads\/2025\/01\/IMG-20250102-WA0015-1024x461.jpg\" alt=\"\" class=\"wp-image-92415\" srcset=\"https:\/\/estado29.mx\/wp-content\/uploads\/2025\/01\/IMG-20250102-WA0015-1024x461.jpg 1024w, https:\/\/estado29.mx\/wp-content\/uploads\/2025\/01\/IMG-20250102-WA0015-300x135.jpg 300w, https:\/\/estado29.mx\/wp-content\/uploads\/2025\/01\/IMG-20250102-WA0015-768x346.jpg 768w, https:\/\/estado29.mx\/wp-content\/uploads\/2025\/01\/IMG-20250102-WA0015-750x338.jpg 750w, https:\/\/estado29.mx\/wp-content\/uploads\/2025\/01\/IMG-20250102-WA0015-1140x513.jpg 1140w, https:\/\/estado29.mx\/wp-content\/uploads\/2025\/01\/IMG-20250102-WA0015.jpg 1280w\" sizes=\"auto, (max-width: 1024px) 100vw, 1024px\" \/><\/figure>\n\n\n\n<p><br>Posteriormente acudieron elementos de la Secretar\u00eda de la Defensa Nacional (SEDENA) , para brindar apoyo, debido a la magnitud del incendio, pero las r\u00e1fagas de viento eran tan intensas que se sali\u00f3 de control.<\/p>\n\n\n\n<figure class=\"wp-block-image size-large\"><img loading=\"lazy\" decoding=\"async\" width=\"1024\" height=\"576\" src=\"https:\/\/estado29.mx\/wp-content\/uploads\/2025\/01\/IMG-20250102-WA0027-1024x576.jpg\" alt=\"\" class=\"wp-image-92416\" srcset=\"https:\/\/estado29.mx\/wp-content\/uploads\/2025\/01\/IMG-20250102-WA0027-1024x576.jpg 1024w, https:\/\/estado29.mx\/wp-content\/uploads\/2025\/01\/IMG-20250102-WA0027-300x169.jpg 300w, https:\/\/estado29.mx\/wp-content\/uploads\/2025\/01\/IMG-20250102-WA0027-768x432.jpg 768w, https:\/\/estado29.mx\/wp-content\/uploads\/2025\/01\/IMG-20250102-WA0027-1536x864.jpg 1536w, https:\/\/estado29.mx\/wp-content\/uploads\/2025\/01\/IMG-20250102-WA0027-750x422.jpg 750w, https:\/\/estado29.mx\/wp-content\/uploads\/2025\/01\/IMG-20250102-WA0027-1140x641.jpg 1140w, https:\/\/estado29.mx\/wp-content\/uploads\/2025\/01\/IMG-20250102-WA0027.jpg 1599w\" sizes=\"auto, (max-width: 1024px) 100vw, 1024px\" \/><\/figure>\n\n\n\n<p><br>Iv\u00e1n Garc\u00eda Vega, destac\u00f3 que tambi\u00e9n se sumaron, Bomberos del municipio de San Jos\u00e9 Chiapa, del vecino estado Puebla, Bomberos del estado de Tlaxcala, Huamantla, Polic\u00eda Municipal, Guardia Nacional y pobladores, para combatir este incendio.<\/p>\n\n\n\n<figure class=\"wp-block-image size-large\"><img loading=\"lazy\" decoding=\"async\" width=\"576\" height=\"1024\" src=\"https:\/\/estado29.mx\/wp-content\/uploads\/2025\/01\/IMG-20250102-WA0032-576x1024.jpg\" alt=\"\" class=\"wp-image-92417\" srcset=\"https:\/\/estado29.mx\/wp-content\/uploads\/2025\/01\/IMG-20250102-WA0032-576x1024.jpg 576w, https:\/\/estado29.mx\/wp-content\/uploads\/2025\/01\/IMG-20250102-WA0032-169x300.jpg 169w, https:\/\/estado29.mx\/wp-content\/uploads\/2025\/01\/IMG-20250102-WA0032.jpg 720w\" sizes=\"auto, (max-width: 576px) 100vw, 576px\" \/><\/figure>\n\n\n\n<p><br>El Coordinador de Protecci\u00f3n Civil Municipal, dijo que tras varias horas de arduo trabajo, debido a la magnitud del evento, se termin\u00f3 de combatir al rededor de las 19:30 horas, pues el fuego alcanz\u00f3 un establecimiento de venta de llantas usadas, en donde se consumieron alrededor de unos 300 neum\u00e1ticos y 2 cajas de tracto camiones que estaban almacenadas.<\/p>\n\n\n\n<figure class=\"wp-block-image size-large\"><img loading=\"lazy\" decoding=\"async\" width=\"1024\" height=\"768\" src=\"https:\/\/estado29.mx\/wp-content\/uploads\/2025\/01\/IMG-20250102-WA0028-1024x768.jpg\" alt=\"\" class=\"wp-image-92418\" srcset=\"https:\/\/estado29.mx\/wp-content\/uploads\/2025\/01\/IMG-20250102-WA0028-1024x768.jpg 1024w, https:\/\/estado29.mx\/wp-content\/uploads\/2025\/01\/IMG-20250102-WA0028-300x225.jpg 300w, https:\/\/estado29.mx\/wp-content\/uploads\/2025\/01\/IMG-20250102-WA0028-768x576.jpg 768w, https:\/\/estado29.mx\/wp-content\/uploads\/2025\/01\/IMG-20250102-WA0028-1536x1152.jpg 1536w, https:\/\/estado29.mx\/wp-content\/uploads\/2025\/01\/IMG-20250102-WA0028-750x563.jpg 750w, https:\/\/estado29.mx\/wp-content\/uploads\/2025\/01\/IMG-20250102-WA0028-1140x855.jpg 1140w, https:\/\/estado29.mx\/wp-content\/uploads\/2025\/01\/IMG-20250102-WA0028.jpg 1600w\" sizes=\"auto, (max-width: 1024px) 100vw, 1024px\" \/><\/figure>\n\n\n\n<p>Tras lo acontecido, el Coordinador de Protecci\u00f3n Civil de Tequexquitla, invit\u00f3 a la ciudadan\u00eda a:<br>Mantener \u00e1reas libres de desechos y materiales inflamables.<br>Evitar realizar quemas de basura o pastizales sin autorizaci\u00f3n.<br>Reportar cualquier incendio o situaci\u00f3n de emergencia de inmediato.<\/p>\n\n\n\n<figure class=\"wp-block-image size-large\"><img loading=\"lazy\" decoding=\"async\" width=\"1024\" height=\"768\" src=\"https:\/\/estado29.mx\/wp-content\/uploads\/2025\/01\/IMG-20250102-WA0019-1024x768.jpg\" alt=\"\" class=\"wp-image-92420\" srcset=\"https:\/\/estado29.mx\/wp-content\/uploads\/2025\/01\/IMG-20250102-WA0019-1024x768.jpg 1024w, https:\/\/estado29.mx\/wp-content\/uploads\/2025\/01\/IMG-20250102-WA0019-300x225.jpg 300w, https:\/\/estado29.mx\/wp-content\/uploads\/2025\/01\/IMG-20250102-WA0019-768x576.jpg 768w, https:\/\/estado29.mx\/wp-content\/uploads\/2025\/01\/IMG-20250102-WA0019-1536x1152.jpg 1536w, https:\/\/estado29.mx\/wp-content\/uploads\/2025\/01\/IMG-20250102-WA0019-750x563.jpg 750w, https:\/\/estado29.mx\/wp-content\/uploads\/2025\/01\/IMG-20250102-WA0019-1140x855.jpg 1140w, https:\/\/estado29.mx\/wp-content\/uploads\/2025\/01\/IMG-20250102-WA0019.jpg 1600w\" sizes=\"auto, (max-width: 1024px) 100vw, 1024px\" \/><\/figure>\n\n\n<figure class=\"wp-block-post-featured-image\"><img loading=\"lazy\" decoding=\"async\" width=\"1600\" height=\"1200\" src=\"https:\/\/estado29.mx\/wp-content\/uploads\/2025\/01\/IMG-20250102-WA0035.jpg\" class=\"attachment-post-thumbnail size-post-thumbnail wp-post-image\" alt=\"\" style=\"object-fit:cover;\" srcset=\"https:\/\/estado29.mx\/wp-content\/uploads\/2025\/01\/IMG-20250102-WA0035.jpg 1600w, https:\/\/estado29.mx\/wp-content\/uploads\/2025\/01\/IMG-20250102-WA0035-300x225.jpg 300w, https:\/\/estado29.mx\/wp-content\/uploads\/2025\/01\/IMG-20250102-WA0035-1024x768.jpg 1024w, https:\/\/estado29.mx\/wp-content\/uploads\/2025\/01\/IMG-20250102-WA0035-768x576.jpg 768w, https:\/\/estado29.mx\/wp-content\/uploads\/2025\/01\/IMG-20250102-WA0035-1536x1152.jpg 1536w, https:\/\/estado29.mx\/wp-content\/uploads\/2025\/01\/IMG-20250102-WA0035-750x563.jpg 750w, https:\/\/estado29.mx\/wp-content\/uploads\/2025\/01\/IMG-20250102-WA0035-1140x855.jpg 1140w\" sizes=\"auto, (max-width: 1600px) 100vw, 1600px\" \/><\/figure>","protected":false},"excerpt":{"rendered":"<p>La tarde de este mi\u00e9rcoles 1 de enero de 2025, se registr\u00f3 un incendio de pastizales en el municipio de El Carmen Tequexquitla, espec\u00edficamente en la laguna Totolcingo. De acuerdo con la versi\u00f3n del Coordinador de Protecci\u00f3n Civil en El Carmen Tequexquitla, Iv\u00e1n Garc\u00eda Vega, todo inici\u00f3 alrededor de las dos de la tarde de [&hellip;]<\/p>\n","protected":false},"author":7,"featured_media":92413,"comment_status":"open","ping_status":"open","sticky":false,"template":"","format":"standard","meta":{"om_disable_all_campaigns":false,"_monsterinsights_skip_tracking":false,"_monsterinsights_sitenote_active":false,"_monsterinsights_sitenote_note":"","_monsterinsights_sitenote_category":0,"jnews-multi-image_gallery":[],"jnews_single_post":{"format":"standard"},"jnews_primary_category":[],"footnotes":""},"categories":[1],"tags":[],"class_list":["post-92412","post","type-post","status-publish","format-standard","has-post-thumbnail","hentry","category-uncategorized"],"aioseo_notices":[],"_links":{"self":[{"href":"https:\/\/estado29.mx\/index.php?rest_route=\/wp\/v2\/posts\/92412","targetHints":{"allow":["GET"]}}],"collection":[{"href":"https:\/\/estado29.mx\/index.php?rest_route=\/wp\/v2\/posts"}],"about":[{"href":"https:\/\/estado29.mx\/index.php?rest_route=\/wp\/v2\/types\/post"}],"author":[{"embeddable":true,"href":"https:\/\/estado29.mx\/index.php?rest_route=\/wp\/v2\/users\/7"}],"replies":[{"embeddable":true,"href":"https:\/\/estado29.mx\/index.php?rest_route=%2Fwp%2Fv2%2Fcomments&post=92412"}],"version-history":[{"count":1,"href":"https:\/\/estado29.mx\/index.php?rest_route=\/wp\/v2\/posts\/92412\/revisions"}],"predecessor-version":[{"id":92421,"href":"https:\/\/estado29.mx\/index.php?rest_route=\/wp\/v2\/posts\/92412\/revisions\/92421"}],"wp:featuredmedia":[{"embeddable":true,"href":"https:\/\/estado29.mx\/index.php?rest_route=\/wp\/v2\/media\/92413"}],"wp:attachment":[{"href":"https:\/\/estado29.mx\/index.php?rest_route=%2Fwp%2Fv2%2Fmedia&parent=92412"}],"wp:term":[{"taxonomy":"category","embeddable":true,"href":"https:\/\/estado29.mx\/index.php?rest_route=%2Fwp%2Fv2%2Fcategories&post=92412"},{"taxonomy":"post_tag","embeddable":true,"href":"https:\/\/estado29.mx\/index.php?rest_route=%2Fwp%2Fv2%2Ftags&post=92412"}],"curies":[{"name":"wp","href":"https:\/\/api.w.org\/{rel}","templated":true}]}}