{"id":92431,"date":"2025-01-03T02:15:06","date_gmt":"2025-01-03T02:15:06","guid":{"rendered":"https:\/\/estado29.mx\/?p=92431"},"modified":"2025-01-03T02:15:07","modified_gmt":"2025-01-03T02:15:07","slug":"atiende-proteccion-civil-de-el-carmen-tequexquitla-incendio-en-cerro-del-municipio","status":"publish","type":"post","link":"https:\/\/estado29.mx\/?p=92431","title":{"rendered":"Atiende Protecci\u00f3n Civil de El Carmen Tequexquitla incendio en cerro del municipio."},"content":{"rendered":"\n<p><br>Este jueves dos de enero del a\u00f1o en curso, la Coordinaci\u00f3n de Protecci\u00f3n Civil de El Carmen Tequexquitla, atendi\u00f3 nuevamente un incendio, registrado en la comunidad de Ocotl\u00e1n Temalacayucan, perteneciente a este lugar.<\/p>\n\n\n\n<figure class=\"wp-block-image size-large\"><img loading=\"lazy\" decoding=\"async\" width=\"768\" height=\"1024\" src=\"https:\/\/estado29.mx\/wp-content\/uploads\/2025\/01\/IMG-20250102-WA0047-768x1024.jpg\" alt=\"\" class=\"wp-image-92433\" srcset=\"https:\/\/estado29.mx\/wp-content\/uploads\/2025\/01\/IMG-20250102-WA0047-768x1024.jpg 768w, https:\/\/estado29.mx\/wp-content\/uploads\/2025\/01\/IMG-20250102-WA0047-225x300.jpg 225w, https:\/\/estado29.mx\/wp-content\/uploads\/2025\/01\/IMG-20250102-WA0047-1152x1536.jpg 1152w, https:\/\/estado29.mx\/wp-content\/uploads\/2025\/01\/IMG-20250102-WA0047-750x1000.jpg 750w, https:\/\/estado29.mx\/wp-content\/uploads\/2025\/01\/IMG-20250102-WA0047-1140x1520.jpg 1140w, https:\/\/estado29.mx\/wp-content\/uploads\/2025\/01\/IMG-20250102-WA0047.jpg 1200w\" sizes=\"auto, (max-width: 768px) 100vw, 768px\" \/><\/figure>\n\n\n\n<p><br>De acuerdo con la informaci\u00f3n proporcionada por Iv\u00e1n Garc\u00eda Vega, Director de Protecci\u00f3n Civil Municipal, el fuego consumi\u00f3 alrededor de tres hect\u00e1reas de flora.<\/p>\n\n\n\n<p><br>Asimismo, detall\u00f3 que el fuego logr\u00f3 sofocarse con el apoyo de elementos de Protecci\u00f3n Civil del municipio de Cuapiaxtla.<\/p>\n\n\n\n<figure class=\"wp-block-image size-large\"><img loading=\"lazy\" decoding=\"async\" width=\"1024\" height=\"576\" src=\"https:\/\/estado29.mx\/wp-content\/uploads\/2025\/01\/IMG-20250102-WA0049-1024x576.jpg\" alt=\"\" class=\"wp-image-92434\" srcset=\"https:\/\/estado29.mx\/wp-content\/uploads\/2025\/01\/IMG-20250102-WA0049-1024x576.jpg 1024w, https:\/\/estado29.mx\/wp-content\/uploads\/2025\/01\/IMG-20250102-WA0049-300x169.jpg 300w, https:\/\/estado29.mx\/wp-content\/uploads\/2025\/01\/IMG-20250102-WA0049-768x432.jpg 768w, https:\/\/estado29.mx\/wp-content\/uploads\/2025\/01\/IMG-20250102-WA0049-750x422.jpg 750w, https:\/\/estado29.mx\/wp-content\/uploads\/2025\/01\/IMG-20250102-WA0049-1140x641.jpg 1140w, https:\/\/estado29.mx\/wp-content\/uploads\/2025\/01\/IMG-20250102-WA0049.jpg 1280w\" sizes=\"auto, (max-width: 1024px) 100vw, 1024px\" \/><\/figure>\n\n\n\n<p><br>El Director de Protecci\u00f3n Civil en Tequexquitla, hace el llamado a los pobladores que tienen terrenos de cultivo, a evitar quemar sus campos, ya que les restan productividad y adem\u00e1s provocan en ocasiones, que el fuego se les salga de control y se extienda a la zona del cerro o en pastizales.<\/p>\n\n\n\n<figure class=\"wp-block-image size-large\"><img loading=\"lazy\" decoding=\"async\" width=\"1024\" height=\"768\" src=\"https:\/\/estado29.mx\/wp-content\/uploads\/2025\/01\/IMG-20250102-WA0051-1024x768.jpg\" alt=\"\" class=\"wp-image-92435\" srcset=\"https:\/\/estado29.mx\/wp-content\/uploads\/2025\/01\/IMG-20250102-WA0051-1024x768.jpg 1024w, https:\/\/estado29.mx\/wp-content\/uploads\/2025\/01\/IMG-20250102-WA0051-300x225.jpg 300w, https:\/\/estado29.mx\/wp-content\/uploads\/2025\/01\/IMG-20250102-WA0051-768x576.jpg 768w, https:\/\/estado29.mx\/wp-content\/uploads\/2025\/01\/IMG-20250102-WA0051-1536x1152.jpg 1536w, https:\/\/estado29.mx\/wp-content\/uploads\/2025\/01\/IMG-20250102-WA0051-750x563.jpg 750w, https:\/\/estado29.mx\/wp-content\/uploads\/2025\/01\/IMG-20250102-WA0051-1140x855.jpg 1140w, https:\/\/estado29.mx\/wp-content\/uploads\/2025\/01\/IMG-20250102-WA0051.jpg 1600w\" sizes=\"auto, (max-width: 1024px) 100vw, 1024px\" \/><\/figure>\n\n\n\n<p><br>De igual forma, recomend\u00f3 a las personas que salen con sus ganados a evitar este tipo de siniestros pues, de ser sorprendidos, ser\u00e1n sancionados de acuerdo a lo estipulado en la ley.<\/p>\n\n\n<figure class=\"wp-block-post-featured-image\"><img loading=\"lazy\" decoding=\"async\" width=\"1600\" height=\"1200\" src=\"https:\/\/estado29.mx\/wp-content\/uploads\/2025\/01\/IMG-20250102-WA0048.jpg\" class=\"attachment-post-thumbnail size-post-thumbnail wp-post-image\" alt=\"\" style=\"object-fit:cover;\" srcset=\"https:\/\/estado29.mx\/wp-content\/uploads\/2025\/01\/IMG-20250102-WA0048.jpg 1600w, https:\/\/estado29.mx\/wp-content\/uploads\/2025\/01\/IMG-20250102-WA0048-300x225.jpg 300w, https:\/\/estado29.mx\/wp-content\/uploads\/2025\/01\/IMG-20250102-WA0048-1024x768.jpg 1024w, https:\/\/estado29.mx\/wp-content\/uploads\/2025\/01\/IMG-20250102-WA0048-768x576.jpg 768w, https:\/\/estado29.mx\/wp-content\/uploads\/2025\/01\/IMG-20250102-WA0048-1536x1152.jpg 1536w, https:\/\/estado29.mx\/wp-content\/uploads\/2025\/01\/IMG-20250102-WA0048-750x563.jpg 750w, https:\/\/estado29.mx\/wp-content\/uploads\/2025\/01\/IMG-20250102-WA0048-1140x855.jpg 1140w\" sizes=\"auto, (max-width: 1600px) 100vw, 1600px\" \/><\/figure>","protected":false},"excerpt":{"rendered":"<p>Este jueves dos de enero del a\u00f1o en curso, la Coordinaci\u00f3n de Protecci\u00f3n Civil de El Carmen Tequexquitla, atendi\u00f3 nuevamente un incendio, registrado en la comunidad de Ocotl\u00e1n Temalacayucan, perteneciente a este lugar. De acuerdo con la informaci\u00f3n proporcionada por Iv\u00e1n Garc\u00eda Vega, Director de Protecci\u00f3n Civil Municipal, el fuego consumi\u00f3 alrededor de tres hect\u00e1reas [&hellip;]<\/p>\n","protected":false},"author":7,"featured_media":92432,"comment_status":"open","ping_status":"open","sticky":false,"template":"","format":"standard","meta":{"om_disable_all_campaigns":false,"_monsterinsights_skip_tracking":false,"_monsterinsights_sitenote_active":false,"_monsterinsights_sitenote_note":"","_monsterinsights_sitenote_category":0,"jnews-multi-image_gallery":[],"jnews_single_post":[],"jnews_primary_category":[],"footnotes":""},"categories":[1],"tags":[],"class_list":["post-92431","post","type-post","status-publish","format-standard","has-post-thumbnail","hentry","category-uncategorized"],"aioseo_notices":[],"_links":{"self":[{"href":"https:\/\/estado29.mx\/index.php?rest_route=\/wp\/v2\/posts\/92431","targetHints":{"allow":["GET"]}}],"collection":[{"href":"https:\/\/estado29.mx\/index.php?rest_route=\/wp\/v2\/posts"}],"about":[{"href":"https:\/\/estado29.mx\/index.php?rest_route=\/wp\/v2\/types\/post"}],"author":[{"embeddable":true,"href":"https:\/\/estado29.mx\/index.php?rest_route=\/wp\/v2\/users\/7"}],"replies":[{"embeddable":true,"href":"https:\/\/estado29.mx\/index.php?rest_route=%2Fwp%2Fv2%2Fcomments&post=92431"}],"version-history":[{"count":1,"href":"https:\/\/estado29.mx\/index.php?rest_route=\/wp\/v2\/posts\/92431\/revisions"}],"predecessor-version":[{"id":92436,"href":"https:\/\/estado29.mx\/index.php?rest_route=\/wp\/v2\/posts\/92431\/revisions\/92436"}],"wp:featuredmedia":[{"embeddable":true,"href":"https:\/\/estado29.mx\/index.php?rest_route=\/wp\/v2\/media\/92432"}],"wp:attachment":[{"href":"https:\/\/estado29.mx\/index.php?rest_route=%2Fwp%2Fv2%2Fmedia&parent=92431"}],"wp:term":[{"taxonomy":"category","embeddable":true,"href":"https:\/\/estado29.mx\/index.php?rest_route=%2Fwp%2Fv2%2Fcategories&post=92431"},{"taxonomy":"post_tag","embeddable":true,"href":"https:\/\/estado29.mx\/index.php?rest_route=%2Fwp%2Fv2%2Ftags&post=92431"}],"curies":[{"name":"wp","href":"https:\/\/api.w.org\/{rel}","templated":true}]}}