{"id":92438,"date":"2025-01-03T03:29:56","date_gmt":"2025-01-03T03:29:56","guid":{"rendered":"https:\/\/estado29.mx\/?p=92438"},"modified":"2025-01-03T03:29:56","modified_gmt":"2025-01-03T03:29:56","slug":"celebran-pobladores-493-aniversario-de-la-fundacion-de-ixtenco","status":"publish","type":"post","link":"https:\/\/estado29.mx\/?p=92438","title":{"rendered":"Celebran pobladores 493 Aniversario de la Fundaci\u00f3n de Ixtenco."},"content":{"rendered":"\n<p><br>Este jueves dos de enero, dieron inicio las actividades, con motivo de la celebraci\u00f3n del 493 Aniversario de la Fundaci\u00f3n del Municipio de Ixtenco, principalmente, eventos culturales y reconocimiento a quienes dieron vida a este lugar.<\/p>\n\n\n\n<figure class=\"wp-block-image size-large\"><img loading=\"lazy\" decoding=\"async\" width=\"1024\" height=\"682\" src=\"https:\/\/estado29.mx\/wp-content\/uploads\/2025\/01\/IMG-20250102-WA0044-1024x682.jpg\" alt=\"\" class=\"wp-image-92440\" srcset=\"https:\/\/estado29.mx\/wp-content\/uploads\/2025\/01\/IMG-20250102-WA0044-1024x682.jpg 1024w, https:\/\/estado29.mx\/wp-content\/uploads\/2025\/01\/IMG-20250102-WA0044-300x200.jpg 300w, https:\/\/estado29.mx\/wp-content\/uploads\/2025\/01\/IMG-20250102-WA0044-768x512.jpg 768w, https:\/\/estado29.mx\/wp-content\/uploads\/2025\/01\/IMG-20250102-WA0044-1536x1024.jpg 1536w, https:\/\/estado29.mx\/wp-content\/uploads\/2025\/01\/IMG-20250102-WA0044-2048x1365.jpg 2048w, https:\/\/estado29.mx\/wp-content\/uploads\/2025\/01\/IMG-20250102-WA0044-750x500.jpg 750w, https:\/\/estado29.mx\/wp-content\/uploads\/2025\/01\/IMG-20250102-WA0044-1140x760.jpg 1140w\" sizes=\"auto, (max-width: 1024px) 100vw, 1024px\" \/><\/figure>\n\n\n\n<p><br>Las diversas actividades, estuvieron encabezadas por la presidenta municipal, Aline Lazo Caballero, acompa\u00f1ada de los integrantes de su cabildo, en donde inicialmente, se mont\u00f3 una guardia de honor y colocaron una ofrenda floral en la Plaza de los Fundadores, en memoria de don Diego Gabriel, don Juan Ponce de Le\u00f3n, don Francisco de Barba Torres y Paredes, don Francisco Contreras y don Antonio G\u00f3mez Fabi\u00e1n, personajes ilustres, que con la autorizaci\u00f3n del Rey Carlos V, mediante una c\u00e9dula real, en el a\u00f1o 1532, fueron quienes fundaron lo que hoy es conocido como San Juan Ixtenco.<\/p>\n\n\n\n<figure class=\"wp-block-image size-large\"><img loading=\"lazy\" decoding=\"async\" width=\"1024\" height=\"682\" src=\"https:\/\/estado29.mx\/wp-content\/uploads\/2025\/01\/IMG-20250102-WA0039-1024x682.jpg\" alt=\"\" class=\"wp-image-92441\" srcset=\"https:\/\/estado29.mx\/wp-content\/uploads\/2025\/01\/IMG-20250102-WA0039-1024x682.jpg 1024w, https:\/\/estado29.mx\/wp-content\/uploads\/2025\/01\/IMG-20250102-WA0039-300x200.jpg 300w, https:\/\/estado29.mx\/wp-content\/uploads\/2025\/01\/IMG-20250102-WA0039-768x512.jpg 768w, https:\/\/estado29.mx\/wp-content\/uploads\/2025\/01\/IMG-20250102-WA0039-1536x1024.jpg 1536w, https:\/\/estado29.mx\/wp-content\/uploads\/2025\/01\/IMG-20250102-WA0039-2048x1365.jpg 2048w, https:\/\/estado29.mx\/wp-content\/uploads\/2025\/01\/IMG-20250102-WA0039-750x500.jpg 750w, https:\/\/estado29.mx\/wp-content\/uploads\/2025\/01\/IMG-20250102-WA0039-1140x760.jpg 1140w\" sizes=\"auto, (max-width: 1024px) 100vw, 1024px\" \/><\/figure>\n\n\n\n<p><br>Posteriormente, llevaron a cabo la inauguraci\u00f3n del mural &#8220;Mi tradici\u00f3n y mi tierra&#8221;, una obra art\u00edstica creada por j\u00f3venes talentosos de este lugar: Juan Antonio T\u00e9llez, Cristian M\u00e1rquez Cisneros y Erick Ranchero Angoa, en este mural se enmarca la esencia cultural y los valores de la comunidad, destacando su profundo arraigo a la historia y las tradiciones locales.<\/p>\n\n\n\n<figure class=\"wp-block-image size-large\"><img loading=\"lazy\" decoding=\"async\" width=\"1024\" height=\"682\" src=\"https:\/\/estado29.mx\/wp-content\/uploads\/2025\/01\/IMG-20250102-WA0042-1024x682.jpg\" alt=\"\" class=\"wp-image-92442\" srcset=\"https:\/\/estado29.mx\/wp-content\/uploads\/2025\/01\/IMG-20250102-WA0042-1024x682.jpg 1024w, https:\/\/estado29.mx\/wp-content\/uploads\/2025\/01\/IMG-20250102-WA0042-300x200.jpg 300w, https:\/\/estado29.mx\/wp-content\/uploads\/2025\/01\/IMG-20250102-WA0042-768x512.jpg 768w, https:\/\/estado29.mx\/wp-content\/uploads\/2025\/01\/IMG-20250102-WA0042-1536x1024.jpg 1536w, https:\/\/estado29.mx\/wp-content\/uploads\/2025\/01\/IMG-20250102-WA0042-2048x1365.jpg 2048w, https:\/\/estado29.mx\/wp-content\/uploads\/2025\/01\/IMG-20250102-WA0042-750x500.jpg 750w, https:\/\/estado29.mx\/wp-content\/uploads\/2025\/01\/IMG-20250102-WA0042-1140x760.jpg 1140w\" sizes=\"auto, (max-width: 1024px) 100vw, 1024px\" \/><\/figure>\n\n\n\n<p>Es importante agregar, que las celebraciones por el 493\u00b0 aniversario continuar\u00e1n hasta el pr\u00f3ximo 9 de enero, cuando se llevar\u00e1 a cabo el Primer Desfile de Identidad, el cual evento contar\u00e1 con la participaci\u00f3n de instituciones educativas, mayordom\u00edas y la ciudadan\u00eda en general, quienes juntos rendir\u00e1n tributo a la diversidad y unidad del municipio.<\/p>\n\n\n\n<figure class=\"wp-block-image size-large\"><img loading=\"lazy\" decoding=\"async\" width=\"1024\" height=\"682\" src=\"https:\/\/estado29.mx\/wp-content\/uploads\/2025\/01\/IMG-20250102-WA0045-1024x682.jpg\" alt=\"\" class=\"wp-image-92443\" srcset=\"https:\/\/estado29.mx\/wp-content\/uploads\/2025\/01\/IMG-20250102-WA0045-1024x682.jpg 1024w, https:\/\/estado29.mx\/wp-content\/uploads\/2025\/01\/IMG-20250102-WA0045-300x200.jpg 300w, https:\/\/estado29.mx\/wp-content\/uploads\/2025\/01\/IMG-20250102-WA0045-768x512.jpg 768w, https:\/\/estado29.mx\/wp-content\/uploads\/2025\/01\/IMG-20250102-WA0045-1536x1024.jpg 1536w, https:\/\/estado29.mx\/wp-content\/uploads\/2025\/01\/IMG-20250102-WA0045-2048x1365.jpg 2048w, https:\/\/estado29.mx\/wp-content\/uploads\/2025\/01\/IMG-20250102-WA0045-750x500.jpg 750w, https:\/\/estado29.mx\/wp-content\/uploads\/2025\/01\/IMG-20250102-WA0045-1140x760.jpg 1140w\" sizes=\"auto, (max-width: 1024px) 100vw, 1024px\" \/><\/figure>\n\n\n\n<p><br>La alcaldesa, Aline Lazo Caballero, hizo extensa la invitaci\u00f3n a la poblaci\u00f3n y visitantes, a sumarse a estas actividades, que celebran casi cinco siglos de historia, tradici\u00f3n y orgullo.<\/p>\n\n\n<figure class=\"wp-block-post-featured-image\"><img loading=\"lazy\" decoding=\"async\" width=\"2560\" height=\"1706\" src=\"https:\/\/estado29.mx\/wp-content\/uploads\/2025\/01\/IMG-20250102-WA0038.jpg\" class=\"attachment-post-thumbnail size-post-thumbnail wp-post-image\" alt=\"\" style=\"object-fit:cover;\" srcset=\"https:\/\/estado29.mx\/wp-content\/uploads\/2025\/01\/IMG-20250102-WA0038.jpg 2560w, https:\/\/estado29.mx\/wp-content\/uploads\/2025\/01\/IMG-20250102-WA0038-300x200.jpg 300w, https:\/\/estado29.mx\/wp-content\/uploads\/2025\/01\/IMG-20250102-WA0038-1024x682.jpg 1024w, https:\/\/estado29.mx\/wp-content\/uploads\/2025\/01\/IMG-20250102-WA0038-768x512.jpg 768w, https:\/\/estado29.mx\/wp-content\/uploads\/2025\/01\/IMG-20250102-WA0038-1536x1024.jpg 1536w, https:\/\/estado29.mx\/wp-content\/uploads\/2025\/01\/IMG-20250102-WA0038-2048x1365.jpg 2048w, https:\/\/estado29.mx\/wp-content\/uploads\/2025\/01\/IMG-20250102-WA0038-750x500.jpg 750w, https:\/\/estado29.mx\/wp-content\/uploads\/2025\/01\/IMG-20250102-WA0038-1140x760.jpg 1140w\" sizes=\"auto, (max-width: 2560px) 100vw, 2560px\" \/><\/figure>","protected":false},"excerpt":{"rendered":"<p>Este jueves dos de enero, dieron inicio las actividades, con motivo de la celebraci\u00f3n del 493 Aniversario de la Fundaci\u00f3n del Municipio de Ixtenco, principalmente, eventos culturales y reconocimiento a quienes dieron vida a este lugar. Las diversas actividades, estuvieron encabezadas por la presidenta municipal, Aline Lazo Caballero, acompa\u00f1ada de los integrantes de su cabildo, [&hellip;]<\/p>\n","protected":false},"author":7,"featured_media":92439,"comment_status":"open","ping_status":"open","sticky":false,"template":"","format":"standard","meta":{"om_disable_all_campaigns":false,"_monsterinsights_skip_tracking":false,"_monsterinsights_sitenote_active":false,"_monsterinsights_sitenote_note":"","_monsterinsights_sitenote_category":0,"jnews-multi-image_gallery":[],"jnews_single_post":[],"jnews_primary_category":[],"footnotes":""},"categories":[1],"tags":[],"class_list":["post-92438","post","type-post","status-publish","format-standard","has-post-thumbnail","hentry","category-uncategorized"],"aioseo_notices":[],"_links":{"self":[{"href":"https:\/\/estado29.mx\/index.php?rest_route=\/wp\/v2\/posts\/92438","targetHints":{"allow":["GET"]}}],"collection":[{"href":"https:\/\/estado29.mx\/index.php?rest_route=\/wp\/v2\/posts"}],"about":[{"href":"https:\/\/estado29.mx\/index.php?rest_route=\/wp\/v2\/types\/post"}],"author":[{"embeddable":true,"href":"https:\/\/estado29.mx\/index.php?rest_route=\/wp\/v2\/users\/7"}],"replies":[{"embeddable":true,"href":"https:\/\/estado29.mx\/index.php?rest_route=%2Fwp%2Fv2%2Fcomments&post=92438"}],"version-history":[{"count":1,"href":"https:\/\/estado29.mx\/index.php?rest_route=\/wp\/v2\/posts\/92438\/revisions"}],"predecessor-version":[{"id":92444,"href":"https:\/\/estado29.mx\/index.php?rest_route=\/wp\/v2\/posts\/92438\/revisions\/92444"}],"wp:featuredmedia":[{"embeddable":true,"href":"https:\/\/estado29.mx\/index.php?rest_route=\/wp\/v2\/media\/92439"}],"wp:attachment":[{"href":"https:\/\/estado29.mx\/index.php?rest_route=%2Fwp%2Fv2%2Fmedia&parent=92438"}],"wp:term":[{"taxonomy":"category","embeddable":true,"href":"https:\/\/estado29.mx\/index.php?rest_route=%2Fwp%2Fv2%2Fcategories&post=92438"},{"taxonomy":"post_tag","embeddable":true,"href":"https:\/\/estado29.mx\/index.php?rest_route=%2Fwp%2Fv2%2Ftags&post=92438"}],"curies":[{"name":"wp","href":"https:\/\/api.w.org\/{rel}","templated":true}]}}