{"id":92446,"date":"2025-01-03T03:33:50","date_gmt":"2025-01-03T03:33:50","guid":{"rendered":"https:\/\/estado29.mx\/?p=92446"},"modified":"2025-01-03T03:33:50","modified_gmt":"2025-01-03T03:33:50","slug":"dan-banderazo-de-arranque-de-obra-en-el-municipio-de-ixtenco","status":"publish","type":"post","link":"https:\/\/estado29.mx\/?p=92446","title":{"rendered":"Dan banderazo de arranque de obra en el municipio de Ixtenco."},"content":{"rendered":"\n<p><br>Este jueves dos de enero del a\u00f1o en curso, la presidenta municipal de Ixtenco, Aline Lazo Caballero, acompa\u00f1ada de integrantes de su cabildo, dieron el banderazo de arranque de obra, que ser\u00e1 ejecutada en el interior de presidencia municipal.<\/p>\n\n\n\n<p><br>Estos trabajos consisten en la rehabilitaci\u00f3n de los sanitarios, que son de uso para pobladores e integrantes del ayuntamiento de este lugar, as\u00ed como visitantes.<\/p>\n\n\n\n<p><br>Aline Lazo Caballero, refiri\u00f3 que por mucho a\u00f1os estos sanitarios permanecieron en completo abandono, por lo que en la presente administraci\u00f3n ser\u00e1n rehabilitados.<\/p>\n\n\n\n<p><br>La alcaldesa destac\u00f3 que es un buen inicio de a\u00f1o, pues en los primeros dos d\u00edas, se ha tenido ya un arranque de obra.<\/p>\n\n\n<figure class=\"wp-block-post-featured-image\"><img loading=\"lazy\" decoding=\"async\" width=\"720\" height=\"393\" src=\"https:\/\/estado29.mx\/wp-content\/uploads\/2025\/01\/Screenshot_2025-01-02-21-31-26-8192.jpg\" class=\"attachment-post-thumbnail size-post-thumbnail wp-post-image\" alt=\"\" style=\"object-fit:cover;\" srcset=\"https:\/\/estado29.mx\/wp-content\/uploads\/2025\/01\/Screenshot_2025-01-02-21-31-26-8192.jpg 720w, https:\/\/estado29.mx\/wp-content\/uploads\/2025\/01\/Screenshot_2025-01-02-21-31-26-8192-300x164.jpg 300w\" sizes=\"auto, (max-width: 720px) 100vw, 720px\" \/><\/figure>","protected":false},"excerpt":{"rendered":"<p>Este jueves dos de enero del a\u00f1o en curso, la presidenta municipal de Ixtenco, Aline Lazo Caballero, acompa\u00f1ada de integrantes de su cabildo, dieron el banderazo de arranque de obra, que ser\u00e1 ejecutada en el interior de presidencia municipal. Estos trabajos consisten en la rehabilitaci\u00f3n de los sanitarios, que son de uso para pobladores e [&hellip;]<\/p>\n","protected":false},"author":7,"featured_media":92447,"comment_status":"open","ping_status":"open","sticky":false,"template":"","format":"standard","meta":{"om_disable_all_campaigns":false,"_monsterinsights_skip_tracking":false,"_monsterinsights_sitenote_active":false,"_monsterinsights_sitenote_note":"","_monsterinsights_sitenote_category":0,"jnews-multi-image_gallery":[],"jnews_single_post":[],"jnews_primary_category":[],"footnotes":""},"categories":[1],"tags":[],"class_list":["post-92446","post","type-post","status-publish","format-standard","has-post-thumbnail","hentry","category-uncategorized"],"aioseo_notices":[],"_links":{"self":[{"href":"https:\/\/estado29.mx\/index.php?rest_route=\/wp\/v2\/posts\/92446","targetHints":{"allow":["GET"]}}],"collection":[{"href":"https:\/\/estado29.mx\/index.php?rest_route=\/wp\/v2\/posts"}],"about":[{"href":"https:\/\/estado29.mx\/index.php?rest_route=\/wp\/v2\/types\/post"}],"author":[{"embeddable":true,"href":"https:\/\/estado29.mx\/index.php?rest_route=\/wp\/v2\/users\/7"}],"replies":[{"embeddable":true,"href":"https:\/\/estado29.mx\/index.php?rest_route=%2Fwp%2Fv2%2Fcomments&post=92446"}],"version-history":[{"count":1,"href":"https:\/\/estado29.mx\/index.php?rest_route=\/wp\/v2\/posts\/92446\/revisions"}],"predecessor-version":[{"id":92448,"href":"https:\/\/estado29.mx\/index.php?rest_route=\/wp\/v2\/posts\/92446\/revisions\/92448"}],"wp:featuredmedia":[{"embeddable":true,"href":"https:\/\/estado29.mx\/index.php?rest_route=\/wp\/v2\/media\/92447"}],"wp:attachment":[{"href":"https:\/\/estado29.mx\/index.php?rest_route=%2Fwp%2Fv2%2Fmedia&parent=92446"}],"wp:term":[{"taxonomy":"category","embeddable":true,"href":"https:\/\/estado29.mx\/index.php?rest_route=%2Fwp%2Fv2%2Fcategories&post=92446"},{"taxonomy":"post_tag","embeddable":true,"href":"https:\/\/estado29.mx\/index.php?rest_route=%2Fwp%2Fv2%2Ftags&post=92446"}],"curies":[{"name":"wp","href":"https:\/\/api.w.org\/{rel}","templated":true}]}}