{"id":92463,"date":"2025-01-03T17:54:20","date_gmt":"2025-01-03T17:54:20","guid":{"rendered":"https:\/\/estado29.mx\/?p=92463"},"modified":"2025-01-03T17:54:21","modified_gmt":"2025-01-03T17:54:21","slug":"presidenta-claudia-sheinbaum-presenta-plan-nacional-de-desarrollo-2025-2030-contara-con-la-participacion-del-pueblo-de-mexico-a-traves-de-foros","status":"publish","type":"post","link":"https:\/\/estado29.mx\/?p=92463","title":{"rendered":"PRESIDENTA CLAUDIA SHEINBAUM PRESENTA PLAN NACIONAL DE DESARROLLO 2025-2030; CONTAR\u00c1 CON LA PARTICIPACI\u00d3N DEL PUEBLO DE M\u00c9XICO A TRAV\u00c9S DE FOROS"},"content":{"rendered":"<figure class=\"wp-block-post-featured-image\"><img loading=\"lazy\" decoding=\"async\" width=\"1001\" height=\"1500\" src=\"https:\/\/estado29.mx\/wp-content\/uploads\/2025\/01\/2025-01-03_Conferencia_de_prensa_matutina_-_Palacio_Nacional_09-1.jpg\" class=\"attachment-post-thumbnail size-post-thumbnail wp-post-image\" alt=\"\" style=\"object-fit:cover;\" srcset=\"https:\/\/estado29.mx\/wp-content\/uploads\/2025\/01\/2025-01-03_Conferencia_de_prensa_matutina_-_Palacio_Nacional_09-1.jpg 1001w, https:\/\/estado29.mx\/wp-content\/uploads\/2025\/01\/2025-01-03_Conferencia_de_prensa_matutina_-_Palacio_Nacional_09-1-200x300.jpg 200w, https:\/\/estado29.mx\/wp-content\/uploads\/2025\/01\/2025-01-03_Conferencia_de_prensa_matutina_-_Palacio_Nacional_09-1-683x1024.jpg 683w, https:\/\/estado29.mx\/wp-content\/uploads\/2025\/01\/2025-01-03_Conferencia_de_prensa_matutina_-_Palacio_Nacional_09-1-768x1151.jpg 768w, https:\/\/estado29.mx\/wp-content\/uploads\/2025\/01\/2025-01-03_Conferencia_de_prensa_matutina_-_Palacio_Nacional_09-1-750x1124.jpg 750w\" sizes=\"auto, (max-width: 1001px) 100vw, 1001px\" \/><\/figure>\n\n\n<ul class=\"wp-block-list\">\n<li>\u201dEs una visi\u00f3n de desarrollo de pa\u00eds que lo que busca es, s\u00ed, crecimiento econ\u00f3mico, pero sobre todo bienestar, el desarrollo tiene que tener dos apellidos: Sustentabilidad y Bienestar y eso es lo que estamos planteando y justicia al final de cuentas\u201d, asegur\u00f3<\/li>\n\n\n\n<li>Para complementar el Plan Nacional de Desarrollo 2025-2030 se realizar\u00e1n foros en todo el pa\u00eds del 6 al 19 de enero<\/li>\n<\/ul>\n\n\n\n<p>La Presidenta, Claudia Sheinbaum Pardo, present\u00f3 el Plan Nacional de Desarrollo 2025-2030, con el cual se busca el crecimiento econ\u00f3mico, la sustentabilidad y particularmente el bienestar de las y los mexicanos, por lo cual se realizar\u00e1n foros en todo el pa\u00eds, del 6 al 19 de enero, para recibir propuestas, sugerencias y comentarios del pueblo de M\u00e9xico.<\/p>\n\n\n\n<p>\u201cNosotros creemos que con el Plan M\u00e9xico y el Plan de Desarrollo que tenemos vamos a impulsar el crecimiento econ\u00f3mico. Ahora, no es suficiente el crecimiento econ\u00f3mico, un pa\u00eds debe medirse no solamente por cuanto aumenta el Producto Interno Bruto, sino c\u00f3mo se distribuyen los recursos, cu\u00e1nto ganan sus ciudadanos, cu\u00e1l es el salario que perciben, a qu\u00e9 derechos tienen acceso, y no solamente los grandes indicadores del desarrollo o de la econom\u00eda\u201d, destac\u00f3 durante la conferencia: \u201cLas ma\u00f1aneras del pueblo\u201d.<\/p>\n\n\n\n<p>El subsecretario de Hacienda y Cr\u00e9dito P\u00fablico, Edgar Amador Zamora, explic\u00f3 que el Plan Nacional de Desarrollo es la gu\u00eda del Gobierno de M\u00e9xico, para definir las prioridades en materia econ\u00f3mica, social y pol\u00edtica durante el sexenio, en conjunto con la participaci\u00f3n de toda la poblaci\u00f3n en general, desde obreros, campesinos, la sociedad civil, pueblos originarios, academia, empresarios y empresarias, j\u00f3venes, mujeres, adultos mayores, as\u00ed como personas con discapacidad.<\/p>\n\n\n\n<p>Inform\u00f3 que el Plan Nacional de Desarrollo 2025-2030 est\u00e1 constituido en cuatro ejes generales en los que se abordan las 14 Rep\u00fablicas presentadas por la Jefa del Ejecutivo Federal en sus 100 compromisos:<\/p>\n\n\n\n<ol class=\"wp-block-list\">\n<li>Gobernanza con justicia y participaci\u00f3n ciudadana;<\/li>\n\n\n\n<li>Desarrollo con bienestar y humanismo,<\/li>\n\n\n\n<li>Econom\u00eda moral y trabajo.<\/li>\n\n\n\n<li>Desarrollo sustentable.<\/li>\n<\/ol>\n\n\n\n<p>Los cuales contienen tres ejes transversales: Igualdad sustantiva y derechos de las mujeres; Innovaci\u00f3n p\u00fablica para el desarrollo tecnol\u00f3gico nacional; y Derechos de las comunidades ind\u00edgenas y afromexicanas.<\/p>\n\n\n\n<p>Por su parte, el coordinador de Asesores de la Presidencia de la Rep\u00fablica, Jes\u00fas Ram\u00edrez Cuevas, precis\u00f3 que, de acuerdo al art\u00edculo 26 de la Constituci\u00f3n Pol\u00edtica, la planeaci\u00f3n del Gobierno debe ser democr\u00e1tica con la participaci\u00f3n de todos los sectores, para ello del 6 al 19 de enero se realizar\u00e1n en diferentes estados del pa\u00eds foros para la construcci\u00f3n del Plan Nacional de Desarrollo 2025-2030.<\/p>\n\n\n\n<p>\u201cLos foros van a ser en las primeras dos semanas de enero para permitir la participaci\u00f3n, pero al mismo tiempo tener tiempo de integrar el documento de manera adecuada con todo lo que t\u00e9cnicamente se requiere, con presupuestos, indicadores de desempe\u00f1o, indicadores de resultados, de tal manera que pueda ser tangible y al final poder evaluar si se cumpli\u00f3 la palabra, si lo que estaba planeado se pudo alcanzar\u201d, explic\u00f3.<\/p>\n\n\n\n<p>Precis\u00f3 que, el Plan Nacional de Desarrollo 2025-2030 tendr\u00e1 como marco los principios en los que est\u00e1 basada la Cuarta Transformaci\u00f3n: La prosperidad compartida; no puede haber un gobierno rico con pueblo pobre; los y las gobernantes deben ser honrados y buenos; la democracia es el gobierno del pueblo, por el pueblo y para el pueblo; est\u00e1 prohibido prohibir; el desarrollo y el bienestar con cuidado del medio ambiente; debe haber igualdad sustantiva de g\u00e9nero, pero tambi\u00e9n cultural y social; M\u00e9xico es un pa\u00eds soberano independiente y democr\u00e1tico, as\u00ed como la pol\u00edtica se hace con amor y no con odio, que ese es un elemento cultural central de esta transformaci\u00f3n.<\/p>\n\n\n\n<p>Anunci\u00f3 que, los foros para la construcci\u00f3n del Plan Nacional de Desarrollo 2025-2030 comienzan el pr\u00f3ximo 6 de enero en Tijuana, Baja California, con el tema de Gobernanza con Justicia y Participaci\u00f3n Ciudadana y cierran el 19 de enero en Morelia, Michoac\u00e1n con el Foro de las Comunidades Ind\u00edgenas y pueblos afromexicanos.<\/p>\n","protected":false},"excerpt":{"rendered":"<p>La Presidenta, Claudia Sheinbaum Pardo, present\u00f3 el Plan Nacional de Desarrollo 2025-2030, con el cual se busca el crecimiento econ\u00f3mico, la sustentabilidad y particularmente el bienestar de las y los mexicanos, por lo cual se realizar\u00e1n foros en todo el pa\u00eds, del 6 al 19 de enero, para recibir propuestas, sugerencias y comentarios del pueblo [&hellip;]<\/p>\n","protected":false},"author":4,"featured_media":92464,"comment_status":"open","ping_status":"open","sticky":false,"template":"","format":"standard","meta":{"om_disable_all_campaigns":false,"_monsterinsights_skip_tracking":false,"_monsterinsights_sitenote_active":false,"_monsterinsights_sitenote_note":"","_monsterinsights_sitenote_category":0,"jnews-multi-image_gallery":[],"jnews_single_post":[],"jnews_primary_category":[],"footnotes":""},"categories":[1],"tags":[],"class_list":["post-92463","post","type-post","status-publish","format-standard","has-post-thumbnail","hentry","category-uncategorized"],"aioseo_notices":[],"_links":{"self":[{"href":"https:\/\/estado29.mx\/index.php?rest_route=\/wp\/v2\/posts\/92463","targetHints":{"allow":["GET"]}}],"collection":[{"href":"https:\/\/estado29.mx\/index.php?rest_route=\/wp\/v2\/posts"}],"about":[{"href":"https:\/\/estado29.mx\/index.php?rest_route=\/wp\/v2\/types\/post"}],"author":[{"embeddable":true,"href":"https:\/\/estado29.mx\/index.php?rest_route=\/wp\/v2\/users\/4"}],"replies":[{"embeddable":true,"href":"https:\/\/estado29.mx\/index.php?rest_route=%2Fwp%2Fv2%2Fcomments&post=92463"}],"version-history":[{"count":1,"href":"https:\/\/estado29.mx\/index.php?rest_route=\/wp\/v2\/posts\/92463\/revisions"}],"predecessor-version":[{"id":92465,"href":"https:\/\/estado29.mx\/index.php?rest_route=\/wp\/v2\/posts\/92463\/revisions\/92465"}],"wp:featuredmedia":[{"embeddable":true,"href":"https:\/\/estado29.mx\/index.php?rest_route=\/wp\/v2\/media\/92464"}],"wp:attachment":[{"href":"https:\/\/estado29.mx\/index.php?rest_route=%2Fwp%2Fv2%2Fmedia&parent=92463"}],"wp:term":[{"taxonomy":"category","embeddable":true,"href":"https:\/\/estado29.mx\/index.php?rest_route=%2Fwp%2Fv2%2Fcategories&post=92463"},{"taxonomy":"post_tag","embeddable":true,"href":"https:\/\/estado29.mx\/index.php?rest_route=%2Fwp%2Fv2%2Ftags&post=92463"}],"curies":[{"name":"wp","href":"https:\/\/api.w.org\/{rel}","templated":true}]}}