{"id":92466,"date":"2025-01-03T19:37:51","date_gmt":"2025-01-03T19:37:51","guid":{"rendered":"https:\/\/estado29.mx\/?p=92466"},"modified":"2025-01-03T19:37:52","modified_gmt":"2025-01-03T19:37:52","slug":"anuncia-regiduria-de-asuntos-migratorios-en-huamantla-implementacion-de-campanas-para-adquisicion-de-pasaportes","status":"publish","type":"post","link":"https:\/\/estado29.mx\/?p=92466","title":{"rendered":"Anuncia Regidur\u00eda de Asuntos Migratorios en Huamantla implementaci\u00f3n de campa\u00f1as para adquisici\u00f3n de pasaportes."},"content":{"rendered":"\n<p><br>El Segundo Regidor en el Municipio de Huamantla, Julio Eduardo S\u00e1nchez Hern\u00e1ndez, encargado de la Comisi\u00f3n de Asuntos Migratorios, refiri\u00f3 que dentro del plan de trabajo establecido para el presente 2025, se tiene contemplado iniciar campa\u00f1as, en comunidades y cabecera municipal, para adquisici\u00f3n de pasaportes.<\/p>\n\n\n\n<p><br>El segundo Regidor, detall\u00f3 que ya se han establecido los acercamientos necesarios con las dependencias correspondientes, para que a m\u00e1s tardar en febrero pr\u00f3ximo se inicie con estas actividades.<\/p>\n\n\n\n<p><br>Destac\u00f3 que los requisitos para realizar actualizaci\u00f3n de pasaporte o tr\u00e1mite de \u00e9ste, para mayores de 18 a\u00f1os son: acta de nacimiento certificada actualizada, comprobante de domicilio, credencial de elector, datos de alg\u00fan familiar (nombre completo, domicilio y n\u00famero telef\u00f3nico) y por \u00faltimo, si es renovaci\u00f3n, \u00faltimo pasaporte.<\/p>\n\n\n\n<p><br>Asimismo, mencion\u00f3 que en el caso de menores de edad, lo requisitos son: acta de nacimiento certificada actualizada expedida por el Registro Civil de Tlaxcala, CURP certificada, certificado m\u00e9dico con fotograf\u00eda, sello y copia de c\u00e9dula profesional del m\u00e9dico ( en caso de ser menores de 7 a\u00f1os), constancia de estudios con fotograf\u00eda, actualizada y con sello de la escuela (aplica a partir de ocho a\u00f1os, presentarse ambos padres con identificaci\u00f3n oficial al momento de la cita, para mayores informes, acercarse a la oficina de regidores, en un horario de 9 de la ma\u00f1ana a cinco de la tarde.<\/p>\n\n\n<figure class=\"wp-block-post-featured-image\"><img loading=\"lazy\" decoding=\"async\" width=\"2560\" height=\"1545\" src=\"https:\/\/estado29.mx\/wp-content\/uploads\/2025\/01\/IMG_20241231_102523-min2-2-scaled.jpg\" class=\"attachment-post-thumbnail size-post-thumbnail wp-post-image\" alt=\"\" style=\"object-fit:cover;\" srcset=\"https:\/\/estado29.mx\/wp-content\/uploads\/2025\/01\/IMG_20241231_102523-min2-2-scaled.jpg 2560w, https:\/\/estado29.mx\/wp-content\/uploads\/2025\/01\/IMG_20241231_102523-min2-2-300x181.jpg 300w, https:\/\/estado29.mx\/wp-content\/uploads\/2025\/01\/IMG_20241231_102523-min2-2-1024x618.jpg 1024w, https:\/\/estado29.mx\/wp-content\/uploads\/2025\/01\/IMG_20241231_102523-min2-2-768x463.jpg 768w, https:\/\/estado29.mx\/wp-content\/uploads\/2025\/01\/IMG_20241231_102523-min2-2-1536x927.jpg 1536w, https:\/\/estado29.mx\/wp-content\/uploads\/2025\/01\/IMG_20241231_102523-min2-2-2048x1236.jpg 2048w, https:\/\/estado29.mx\/wp-content\/uploads\/2025\/01\/IMG_20241231_102523-min2-2-750x453.jpg 750w, https:\/\/estado29.mx\/wp-content\/uploads\/2025\/01\/IMG_20241231_102523-min2-2-1140x688.jpg 1140w\" sizes=\"auto, (max-width: 2560px) 100vw, 2560px\" \/><\/figure>","protected":false},"excerpt":{"rendered":"<p>El Segundo Regidor en el Municipio de Huamantla, Julio Eduardo S\u00e1nchez Hern\u00e1ndez, encargado de la Comisi\u00f3n de Asuntos Migratorios, refiri\u00f3 que dentro del plan de trabajo establecido para el presente 2025, se tiene contemplado iniciar campa\u00f1as, en comunidades y cabecera municipal, para adquisici\u00f3n de pasaportes. El segundo Regidor, detall\u00f3 que ya se han establecido los [&hellip;]<\/p>\n","protected":false},"author":7,"featured_media":92429,"comment_status":"open","ping_status":"open","sticky":false,"template":"","format":"standard","meta":{"om_disable_all_campaigns":false,"_monsterinsights_skip_tracking":false,"_monsterinsights_sitenote_active":false,"_monsterinsights_sitenote_note":"","_monsterinsights_sitenote_category":0,"jnews-multi-image_gallery":[],"jnews_single_post":{"format":"standard"},"jnews_primary_category":[],"footnotes":""},"categories":[1],"tags":[],"class_list":["post-92466","post","type-post","status-publish","format-standard","has-post-thumbnail","hentry","category-uncategorized"],"aioseo_notices":[],"_links":{"self":[{"href":"https:\/\/estado29.mx\/index.php?rest_route=\/wp\/v2\/posts\/92466","targetHints":{"allow":["GET"]}}],"collection":[{"href":"https:\/\/estado29.mx\/index.php?rest_route=\/wp\/v2\/posts"}],"about":[{"href":"https:\/\/estado29.mx\/index.php?rest_route=\/wp\/v2\/types\/post"}],"author":[{"embeddable":true,"href":"https:\/\/estado29.mx\/index.php?rest_route=\/wp\/v2\/users\/7"}],"replies":[{"embeddable":true,"href":"https:\/\/estado29.mx\/index.php?rest_route=%2Fwp%2Fv2%2Fcomments&post=92466"}],"version-history":[{"count":1,"href":"https:\/\/estado29.mx\/index.php?rest_route=\/wp\/v2\/posts\/92466\/revisions"}],"predecessor-version":[{"id":92467,"href":"https:\/\/estado29.mx\/index.php?rest_route=\/wp\/v2\/posts\/92466\/revisions\/92467"}],"wp:featuredmedia":[{"embeddable":true,"href":"https:\/\/estado29.mx\/index.php?rest_route=\/wp\/v2\/media\/92429"}],"wp:attachment":[{"href":"https:\/\/estado29.mx\/index.php?rest_route=%2Fwp%2Fv2%2Fmedia&parent=92466"}],"wp:term":[{"taxonomy":"category","embeddable":true,"href":"https:\/\/estado29.mx\/index.php?rest_route=%2Fwp%2Fv2%2Fcategories&post=92466"},{"taxonomy":"post_tag","embeddable":true,"href":"https:\/\/estado29.mx\/index.php?rest_route=%2Fwp%2Fv2%2Ftags&post=92466"}],"curies":[{"name":"wp","href":"https:\/\/api.w.org\/{rel}","templated":true}]}}