{"id":92468,"date":"2025-01-03T19:40:50","date_gmt":"2025-01-03T19:40:50","guid":{"rendered":"https:\/\/estado29.mx\/?p=92468"},"modified":"2025-01-03T19:40:51","modified_gmt":"2025-01-03T19:40:51","slug":"invita-ayuntamiento-de-ixtenco-a-celebrar-el-dia-de-reyes-magos-con-rosca-monumental","status":"publish","type":"post","link":"https:\/\/estado29.mx\/?p=92468","title":{"rendered":"Invita ayuntamiento de Ixtenco a celebrar el D\u00eda de Reyes Magos con rosca monumental."},"content":{"rendered":"\n<p><br>El ayuntamiento del municipio de Ixtenco, que preside Aline Lazo Caballero, hace la invitaci\u00f3n a los pobladores de este lugar, a participar en el evento de Reyes Magos, que se llevar\u00e1 a cabo el pr\u00f3ximo domingo 5 de enero, a partir de las doce del d\u00eda, en el auditorio municipal.<\/p>\n\n\n\n<p><br>Estas acciones, son implementadas por Sistema Municipal para el Desarrollo Integral de las Familias, en donde el objetivo principal es, que ni\u00f1os y adultos de este municipio, pasen un momento de alegr\u00eda y diversi\u00f3n, a trav\u00e9s de la preservaci\u00f3n de las tradiciones.<\/p>\n\n\n\n<p><br>Dentro de este evento, el SMDIF, cortar\u00e1 una rosca monumental para ni\u00f1os y adultos y adem\u00e1s, repartir\u00e1n juguetes a los ni\u00f1os y ni\u00f1as que acudan al evento.<\/p>\n\n\n\n<p><br>La Presidenta del Sistema Municipal para el Desarrollo Integral de las Familias, Alicia Caballero Yonca, puntualiz\u00f3 que \u201cEste evento es una oportunidad para fortalecer la convivencia familiar y mantener vivas las tradiciones&#8221;. <\/p>\n\n\n\n<p>Extern\u00f3 la importancia de que &#8220;todos los ni\u00f1os de Ixtenco vivan momentos inolvidables en esta celebraci\u00f3n tan especial para los peque\u00f1os\u201d.<\/p>\n\n\n<figure class=\"wp-block-post-featured-image\"><img loading=\"lazy\" decoding=\"async\" width=\"1032\" height=\"1600\" src=\"https:\/\/estado29.mx\/wp-content\/uploads\/2025\/01\/IMG-20250103-WA0002.jpg\" class=\"attachment-post-thumbnail size-post-thumbnail wp-post-image\" alt=\"\" style=\"object-fit:cover;\" srcset=\"https:\/\/estado29.mx\/wp-content\/uploads\/2025\/01\/IMG-20250103-WA0002.jpg 1032w, https:\/\/estado29.mx\/wp-content\/uploads\/2025\/01\/IMG-20250103-WA0002-194x300.jpg 194w, https:\/\/estado29.mx\/wp-content\/uploads\/2025\/01\/IMG-20250103-WA0002-660x1024.jpg 660w, https:\/\/estado29.mx\/wp-content\/uploads\/2025\/01\/IMG-20250103-WA0002-768x1191.jpg 768w, https:\/\/estado29.mx\/wp-content\/uploads\/2025\/01\/IMG-20250103-WA0002-991x1536.jpg 991w, https:\/\/estado29.mx\/wp-content\/uploads\/2025\/01\/IMG-20250103-WA0002-750x1163.jpg 750w\" sizes=\"auto, (max-width: 1032px) 100vw, 1032px\" \/><\/figure>","protected":false},"excerpt":{"rendered":"<p>El ayuntamiento del municipio de Ixtenco, que preside Aline Lazo Caballero, hace la invitaci\u00f3n a los pobladores de este lugar, a participar en el evento de Reyes Magos, que se llevar\u00e1 a cabo el pr\u00f3ximo domingo 5 de enero, a partir de las doce del d\u00eda, en el auditorio municipal. Estas acciones, son implementadas por [&hellip;]<\/p>\n","protected":false},"author":7,"featured_media":92469,"comment_status":"open","ping_status":"open","sticky":false,"template":"","format":"standard","meta":{"om_disable_all_campaigns":false,"_monsterinsights_skip_tracking":false,"_monsterinsights_sitenote_active":false,"_monsterinsights_sitenote_note":"","_monsterinsights_sitenote_category":0,"jnews-multi-image_gallery":[],"jnews_single_post":[],"jnews_primary_category":[],"footnotes":""},"categories":[1],"tags":[],"class_list":["post-92468","post","type-post","status-publish","format-standard","has-post-thumbnail","hentry","category-uncategorized"],"aioseo_notices":[],"_links":{"self":[{"href":"https:\/\/estado29.mx\/index.php?rest_route=\/wp\/v2\/posts\/92468","targetHints":{"allow":["GET"]}}],"collection":[{"href":"https:\/\/estado29.mx\/index.php?rest_route=\/wp\/v2\/posts"}],"about":[{"href":"https:\/\/estado29.mx\/index.php?rest_route=\/wp\/v2\/types\/post"}],"author":[{"embeddable":true,"href":"https:\/\/estado29.mx\/index.php?rest_route=\/wp\/v2\/users\/7"}],"replies":[{"embeddable":true,"href":"https:\/\/estado29.mx\/index.php?rest_route=%2Fwp%2Fv2%2Fcomments&post=92468"}],"version-history":[{"count":1,"href":"https:\/\/estado29.mx\/index.php?rest_route=\/wp\/v2\/posts\/92468\/revisions"}],"predecessor-version":[{"id":92470,"href":"https:\/\/estado29.mx\/index.php?rest_route=\/wp\/v2\/posts\/92468\/revisions\/92470"}],"wp:featuredmedia":[{"embeddable":true,"href":"https:\/\/estado29.mx\/index.php?rest_route=\/wp\/v2\/media\/92469"}],"wp:attachment":[{"href":"https:\/\/estado29.mx\/index.php?rest_route=%2Fwp%2Fv2%2Fmedia&parent=92468"}],"wp:term":[{"taxonomy":"category","embeddable":true,"href":"https:\/\/estado29.mx\/index.php?rest_route=%2Fwp%2Fv2%2Fcategories&post=92468"},{"taxonomy":"post_tag","embeddable":true,"href":"https:\/\/estado29.mx\/index.php?rest_route=%2Fwp%2Fv2%2Ftags&post=92468"}],"curies":[{"name":"wp","href":"https:\/\/api.w.org\/{rel}","templated":true}]}}