{"id":92494,"date":"2025-01-09T20:15:53","date_gmt":"2025-01-09T20:15:53","guid":{"rendered":"https:\/\/estado29.mx\/?p=92494"},"modified":"2025-01-09T20:15:53","modified_gmt":"2025-01-09T20:15:53","slug":"trabajaran-autoridades-de-huamantla-aplicacion-de-agenda-2030-de-acuerdo-a-plan-de-desarrollo-municipal","status":"publish","type":"post","link":"https:\/\/estado29.mx\/?p=92494","title":{"rendered":"Trabajar\u00e1n autoridades de Huamantla Aplicaci\u00f3n de Agenda 2030 de acuerdo a Plan de Desarrollo Municipal."},"content":{"rendered":"\n<p><\/p>\n\n\n\n<p>El Segundo Regidor en el Municipio de Huamantla, Julio Eduardo S\u00e1nchez Hern\u00e1ndez, quien adem\u00e1s de tener a su cargo la comisi\u00f3n de Asuntos Migratorios, tambi\u00e9n trabaja en lo que es la Preservaci\u00f3n de la Agenda 2030, habl\u00f3 sobre las acciones que se implementar\u00e1n en este a\u00f1o en este tema.<\/p>\n\n\n\n<p><br>El Segundo Regidor, destac\u00f3 que la segunda comisi\u00f3n que tiene a cargo, es muy amplia, pues abarca temas como son: salud, ecolog\u00eda, tratamiento del agua, desarrollo econ\u00f3mico, empleo, derechos humanos, y muchos m\u00e1s, para garantizar la sustentabilidad de un municipio o regi\u00f3n.<\/p>\n\n\n\n<p><br>Puntualiz\u00f3 que se va a trabajar de la mano con el Plan de Desarrollo Municipal, por lo que las diversas \u00e1reas del ayuntamiento involucradas en el tema, trabajan de forma conjunta para llevarlo a cabo.<\/p>\n\n\n<figure class=\"wp-block-post-featured-image\"><img loading=\"lazy\" decoding=\"async\" width=\"2560\" height=\"1545\" src=\"https:\/\/estado29.mx\/wp-content\/uploads\/2025\/01\/IMG_20241231_102523-min2-scaled.jpg\" class=\"attachment-post-thumbnail size-post-thumbnail wp-post-image\" alt=\"\" style=\"object-fit:cover;\" srcset=\"https:\/\/estado29.mx\/wp-content\/uploads\/2025\/01\/IMG_20241231_102523-min2-scaled.jpg 2560w, https:\/\/estado29.mx\/wp-content\/uploads\/2025\/01\/IMG_20241231_102523-min2-300x181.jpg 300w, https:\/\/estado29.mx\/wp-content\/uploads\/2025\/01\/IMG_20241231_102523-min2-1024x618.jpg 1024w, https:\/\/estado29.mx\/wp-content\/uploads\/2025\/01\/IMG_20241231_102523-min2-768x463.jpg 768w, https:\/\/estado29.mx\/wp-content\/uploads\/2025\/01\/IMG_20241231_102523-min2-1536x927.jpg 1536w, https:\/\/estado29.mx\/wp-content\/uploads\/2025\/01\/IMG_20241231_102523-min2-2048x1236.jpg 2048w, https:\/\/estado29.mx\/wp-content\/uploads\/2025\/01\/IMG_20241231_102523-min2-750x453.jpg 750w, https:\/\/estado29.mx\/wp-content\/uploads\/2025\/01\/IMG_20241231_102523-min2-1140x688.jpg 1140w\" sizes=\"auto, (max-width: 2560px) 100vw, 2560px\" \/><\/figure>","protected":false},"excerpt":{"rendered":"<p>El Segundo Regidor en el Municipio de Huamantla, Julio Eduardo S\u00e1nchez Hern\u00e1ndez, quien adem\u00e1s de tener a su cargo la comisi\u00f3n de Asuntos Migratorios, tambi\u00e9n trabaja en lo que es la Preservaci\u00f3n de la Agenda 2030, habl\u00f3 sobre las acciones que se implementar\u00e1n en este a\u00f1o en este tema. El Segundo Regidor, destac\u00f3 que la [&hellip;]<\/p>\n","protected":false},"author":7,"featured_media":92427,"comment_status":"open","ping_status":"open","sticky":false,"template":"","format":"standard","meta":{"om_disable_all_campaigns":false,"_monsterinsights_skip_tracking":false,"_monsterinsights_sitenote_active":false,"_monsterinsights_sitenote_note":"","_monsterinsights_sitenote_category":0,"jnews-multi-image_gallery":[],"jnews_single_post":[],"jnews_primary_category":[],"footnotes":""},"categories":[1],"tags":[],"class_list":["post-92494","post","type-post","status-publish","format-standard","has-post-thumbnail","hentry","category-uncategorized"],"aioseo_notices":[],"_links":{"self":[{"href":"https:\/\/estado29.mx\/index.php?rest_route=\/wp\/v2\/posts\/92494","targetHints":{"allow":["GET"]}}],"collection":[{"href":"https:\/\/estado29.mx\/index.php?rest_route=\/wp\/v2\/posts"}],"about":[{"href":"https:\/\/estado29.mx\/index.php?rest_route=\/wp\/v2\/types\/post"}],"author":[{"embeddable":true,"href":"https:\/\/estado29.mx\/index.php?rest_route=\/wp\/v2\/users\/7"}],"replies":[{"embeddable":true,"href":"https:\/\/estado29.mx\/index.php?rest_route=%2Fwp%2Fv2%2Fcomments&post=92494"}],"version-history":[{"count":1,"href":"https:\/\/estado29.mx\/index.php?rest_route=\/wp\/v2\/posts\/92494\/revisions"}],"predecessor-version":[{"id":92495,"href":"https:\/\/estado29.mx\/index.php?rest_route=\/wp\/v2\/posts\/92494\/revisions\/92495"}],"wp:featuredmedia":[{"embeddable":true,"href":"https:\/\/estado29.mx\/index.php?rest_route=\/wp\/v2\/media\/92427"}],"wp:attachment":[{"href":"https:\/\/estado29.mx\/index.php?rest_route=%2Fwp%2Fv2%2Fmedia&parent=92494"}],"wp:term":[{"taxonomy":"category","embeddable":true,"href":"https:\/\/estado29.mx\/index.php?rest_route=%2Fwp%2Fv2%2Fcategories&post=92494"},{"taxonomy":"post_tag","embeddable":true,"href":"https:\/\/estado29.mx\/index.php?rest_route=%2Fwp%2Fv2%2Ftags&post=92494"}],"curies":[{"name":"wp","href":"https:\/\/api.w.org\/{rel}","templated":true}]}}