{"id":92496,"date":"2025-01-09T20:19:19","date_gmt":"2025-01-09T20:19:19","guid":{"rendered":"https:\/\/estado29.mx\/?p=92496"},"modified":"2025-01-09T20:19:19","modified_gmt":"2025-01-09T20:19:19","slug":"invita-presidenta-municipal-de-ixtenco-a-desfile-con-motivo-del-493-aniversario-de-la-fundacion-de-este-pueblo-magico","status":"publish","type":"post","link":"https:\/\/estado29.mx\/?p=92496","title":{"rendered":"Invita presidenta Municipal de Ixtenco a Desfile con motivo del 493 Aniversario de la Fundaci\u00f3n de este Pueblo M\u00e1gico."},"content":{"rendered":"\n<p><br>La presidenta municipal de Ixtenco, Aline Lazo Caballero hace extensa la invitaci\u00f3n a aprobadores de \u00e9ste y otros municipios vecinos, para que acudan al Desfile con motivo de la Celebraci\u00f3n del 493 Aniversario de la Fundaci\u00f3n de este lugar, que se llevar\u00e1 a cabo este jueves 9 de enero del a\u00f1o en curso, a partir de las 4 de la tarde, el punto de inicio ser\u00e1 frente a la presidencia municipal.<\/p>\n\n\n\n<p><br>Asimismo, la alcaldesa comparti\u00f3 como es que se estar\u00e1 trabajando en el tema de la circulaci\u00f3n automovil\u00edstica, para que si usted va a pasar por este municipio extreme precauciones.<\/p>\n\n\n\n<p>Para finalizar, la edil puntualiz\u00f3 que este desfile ser\u00e1 alusivo a las costumbres y tradiciones que han caracterizado a este a trav\u00e9s de la historia.<\/p>\n\n\n<figure class=\"wp-block-post-featured-image\"><img loading=\"lazy\" decoding=\"async\" width=\"2560\" height=\"1920\" src=\"https:\/\/estado29.mx\/wp-content\/uploads\/2024\/12\/IMG_20241203_100638_1CS-min-scaled.jpg\" class=\"attachment-post-thumbnail size-post-thumbnail wp-post-image\" alt=\"\" style=\"object-fit:cover;\" srcset=\"https:\/\/estado29.mx\/wp-content\/uploads\/2024\/12\/IMG_20241203_100638_1CS-min-scaled.jpg 2560w, https:\/\/estado29.mx\/wp-content\/uploads\/2024\/12\/IMG_20241203_100638_1CS-min-300x225.jpg 300w, https:\/\/estado29.mx\/wp-content\/uploads\/2024\/12\/IMG_20241203_100638_1CS-min-1024x768.jpg 1024w, https:\/\/estado29.mx\/wp-content\/uploads\/2024\/12\/IMG_20241203_100638_1CS-min-768x576.jpg 768w, https:\/\/estado29.mx\/wp-content\/uploads\/2024\/12\/IMG_20241203_100638_1CS-min-1536x1152.jpg 1536w, https:\/\/estado29.mx\/wp-content\/uploads\/2024\/12\/IMG_20241203_100638_1CS-min-2048x1536.jpg 2048w, https:\/\/estado29.mx\/wp-content\/uploads\/2024\/12\/IMG_20241203_100638_1CS-min-750x563.jpg 750w, https:\/\/estado29.mx\/wp-content\/uploads\/2024\/12\/IMG_20241203_100638_1CS-min-1140x855.jpg 1140w\" sizes=\"auto, (max-width: 2560px) 100vw, 2560px\" \/><\/figure>","protected":false},"excerpt":{"rendered":"<p>La presidenta municipal de Ixtenco, Aline Lazo Caballero hace extensa la invitaci\u00f3n a aprobadores de \u00e9ste y otros municipios vecinos, para que acudan al Desfile con motivo de la Celebraci\u00f3n del 493 Aniversario de la Fundaci\u00f3n de este lugar, que se llevar\u00e1 a cabo este jueves 9 de enero del a\u00f1o en curso, a partir [&hellip;]<\/p>\n","protected":false},"author":7,"featured_media":91879,"comment_status":"open","ping_status":"open","sticky":false,"template":"","format":"standard","meta":{"om_disable_all_campaigns":false,"_monsterinsights_skip_tracking":false,"_monsterinsights_sitenote_active":false,"_monsterinsights_sitenote_note":"","_monsterinsights_sitenote_category":0,"jnews-multi-image_gallery":[],"jnews_single_post":[],"jnews_primary_category":[],"footnotes":""},"categories":[1],"tags":[],"class_list":["post-92496","post","type-post","status-publish","format-standard","has-post-thumbnail","hentry","category-uncategorized"],"aioseo_notices":[],"_links":{"self":[{"href":"https:\/\/estado29.mx\/index.php?rest_route=\/wp\/v2\/posts\/92496","targetHints":{"allow":["GET"]}}],"collection":[{"href":"https:\/\/estado29.mx\/index.php?rest_route=\/wp\/v2\/posts"}],"about":[{"href":"https:\/\/estado29.mx\/index.php?rest_route=\/wp\/v2\/types\/post"}],"author":[{"embeddable":true,"href":"https:\/\/estado29.mx\/index.php?rest_route=\/wp\/v2\/users\/7"}],"replies":[{"embeddable":true,"href":"https:\/\/estado29.mx\/index.php?rest_route=%2Fwp%2Fv2%2Fcomments&post=92496"}],"version-history":[{"count":1,"href":"https:\/\/estado29.mx\/index.php?rest_route=\/wp\/v2\/posts\/92496\/revisions"}],"predecessor-version":[{"id":92497,"href":"https:\/\/estado29.mx\/index.php?rest_route=\/wp\/v2\/posts\/92496\/revisions\/92497"}],"wp:featuredmedia":[{"embeddable":true,"href":"https:\/\/estado29.mx\/index.php?rest_route=\/wp\/v2\/media\/91879"}],"wp:attachment":[{"href":"https:\/\/estado29.mx\/index.php?rest_route=%2Fwp%2Fv2%2Fmedia&parent=92496"}],"wp:term":[{"taxonomy":"category","embeddable":true,"href":"https:\/\/estado29.mx\/index.php?rest_route=%2Fwp%2Fv2%2Fcategories&post=92496"},{"taxonomy":"post_tag","embeddable":true,"href":"https:\/\/estado29.mx\/index.php?rest_route=%2Fwp%2Fv2%2Ftags&post=92496"}],"curies":[{"name":"wp","href":"https:\/\/api.w.org\/{rel}","templated":true}]}}