{"id":92504,"date":"2025-01-09T20:29:38","date_gmt":"2025-01-09T20:29:38","guid":{"rendered":"https:\/\/estado29.mx\/?p=92504"},"modified":"2025-01-09T20:29:39","modified_gmt":"2025-01-09T20:29:39","slug":"convoca-ayuntamiento-de-ixtenco-a-la-primera-jornada-de-empleo-temporal-2025","status":"publish","type":"post","link":"https:\/\/estado29.mx\/?p=92504","title":{"rendered":"Convoca Ayuntamiento de Ixtenco a la primera jornada de Empleo Temporal 2025."},"content":{"rendered":"\n<p><\/p>\n\n\n\n<p>El Ayuntamiento de Ixtenco, que preside Aline Lazo Caballero, invita a todas las madres solteras y jefes de familia del municipio, a participar en el programa &#8220;Bienestar para tu Econom\u00eda&#8221;, como parte de la Primera Jornada de Empleo Temporal 2025.<\/p>\n\n\n\n<p>Este programa tiene como objetivo fomentar el desarrollo econ\u00f3mico, mejorar la calidad de vida de las familias de Ixtenco y fortalecer la prosperidad social mediante la creaci\u00f3n de empleo digno, en el que los participantes de \u00e9ste, realizar\u00e1n labores limpieza y rescate de espacios p\u00fablicos, deportivos y \u00e1reas de uso com\u00fan.<\/p>\n\n\n\n<p>Los requisitos de inscripci\u00f3n a esta jornada son<\/p>\n\n\n\n<ol class=\"wp-block-list\">\n<li>Solicitud expresa de empleo del interesado (disponible en la Oficina de Bienestar Municipal).<\/li>\n\n\n\n<li>Identificaci\u00f3n oficial vigente.<\/li>\n\n\n\n<li>Clave \u00danica de Registro de Poblaci\u00f3n (CURP).<\/li>\n\n\n\n<li>Comprobante de domicilio actualizado (agua).<br>La recepci\u00f3n de solicitudes y documentaci\u00f3n ser\u00e1 del 7 al 14 de enero de 2025, en un horario de 9:00 de la ma\u00f1ana a una de la tarde , en la Oficina de Bienestar Municipal, ubicada en el interior del Palacio Municipal.<\/li>\n<\/ol>\n\n\n\n<p>Cabe destacar que para la contrataci\u00f3n para este programa de empleo temporal, el 50% ser\u00e1 destinado a mujeres y el otro 50% a hombres, los interesados pueden acudir directamente a la Oficina de Bienestar Municipal durante los horarios establecidos, para m\u00e1s informaci\u00f3n.<\/p>\n\n\n<figure class=\"wp-block-post-featured-image\"><img loading=\"lazy\" decoding=\"async\" width=\"1236\" height=\"1600\" src=\"https:\/\/estado29.mx\/wp-content\/uploads\/2025\/01\/IMG-20250106-WA0018.jpg\" class=\"attachment-post-thumbnail size-post-thumbnail wp-post-image\" alt=\"\" style=\"object-fit:cover;\" srcset=\"https:\/\/estado29.mx\/wp-content\/uploads\/2025\/01\/IMG-20250106-WA0018.jpg 1236w, https:\/\/estado29.mx\/wp-content\/uploads\/2025\/01\/IMG-20250106-WA0018-232x300.jpg 232w, https:\/\/estado29.mx\/wp-content\/uploads\/2025\/01\/IMG-20250106-WA0018-791x1024.jpg 791w, https:\/\/estado29.mx\/wp-content\/uploads\/2025\/01\/IMG-20250106-WA0018-768x994.jpg 768w, https:\/\/estado29.mx\/wp-content\/uploads\/2025\/01\/IMG-20250106-WA0018-1187x1536.jpg 1187w, https:\/\/estado29.mx\/wp-content\/uploads\/2025\/01\/IMG-20250106-WA0018-750x971.jpg 750w, https:\/\/estado29.mx\/wp-content\/uploads\/2025\/01\/IMG-20250106-WA0018-1140x1476.jpg 1140w\" sizes=\"auto, (max-width: 1236px) 100vw, 1236px\" \/><\/figure>","protected":false},"excerpt":{"rendered":"<p>El Ayuntamiento de Ixtenco, que preside Aline Lazo Caballero, invita a todas las madres solteras y jefes de familia del municipio, a participar en el programa &#8220;Bienestar para tu Econom\u00eda&#8221;, como parte de la Primera Jornada de Empleo Temporal 2025. Este programa tiene como objetivo fomentar el desarrollo econ\u00f3mico, mejorar la calidad de vida de [&hellip;]<\/p>\n","protected":false},"author":7,"featured_media":92505,"comment_status":"open","ping_status":"open","sticky":false,"template":"","format":"standard","meta":{"om_disable_all_campaigns":false,"_monsterinsights_skip_tracking":false,"_monsterinsights_sitenote_active":false,"_monsterinsights_sitenote_note":"","_monsterinsights_sitenote_category":0,"jnews-multi-image_gallery":[],"jnews_single_post":{"format":"standard"},"jnews_primary_category":[],"footnotes":""},"categories":[1],"tags":[],"class_list":["post-92504","post","type-post","status-publish","format-standard","has-post-thumbnail","hentry","category-uncategorized"],"aioseo_notices":[],"_links":{"self":[{"href":"https:\/\/estado29.mx\/index.php?rest_route=\/wp\/v2\/posts\/92504","targetHints":{"allow":["GET"]}}],"collection":[{"href":"https:\/\/estado29.mx\/index.php?rest_route=\/wp\/v2\/posts"}],"about":[{"href":"https:\/\/estado29.mx\/index.php?rest_route=\/wp\/v2\/types\/post"}],"author":[{"embeddable":true,"href":"https:\/\/estado29.mx\/index.php?rest_route=\/wp\/v2\/users\/7"}],"replies":[{"embeddable":true,"href":"https:\/\/estado29.mx\/index.php?rest_route=%2Fwp%2Fv2%2Fcomments&post=92504"}],"version-history":[{"count":1,"href":"https:\/\/estado29.mx\/index.php?rest_route=\/wp\/v2\/posts\/92504\/revisions"}],"predecessor-version":[{"id":92506,"href":"https:\/\/estado29.mx\/index.php?rest_route=\/wp\/v2\/posts\/92504\/revisions\/92506"}],"wp:featuredmedia":[{"embeddable":true,"href":"https:\/\/estado29.mx\/index.php?rest_route=\/wp\/v2\/media\/92505"}],"wp:attachment":[{"href":"https:\/\/estado29.mx\/index.php?rest_route=%2Fwp%2Fv2%2Fmedia&parent=92504"}],"wp:term":[{"taxonomy":"category","embeddable":true,"href":"https:\/\/estado29.mx\/index.php?rest_route=%2Fwp%2Fv2%2Fcategories&post=92504"},{"taxonomy":"post_tag","embeddable":true,"href":"https:\/\/estado29.mx\/index.php?rest_route=%2Fwp%2Fv2%2Ftags&post=92504"}],"curies":[{"name":"wp","href":"https:\/\/api.w.org\/{rel}","templated":true}]}}