{"id":92508,"date":"2025-01-10T18:52:39","date_gmt":"2025-01-10T18:52:39","guid":{"rendered":"https:\/\/estado29.mx\/?p=92508"},"modified":"2025-01-10T18:52:39","modified_gmt":"2025-01-10T18:52:39","slug":"en-apoyo-la-presidenta-de-mexico-claudia-sheinbaum-envia-un-equipo-combatiente-de-incendios-forestales-a-los-angeles","status":"publish","type":"post","link":"https:\/\/estado29.mx\/?p=92508","title":{"rendered":"En apoyo, la Presidenta de M\u00e9xico Claudia Sheinbaum env\u00eda un equipo combatiente de incendios forestales a los \u00c1ngeles"},"content":{"rendered":"<figure class=\"wp-block-post-featured-image\"><img loading=\"lazy\" decoding=\"async\" width=\"1600\" height=\"1066\" src=\"https:\/\/estado29.mx\/wp-content\/uploads\/2025\/01\/WhatsApp-Image-2025-01-10-at-9.42.30-AM-1.jpeg\" class=\"attachment-post-thumbnail size-post-thumbnail wp-post-image\" alt=\"\" style=\"object-fit:cover;\" srcset=\"https:\/\/estado29.mx\/wp-content\/uploads\/2025\/01\/WhatsApp-Image-2025-01-10-at-9.42.30-AM-1.jpeg 1600w, https:\/\/estado29.mx\/wp-content\/uploads\/2025\/01\/WhatsApp-Image-2025-01-10-at-9.42.30-AM-1-300x200.jpeg 300w, https:\/\/estado29.mx\/wp-content\/uploads\/2025\/01\/WhatsApp-Image-2025-01-10-at-9.42.30-AM-1-1024x682.jpeg 1024w, https:\/\/estado29.mx\/wp-content\/uploads\/2025\/01\/WhatsApp-Image-2025-01-10-at-9.42.30-AM-1-768x512.jpeg 768w, https:\/\/estado29.mx\/wp-content\/uploads\/2025\/01\/WhatsApp-Image-2025-01-10-at-9.42.30-AM-1-1536x1023.jpeg 1536w, https:\/\/estado29.mx\/wp-content\/uploads\/2025\/01\/WhatsApp-Image-2025-01-10-at-9.42.30-AM-1-750x500.jpeg 750w, https:\/\/estado29.mx\/wp-content\/uploads\/2025\/01\/WhatsApp-Image-2025-01-10-at-9.42.30-AM-1-1140x760.jpeg 1140w\" sizes=\"auto, (max-width: 1600px) 100vw, 1600px\" \/><\/figure>\n\n\n<p>La Presidenta de M\u00e9xico, Claudia Sheinbaum Pardo anunci\u00f3 que enviar\u00e1 un equipo conformado por combatientes de incendios forestales de la Comisi\u00f3n Nacional Forestal (CONAFOR) y de la Secretar\u00eda de la Defensa Nacional (SEDENA) a Estados Unidos, para apoyar en el control del incendio que afecta a Los \u00c1ngeles, California, y que es considerado el m\u00e1s grande en su historia.<\/p>\n\n\n\n<p>\u201cVamos a enviar un equipo de apoyo a Los \u00c1ngeles, un equipo solidario que est\u00e1 conformado por combatientes de incendios forestales de CONAFOR y por equipo del Plan DNIII de la Secretar\u00eda de la Defensa Nacional, est\u00e1n esperando los papeles, sobre todo, que tienen que ver para poder llegar a los Estados Unidos, pero vamos a apoyar, no solamente porque el pueblo y el Gobierno de M\u00e9xico siempre han sido generosos, sino porque adem\u00e1s hay muchos mexicanos en esta zona de los Estados Unidos\u201d, inform\u00f3 desde su conferencia matutina \u201cLas ma\u00f1aneras del pueblo\u201d.<\/p>\n\n\n\n<p>Agreg\u00f3 que el gobierno estadounidense y del estado de California expresaron su agradecimiento y solo espera que avancen los tr\u00e1mites migratorios para que el personal de apoyo pueda llegar a la zona de desastre.<\/p>\n","protected":false},"excerpt":{"rendered":"<p>La Presidenta de M\u00e9xico, Claudia Sheinbaum Pardo anunci\u00f3 que enviar\u00e1 un equipo conformado por combatientes de incendios forestales de la Comisi\u00f3n Nacional Forestal (CONAFOR) y de la Secretar\u00eda de la Defensa Nacional (SEDENA) a Estados Unidos, para apoyar en el control del incendio que afecta a Los \u00c1ngeles, California, y que es considerado el m\u00e1s [&hellip;]<\/p>\n","protected":false},"author":4,"featured_media":92509,"comment_status":"open","ping_status":"open","sticky":false,"template":"","format":"standard","meta":{"om_disable_all_campaigns":false,"_monsterinsights_skip_tracking":false,"_monsterinsights_sitenote_active":false,"_monsterinsights_sitenote_note":"","_monsterinsights_sitenote_category":0,"jnews-multi-image_gallery":[],"jnews_single_post":[],"jnews_primary_category":[],"footnotes":""},"categories":[1],"tags":[],"class_list":["post-92508","post","type-post","status-publish","format-standard","has-post-thumbnail","hentry","category-uncategorized"],"aioseo_notices":[],"_links":{"self":[{"href":"https:\/\/estado29.mx\/index.php?rest_route=\/wp\/v2\/posts\/92508","targetHints":{"allow":["GET"]}}],"collection":[{"href":"https:\/\/estado29.mx\/index.php?rest_route=\/wp\/v2\/posts"}],"about":[{"href":"https:\/\/estado29.mx\/index.php?rest_route=\/wp\/v2\/types\/post"}],"author":[{"embeddable":true,"href":"https:\/\/estado29.mx\/index.php?rest_route=\/wp\/v2\/users\/4"}],"replies":[{"embeddable":true,"href":"https:\/\/estado29.mx\/index.php?rest_route=%2Fwp%2Fv2%2Fcomments&post=92508"}],"version-history":[{"count":1,"href":"https:\/\/estado29.mx\/index.php?rest_route=\/wp\/v2\/posts\/92508\/revisions"}],"predecessor-version":[{"id":92510,"href":"https:\/\/estado29.mx\/index.php?rest_route=\/wp\/v2\/posts\/92508\/revisions\/92510"}],"wp:featuredmedia":[{"embeddable":true,"href":"https:\/\/estado29.mx\/index.php?rest_route=\/wp\/v2\/media\/92509"}],"wp:attachment":[{"href":"https:\/\/estado29.mx\/index.php?rest_route=%2Fwp%2Fv2%2Fmedia&parent=92508"}],"wp:term":[{"taxonomy":"category","embeddable":true,"href":"https:\/\/estado29.mx\/index.php?rest_route=%2Fwp%2Fv2%2Fcategories&post=92508"},{"taxonomy":"post_tag","embeddable":true,"href":"https:\/\/estado29.mx\/index.php?rest_route=%2Fwp%2Fv2%2Ftags&post=92508"}],"curies":[{"name":"wp","href":"https:\/\/api.w.org\/{rel}","templated":true}]}}