{"id":92526,"date":"2025-01-13T20:16:35","date_gmt":"2025-01-13T20:16:35","guid":{"rendered":"https:\/\/estado29.mx\/?p=92526"},"modified":"2025-01-13T20:16:36","modified_gmt":"2025-01-13T20:16:36","slug":"ofrece-smdif-de-ixtenco-servicio-de-traslado-medico-a-pobladores-en-situacion-vulnerable","status":"publish","type":"post","link":"https:\/\/estado29.mx\/?p=92526","title":{"rendered":"Ofrece SMDIF de Ixtenco servicio de traslado m\u00e9dico a pobladores en situaci\u00f3n vulnerable."},"content":{"rendered":"\n<p><\/p>\n\n\n\n<p>El Director del Sistema Municipal para el Desarrollo Integral de la Familia (SMDIF) de Ixtenco, Ra\u00fal Gaspar hace extensa la invitaci\u00f3n a pobladores de este lugar en situaci\u00f3n vulnerable, que requieran alg\u00fan servicio de traslado m\u00e9dico, para que acudan a esta instancia, donde se les proporcionar\u00e1 informaci\u00f3n detallada sobre los requisitos necesarios para aplicar, ya que cuenta con un apoyo dise\u00f1ado para facilitar el acceso a servicios de salud esenciales.<\/p>\n\n\n\n<p><br>Destac\u00f3 que la vigencia para la recepci\u00f3n de documentos ser\u00e1 hasta el 31 de enero del a\u00f1o en curso, en un horario de nueve de la ma\u00f1ana a tres de la tarde, de lunes a viernes, en la direcci\u00f3n Calle 6 Norte, n\u00famero 93, Barrio de Resurrecci\u00f3n 1, en el municipio de Ixtenco.<\/p>\n\n\n\n<p>El director del DIF Municipal, Ra\u00fal Gaspar, dijo que este servicio est\u00e1 destinado exclusivamente a quienes realmente lo necesitan, asegurando as\u00ed, que el beneficio llegue a las personas en situaci\u00f3n de mayor vulnerabilidad.<\/p>\n\n\n\n<p>Por su parte, la presidenta honor\u00edfica del DIF, Alicia Caballero Yonca, afirm\u00f3 que estas acciones tienen como objetivo principal brindar bienestar a las familias que m\u00e1s lo requieren. <\/p>\n\n\n\n<p>Asimismo, enfatiz\u00f3 que estas iniciativas forman parte de las prioridades del gobierno municipal encabezado por Aline Lazo Caballero, reafirmando el compromiso de la administraci\u00f3n con los sectores m\u00e1s desprotegidos.<\/p>\n\n\n<figure class=\"wp-block-post-featured-image\"><img loading=\"lazy\" decoding=\"async\" width=\"2560\" height=\"1653\" src=\"https:\/\/estado29.mx\/wp-content\/uploads\/2023\/12\/IMG_20231113_1339432-scaled.jpg\" class=\"attachment-post-thumbnail size-post-thumbnail wp-post-image\" alt=\"\" style=\"object-fit:cover;\" srcset=\"https:\/\/estado29.mx\/wp-content\/uploads\/2023\/12\/IMG_20231113_1339432-scaled.jpg 2560w, https:\/\/estado29.mx\/wp-content\/uploads\/2023\/12\/IMG_20231113_1339432-300x194.jpg 300w, https:\/\/estado29.mx\/wp-content\/uploads\/2023\/12\/IMG_20231113_1339432-1024x661.jpg 1024w, https:\/\/estado29.mx\/wp-content\/uploads\/2023\/12\/IMG_20231113_1339432-768x496.jpg 768w, https:\/\/estado29.mx\/wp-content\/uploads\/2023\/12\/IMG_20231113_1339432-1536x992.jpg 1536w, https:\/\/estado29.mx\/wp-content\/uploads\/2023\/12\/IMG_20231113_1339432-2048x1323.jpg 2048w, https:\/\/estado29.mx\/wp-content\/uploads\/2023\/12\/IMG_20231113_1339432-750x484.jpg 750w, https:\/\/estado29.mx\/wp-content\/uploads\/2023\/12\/IMG_20231113_1339432-1140x736.jpg 1140w\" sizes=\"auto, (max-width: 2560px) 100vw, 2560px\" \/><\/figure>","protected":false},"excerpt":{"rendered":"<p>El Director del Sistema Municipal para el Desarrollo Integral de la Familia (SMDIF) de Ixtenco, Ra\u00fal Gaspar hace extensa la invitaci\u00f3n a pobladores de este lugar en situaci\u00f3n vulnerable, que requieran alg\u00fan servicio de traslado m\u00e9dico, para que acudan a esta instancia, donde se les proporcionar\u00e1 informaci\u00f3n detallada sobre los requisitos necesarios para aplicar, ya [&hellip;]<\/p>\n","protected":false},"author":7,"featured_media":88617,"comment_status":"open","ping_status":"open","sticky":false,"template":"","format":"standard","meta":{"om_disable_all_campaigns":false,"_monsterinsights_skip_tracking":false,"_monsterinsights_sitenote_active":false,"_monsterinsights_sitenote_note":"","_monsterinsights_sitenote_category":0,"jnews-multi-image_gallery":[],"jnews_single_post":[],"jnews_primary_category":[],"footnotes":""},"categories":[1],"tags":[],"class_list":["post-92526","post","type-post","status-publish","format-standard","has-post-thumbnail","hentry","category-uncategorized"],"aioseo_notices":[],"_links":{"self":[{"href":"https:\/\/estado29.mx\/index.php?rest_route=\/wp\/v2\/posts\/92526","targetHints":{"allow":["GET"]}}],"collection":[{"href":"https:\/\/estado29.mx\/index.php?rest_route=\/wp\/v2\/posts"}],"about":[{"href":"https:\/\/estado29.mx\/index.php?rest_route=\/wp\/v2\/types\/post"}],"author":[{"embeddable":true,"href":"https:\/\/estado29.mx\/index.php?rest_route=\/wp\/v2\/users\/7"}],"replies":[{"embeddable":true,"href":"https:\/\/estado29.mx\/index.php?rest_route=%2Fwp%2Fv2%2Fcomments&post=92526"}],"version-history":[{"count":1,"href":"https:\/\/estado29.mx\/index.php?rest_route=\/wp\/v2\/posts\/92526\/revisions"}],"predecessor-version":[{"id":92527,"href":"https:\/\/estado29.mx\/index.php?rest_route=\/wp\/v2\/posts\/92526\/revisions\/92527"}],"wp:featuredmedia":[{"embeddable":true,"href":"https:\/\/estado29.mx\/index.php?rest_route=\/wp\/v2\/media\/88617"}],"wp:attachment":[{"href":"https:\/\/estado29.mx\/index.php?rest_route=%2Fwp%2Fv2%2Fmedia&parent=92526"}],"wp:term":[{"taxonomy":"category","embeddable":true,"href":"https:\/\/estado29.mx\/index.php?rest_route=%2Fwp%2Fv2%2Fcategories&post=92526"},{"taxonomy":"post_tag","embeddable":true,"href":"https:\/\/estado29.mx\/index.php?rest_route=%2Fwp%2Fv2%2Ftags&post=92526"}],"curies":[{"name":"wp","href":"https:\/\/api.w.org\/{rel}","templated":true}]}}